{"id":5040,"date":"2026-09-01T17:18:09","date_gmt":"2026-09-01T20:18:09","guid":{"rendered":"https:\/\/tveventos.tv.br\/?p=5040"},"modified":"2026-09-01T17:18:10","modified_gmt":"2026-09-01T20:18:10","slug":"sao-paulo-sera-palco-das-melhores-historias","status":"publish","type":"post","link":"https:\/\/tveventos.tv.br\/?p=5040","title":{"rendered":"S\u00e3o Paulo ser\u00e1 palco das melhores hist\u00f3rias"},"content":{"rendered":"\n<p class=\"wp-block-paragraph\"><em>De 4 a 13 de setembro, o Distrito Anhembi recebe a 28\u00aa Bienal Internacional do Livro, com mais de 700 mil visitantes esperados<\/em><\/p>\n\n\n\n<p class=\"wp-block-paragraph\">S\u00e3o Paulo vai virar, mais uma vez, o maior cap\u00edtulo da literatura na Am\u00e9rica Latina. A Bienal Internacional do Livro, o maior evento cultural do g\u00eanero na regi\u00e3o, retorna \u00e0 cidade entre os dias 4 e 13 de setembro. A 28\u00aa edi\u00e7\u00e3o acontece no Distrito Anhembi, em Santana, e promete reunir leitores de todas as idades em torno de uma mesma paix\u00e3o: os livros.<\/p>\n\n\n\n<p class=\"wp-block-paragraph\">Ser\u00e3o dez dias recheados de boas p\u00e1ginas: venda de livros, rodas de conversa, sess\u00f5es de aut\u00f3grafos e muita troca com autores e outros leitores. A expectativa \u00e9 de que o evento vire best-seller de p\u00fablico e receba mais de 700 mil visitantes. Nos dias de semana, o evento funciona das 9h \u00e0s 22h; aos s\u00e1bados, domingos e no feriado, a programa\u00e7\u00e3o come\u00e7a \u00e0s 10h e segue at\u00e9 as 22h. No \u00faltimo dia, domingo (13), o encerramento acontece \u00e0s 21h.<\/p>\n\n\n\n<p class=\"wp-block-paragraph\">Prepare-se para virar as p\u00e1ginas ao lado de grandes nomes da literatura nacional, como Carla Madeira, Socorro Accioli, Concei\u00e7\u00e3o Evaristo, Raphael Montes, Aline Bei e Ana Suy. O elenco internacional tamb\u00e9m promete: Alice Oseman, Elena Armas, Ana Huang e Lesley-Ann Jones est\u00e3o entre os destaques que desembarcam em S\u00e3o Paulo.<\/p>\n\n\n\n<p class=\"wp-block-paragraph\">A Bienal se divide em espa\u00e7os que funcionam como cap\u00edtulos de uma grande narrativa cultural. A Arena Cultural re\u00fane autores, artistas, influenciadores e outras personalidades para falar de literatura, comportamento, sociedade e atualidades, ali n\u00e3o existe espa\u00e7o para a famosa &#8220;ressaca liter\u00e1ria&#8221;. J\u00e1 o Sal\u00e3o de Ideias promove conversas sobre literatura, cultura, educa\u00e7\u00e3o, inova\u00e7\u00e3o, diversidade e sustentabilidade. Para quem trabalha ou estuda na \u00e1rea, o Espa\u00e7o Educa\u00e7\u00e3o \u00e9 dedicado a educadores, gestores, pesquisadores e profissionais do setor, enquanto o Papo de Mercado aborda temas como tecnologia, intelig\u00eancia artificial, marketing, vendas e distribui\u00e7\u00e3o no universo editorial. Completam o roteiro a Alameda dos Artistas, o Espa\u00e7o Podcast, o Espa\u00e7o Influenciadores by Skeelo, o Espa\u00e7o Sa\u00fade e Bem-Estar e o Espa\u00e7o Infantil.<\/p>\n\n\n\n<p class=\"wp-block-paragraph\">A literatura de cordel, o repente e a xilogravura, express\u00f5es genu\u00ednas da cultura popular brasileira, ganham espa\u00e7o de destaque nesta edi\u00e7\u00e3o. O Espa\u00e7o Cordel e Repente reunir\u00e1 autores, artistas e pesquisadores em uma programa\u00e7\u00e3o com lan\u00e7amentos, declama\u00e7\u00f5es, oficinas, conta\u00e7\u00e3o de hist\u00f3rias, m\u00fasica e teatro de bonecos.<\/p>\n\n\n\n<p class=\"wp-block-paragraph\">A Secretaria Municipal de Cultura e Economia Criativa (SMC) tamb\u00e9m escreve seu pr\u00f3prio cap\u00edtulo dentro da Bienal, com uma programa\u00e7\u00e3o gratuita e diversificada que inclui mesas de debate, shows de m\u00fasica popular brasileira, conta\u00e7\u00e3o de hist\u00f3rias, oficinas para fam\u00edlias e saraus de poesia, valorizando a leitura e as bibliotecas p\u00fablicas. A abertura acontece na sexta-feira (04), \u00e0s 11h, com o lan\u00e7amento do projeto &#8220;De M\u00e3o em M\u00e3o&#8221;, uma homenagem a tr\u00eas autoras fundamentais da literatura brasileira: Maria Firmina dos Reis, J\u00falia Lopes de Almeida e Adelina Lopes Vieira. No mesmo dia, o show ac\u00fastico do Crianceiras celebra os 120 anos de Mario Quintana, e Arnaldo Antunes se apresenta dentro do ciclo M\u00fasica Popular na Bienal. Ao longo dos onze dias, o p\u00fablico ainda confere mesas sobre literaturas perif\u00e9ricas, com Andr\u00e9 Augustus Dias e Ferrez; poesia e resist\u00eancia, com Lubi Prates e Neide Almeida; clubes de leitura, com Pat Di Tolvo, Tarso de Melo e Catita; e o papel das bibliotecas na democratiza\u00e7\u00e3o da leitura, com Bel Santos e Dolores Prades. Para o p\u00fablico infantil, h\u00e1 conta\u00e7\u00f5es de hist\u00f3rias, oficinas de bonecas Abayomi e brinquedos de madeira, al\u00e9m de interven\u00e7\u00f5es art\u00edsticas como &#8220;Minhas Hero\u00ednas Negras&#8221; e o show &#8220;Miudinho&#8221;.<\/p>\n\n\n\n<p class=\"wp-block-paragraph\">Este ano, a Espanha assume o papel de Pa\u00eds Convidado de Honra da Bienal. A delega\u00e7\u00e3o chega com mais de 50 autores, m\u00fasica, fotografia e um pavilh\u00e3o de 500 m\u00b2, com mais de 30 atividades que fortalecem os la\u00e7os culturais e editoriais entre Brasil e Espanha.<\/p>\n\n\n\n<p class=\"wp-block-paragraph\">Quem garantir o ingresso online ainda recebe cashback. De segunda a quinta-feira, o ingresso diurno (acesso at\u00e9 16h59) custa R$ 40,00, com cashback de R$ 15,00, e a meia diurno sai por R$ 20,00, com cashback de R$ 7,50; j\u00e1 o ingresso noturno, com acesso a partir das 17h, custa R$ 30,00 com 100% de cashback, e a meia noturno, R$15,00, tamb\u00e9m com 100% de cashback. Na sexta, s\u00e1bado e domingo, o ingresso custa R$42,00, com cashback de R$15,00, e a meia sai por R$21,00, com cashback de R$7,50.<\/p>\n\n\n\n<p class=\"wp-block-paragraph\">Marque a data, prepare a lista de desejos e viva dez dias de imers\u00e3o total no universo dos livros. S\u00e3o Paulo espera por voc\u00ea de 4 a 13 de setembro, no Distrito Anhembi.<\/p>\n\n\n\n<p class=\"wp-block-paragraph\"><strong>SERVI\u00c7O<\/strong><\/p>\n\n\n\n<p class=\"wp-block-paragraph\"><strong>28\u00aa Bienal Internacional do Livro de S\u00e3o Paulo<\/strong>&nbsp;<\/p>\n\n\n\n<p class=\"wp-block-paragraph\">Distrito Anhembi \u2014 Av. Olavo Fontoura, 1209, Santana, S\u00e3o Paulo&nbsp;<\/p>\n\n\n\n<p class=\"wp-block-paragraph\">De 4 a 13 de setembro de 2026<\/p>\n\n\n\n<p class=\"wp-block-paragraph\"><strong>Hor\u00e1rios<\/strong><\/p>\n\n\n\n<ul class=\"wp-block-list\">\n<li>Sexta-feira (04\/09): das 9h \u00e0s 22h, acesso at\u00e9 21h<\/li>\n\n\n\n<li>Segunda a sexta (07 a 11\/09): das 9h \u00e0s 22h, acesso at\u00e9 21h<\/li>\n\n\n\n<li>S\u00e1bados e domingo (05, 06 e 12\/09): das 10h \u00e0s 22h, acesso at\u00e9 21h<\/li>\n\n\n\n<li>\u00daltimo dia \u2014 domingo (13\/09): das 10h \u00e0s 21h, acesso at\u00e9 20h<\/li>\n<\/ul>\n\n\n\n<p class=\"wp-block-paragraph\"><strong>Ingressos<\/strong> (com cashback para compras online)<\/p>\n\n\n\n<p class=\"wp-block-paragraph\"><em>Segunda a quinta-feira<\/em><\/p>\n\n\n\n<ul class=\"wp-block-list\">\n<li>Diurno (at\u00e9 16h59): R$ 40,00 \u2014 cashback de R$ 15,00<\/li>\n\n\n\n<li>Meia diurno: R$ 20,00 \u2014 cashback de R$ 7,50<\/li>\n\n\n\n<li>Noturno (a partir das 17h): R$ 30,00 \u2014 100% de cashback<\/li>\n\n\n\n<li>Meia noturno: R$ 15,00 \u2014 100% de cashback<\/li>\n<\/ul>\n\n\n\n<p class=\"wp-block-paragraph\"><em>Sexta, s\u00e1bado e domingo<\/em><\/p>\n\n\n\n<ul class=\"wp-block-list\">\n<li>Ingresso: R$ 42,00 \u2014 cashback de R$ 15,00<\/li>\n\n\n\n<li>Meia: R$ 21,00 \u2014 cashback de R$ 7,50<\/li>\n<\/ul>\n\n\n\n<p class=\"wp-block-paragraph\"><strong>Compra de ingressos:<\/strong> <a href=\"http:\/\/feverup.com\/m\/660975\">feverup.com\/m\/660975<\/a>&nbsp;<\/p>\n\n\n\n<p class=\"wp-block-paragraph\"><strong>Mais informa\u00e7\u00f5es:<\/strong> <a href=\"http:\/\/bienaldolivrosp.com.br\">bienaldolivrosp.com.br<\/a><\/p>\n","protected":false},"excerpt":{"rendered":"<p>De 4 a 13 de setembro, o Distrito Anhembi recebe a 28\u00aa Bienal Internacional do Livro, com mais de 700 mil visitantes esperados S\u00e3o Paulo vai virar, mais uma vez, o maior cap\u00edtulo da literatura na Am\u00e9rica Latina. A Bienal Internacional do Livro, o maior evento cultural do g\u00eanero na regi\u00e3o, retorna \u00e0 cidade entre [&hellip;]<\/p>\n","protected":false},"author":3,"featured_media":5041,"comment_status":"closed","ping_status":"closed","sticky":false,"template":"","format":"standard","meta":{"footnotes":""},"categories":[1],"tags":[],"class_list":["post-5040","post","type-post","status-publish","format-standard","has-post-thumbnail","hentry","category-workshopsepalestras"],"_links":{"self":[{"href":"https:\/\/tveventos.tv.br\/index.php?rest_route=\/wp\/v2\/posts\/5040","targetHints":{"allow":["GET"]}}],"collection":[{"href":"https:\/\/tveventos.tv.br\/index.php?rest_route=\/wp\/v2\/posts"}],"about":[{"href":"https:\/\/tveventos.tv.br\/index.php?rest_route=\/wp\/v2\/types\/post"}],"author":[{"embeddable":true,"href":"https:\/\/tveventos.tv.br\/index.php?rest_route=\/wp\/v2\/users\/3"}],"replies":[{"embeddable":true,"href":"https:\/\/tveventos.tv.br\/index.php?rest_route=%2Fwp%2Fv2%2Fcomments&post=5040"}],"version-history":[{"count":1,"href":"https:\/\/tveventos.tv.br\/index.php?rest_route=\/wp\/v2\/posts\/5040\/revisions"}],"predecessor-version":[{"id":5042,"href":"https:\/\/tveventos.tv.br\/index.php?rest_route=\/wp\/v2\/posts\/5040\/revisions\/5042"}],"wp:featuredmedia":[{"embeddable":true,"href":"https:\/\/tveventos.tv.br\/index.php?rest_route=\/wp\/v2\/media\/5041"}],"wp:attachment":[{"href":"https:\/\/tveventos.tv.br\/index.php?rest_route=%2Fwp%2Fv2%2Fmedia&parent=5040"}],"wp:term":[{"taxonomy":"category","embeddable":true,"href":"https:\/\/tveventos.tv.br\/index.php?rest_route=%2Fwp%2Fv2%2Fcategories&post=5040"},{"taxonomy":"post_tag","embeddable":true,"href":"https:\/\/tveventos.tv.br\/index.php?rest_route=%2Fwp%2Fv2%2Ftags&post=5040"}],"curies":[{"name":"wp","href":"https:\/\/api.w.org\/{rel}","templated":true}]}}