{"id":528,"date":"2023-11-24T17:54:24","date_gmt":"2023-11-24T20:54:24","guid":{"rendered":"https:\/\/tveventos.tv.br\/?p=528"},"modified":"2023-11-24T17:54:27","modified_gmt":"2023-11-24T20:54:27","slug":"com-valorizacao-de-mais-de-40-nas-acoes-ypf-participa-da-maior-feira-de-tintas-da-america-latina","status":"publish","type":"post","link":"https:\/\/tveventos.tv.br\/?p=528","title":{"rendered":"Com valoriza\u00e7\u00e3o de mais de 40% nas a\u00e7\u00f5es, YPF participa da maior feira de tintas da Am\u00e9rica Latina"},"content":{"rendered":"\n<p><em>Petroleira argentina destacou pontos positivos de sua participa\u00e7\u00e3o na Abrafati Show 2023<\/em><\/p>\n\n\n\n<figure class=\"wp-block-image size-large\"><img loading=\"lazy\" decoding=\"async\" width=\"684\" height=\"1024\" src=\"https:\/\/tveventos.tv.br\/wp-content\/uploads\/2023\/11\/PABLO-LUCHETTA-2-2-684x1024.jpg\" alt=\"\" class=\"wp-image-531\" srcset=\"https:\/\/tveventos.tv.br\/wp-content\/uploads\/2023\/11\/PABLO-LUCHETTA-2-2-684x1024.jpg 684w, https:\/\/tveventos.tv.br\/wp-content\/uploads\/2023\/11\/PABLO-LUCHETTA-2-2-200x300.jpg 200w, https:\/\/tveventos.tv.br\/wp-content\/uploads\/2023\/11\/PABLO-LUCHETTA-2-2-768x1151.jpg 768w, https:\/\/tveventos.tv.br\/wp-content\/uploads\/2023\/11\/PABLO-LUCHETTA-2-2-1025x1536.jpg 1025w, https:\/\/tveventos.tv.br\/wp-content\/uploads\/2023\/11\/PABLO-LUCHETTA-2-2-1367x2048.jpg 1367w, https:\/\/tveventos.tv.br\/wp-content\/uploads\/2023\/11\/PABLO-LUCHETTA-2-2-150x225.jpg 150w, https:\/\/tveventos.tv.br\/wp-content\/uploads\/2023\/11\/PABLO-LUCHETTA-2-2-300x449.jpg 300w, https:\/\/tveventos.tv.br\/wp-content\/uploads\/2023\/11\/PABLO-LUCHETTA-2-2-696x1043.jpg 696w, https:\/\/tveventos.tv.br\/wp-content\/uploads\/2023\/11\/PABLO-LUCHETTA-2-2-1068x1600.jpg 1068w, https:\/\/tveventos.tv.br\/wp-content\/uploads\/2023\/11\/PABLO-LUCHETTA-2-2-1920x2876.jpg 1920w, https:\/\/tveventos.tv.br\/wp-content\/uploads\/2023\/11\/PABLO-LUCHETTA-2-2-scaled.jpg 1709w\" sizes=\"auto, (max-width: 684px) 100vw, 684px\" \/><\/figure>\n\n\n\n<p class=\"has-text-align-center\">Pablo Luchetta, diretor da YPF Brasil<br><em>Divulga\u00e7\u00e3o<\/em><\/p>\n\n\n\n<p>No \u00faltimo final de semana, a Argentina conheceu seu novo presidente; Javier Milei obteve 55% dos votos v\u00e1lidos, vencendo o candidato e atual ministro da economia Sergio Massa. Em toda sua campanha, Milei trouxe ao eleitorado um discurso libert\u00e1rio, visando a dolariza\u00e7\u00e3o da economia argentina e at\u00e9 mesmo um poss\u00edvel fim ao banco central.<\/p>\n\n\n\n<p>Nesse sentido, com falas mais alinhadas ao mercado financeiro, as a\u00e7\u00f5es da YPF na bolsa de Nova York subiram mais de 40% na segunda-feira, 20, ap\u00f3s elei\u00e7\u00e3o. Al\u00e9m do avan\u00e7o acion\u00e1rio, a companhia argentina obteve resultados positivos com sua participa\u00e7\u00e3o na Abrafati Show 2023, maior feira de tintas da Am\u00e9rica Latina.<\/p>\n\n\n\n<p>No evento, o setor qu\u00edmico da empresa foi evidenciado, trazendo as diversas solu\u00e7\u00f5es em solventes e bases de tintas para o mercado brasileiro, al\u00e9m de apresentar um processo de reciclagem de materiais e produtos qu\u00edmicos realizado na matriz argentina.<\/p>\n\n\n\n<p>\u201cFicamos mais perto dos nossos clientes na Abrafati Show deste ano. A YPF Qu\u00edmica est\u00e1 inovando seu processo de atendimento, trazendo um servi\u00e7o customizado para a necessidade de cada consumidor. Al\u00e9m disso, sobre a situa\u00e7\u00e3o pol\u00edtica, as opera\u00e7\u00f5es da YPF aqui no brasil estar\u00e3o garantidas, com todos os servi\u00e7os e a\u00e7\u00f5es que a subsidi\u00e1ria opera nos mais de 20 anos presentes aqui\u201d, comenta Pablo Luchetta, presidente da YPF Brasil.<\/p>\n\n\n\n<p>O evento \u00e9 muito importante para o cen\u00e1rio consumidor de tintas no pa\u00eds, sendo o Brasil um dos cinco maiores principais mercados mundiais do setor, fabricando produtos para diversas aplica\u00e7\u00f5es diferentes, com tecnologia e especifica\u00e7\u00f5es especiais.&nbsp;<\/p>\n\n\n\n<p>Alejandro Seara, gerente comercial da YPF Qu\u00edmica, elencou as novas possibilidades da empresa para 2024. \u201cTemos boas expectativas de seguir crescendo nas diversas partes do Brasil, al\u00e9m disso, temos presen\u00e7a nos mercados do Chile, Peru, Col\u00f4mbia e seguimos em expans\u00e3o nas demais regi\u00f5es da Am\u00e9rica Latina. Tamb\u00e9m temos presen\u00e7a nos EUA e na Europa, seguindo o desenvolvimento nesses lugares\u201d, mencionou.<\/p>\n\n\n\n<p>A YPF \u00e9 detentora de uma das maiores bacias de petr\u00f3leo de xisto do mundo, al\u00e9m de possuir um reservat\u00f3rio de g\u00e1s com capacidade superior a 100 anos de produ\u00e7\u00e3o, isso leva a ind\u00fastria petroqu\u00edmica argentina ter um crescimento exponencial e o mercado brasileiro, naturalmente, recebe os&nbsp; resultados.&nbsp;<\/p>\n\n\n\n<p><strong><em>Sobre a YPF<\/em><\/strong><\/p>\n\n\n\n<p><em>A YPF transforma vidas atrav\u00e9s de energia, uma das maiores empresas produtoras de petr\u00f3leo e g\u00e1s da Am\u00e9rica Latina, sendo a maior empresa Argentina em termos de receita, com 100 anos de hist\u00f3ria e 20.000 colaboradores. Lidera com 54% de market share em lubrificantes no mercado local e soma mais de 1600 postos de combust\u00edveis. Produz, comercializa e distribui produtos de origem petroqu\u00edmica elaborados nos diferentes complexos industriais da YPF QU\u00cdMICA. Os produtos t\u00eam como mercado destino al\u00e9m do segmento qu\u00edmico tamb\u00e9m o industrial e agr\u00edcola da Argentina, Brasil e Am\u00e9rica latina, bem como todo o mundo. A YPF QU\u00cdMICA teve 1.200.000 toneladas vendidas, 1.300.000.000 d\u00f3lares faturados e mais 200 clientes ativos no ano de 2022. Visite o site&nbsp;&nbsp;<\/em><a href=\"http:\/\/www.ypfquimica.com.br\/\" target=\"_blank\" rel=\"noreferrer noopener\"><em>www.ypfquimica.com<\/em><\/a><\/p>\n\n\n\n<p><em>Atua no Brasil desde 1998, possui sede e f\u00e1brica em Diadema-SP, e tem em seu portf\u00f3lio uma linha completa de lubrificantes para autom\u00f3veis sob a marca ELAION, ve\u00edculos pesados e agr\u00edcolas sob a marca EXTRAVIDA, al\u00e9m de graxas e fluidos funcionais. Atrav\u00e9s de seus distribuidores e revendedores, a YPF tem distribui\u00e7\u00e3o em todo pa\u00eds.Visite o site\u00a0<\/em><a href=\"http:\/\/www.ypf.com.br\/\" target=\"_blank\" rel=\"noreferrer noopener\"><em>www.ypf.com.br<\/em><\/a><em>\u00a0 e conhe\u00e7a as redes sociais para saber mais sobre a hist\u00f3ria e nossa linha de produtos.<\/em>\u00a0\u00a0<\/p>\n\n\n\n<p><\/p>\n","protected":false},"excerpt":{"rendered":"<p>Petroleira argentina destacou pontos positivos de sua participa\u00e7\u00e3o na Abrafati Show 2023 Pablo Luchetta, diretor da YPF BrasilDivulga\u00e7\u00e3o No \u00faltimo final de semana, a Argentina conheceu seu novo presidente; Javier Milei obteve 55% dos votos v\u00e1lidos, vencendo o candidato e atual ministro da economia Sergio Massa. Em toda sua campanha, Milei trouxe ao eleitorado um [&hellip;]<\/p>\n","protected":false},"author":2,"featured_media":0,"comment_status":"open","ping_status":"open","sticky":false,"template":"","format":"standard","meta":{"footnotes":""},"categories":[1],"tags":[],"class_list":{"0":"post-528","1":"post","2":"type-post","3":"status-publish","4":"format-standard","6":"category-workshopsepalestras"},"_links":{"self":[{"href":"https:\/\/tveventos.tv.br\/index.php?rest_route=\/wp\/v2\/posts\/528","targetHints":{"allow":["GET"]}}],"collection":[{"href":"https:\/\/tveventos.tv.br\/index.php?rest_route=\/wp\/v2\/posts"}],"about":[{"href":"https:\/\/tveventos.tv.br\/index.php?rest_route=\/wp\/v2\/types\/post"}],"author":[{"embeddable":true,"href":"https:\/\/tveventos.tv.br\/index.php?rest_route=\/wp\/v2\/users\/2"}],"replies":[{"embeddable":true,"href":"https:\/\/tveventos.tv.br\/index.php?rest_route=%2Fwp%2Fv2%2Fcomments&post=528"}],"version-history":[{"count":1,"href":"https:\/\/tveventos.tv.br\/index.php?rest_route=\/wp\/v2\/posts\/528\/revisions"}],"predecessor-version":[{"id":532,"href":"https:\/\/tveventos.tv.br\/index.php?rest_route=\/wp\/v2\/posts\/528\/revisions\/532"}],"wp:attachment":[{"href":"https:\/\/tveventos.tv.br\/index.php?rest_route=%2Fwp%2Fv2%2Fmedia&parent=528"}],"wp:term":[{"taxonomy":"category","embeddable":true,"href":"https:\/\/tveventos.tv.br\/index.php?rest_route=%2Fwp%2Fv2%2Fcategories&post=528"},{"taxonomy":"post_tag","embeddable":true,"href":"https:\/\/tveventos.tv.br\/index.php?rest_route=%2Fwp%2Fv2%2Ftags&post=528"}],"curies":[{"name":"wp","href":"https:\/\/api.w.org\/{rel}","templated":true}]}}