{"id":562,"date":"2023-12-14T14:38:44","date_gmt":"2023-12-14T17:38:44","guid":{"rendered":"https:\/\/tveventos.tv.br\/?p=562"},"modified":"2023-12-14T14:38:47","modified_gmt":"2023-12-14T17:38:47","slug":"abcasa-conquista-quatro-premiacoes-no-premio-caio-2023","status":"publish","type":"post","link":"https:\/\/tveventos.tv.br\/?p=562","title":{"rendered":"ABCasa conquista quatro premia\u00e7\u00f5es no Pr\u00eamio Caio 2023"},"content":{"rendered":"\n<p><em>Conhecida como a &#8220;Noite do Jacar\u00e9&#8221;, a cerim\u00f4nia aconteceu na ter\u00e7a-feira (12\/12), no Expo Center Norte, em S\u00e3o Paulo<\/em><\/p>\n\n\n\n<p>A ABCasa (Associa\u00e7\u00e3o Brasileira de Artigos para a Casa, Decora\u00e7\u00e3o, Presentes, e Utilidades Dom\u00e9sticas), refer\u00eancia na organiza\u00e7\u00e3o de feiras B2B para o setor de decora\u00e7\u00e3o e celebra\u00e7\u00f5es, \u00e9 destaque em mais uma edi\u00e7\u00e3o do Pr\u00eamio Caio. Desta vez, a entidade levou para casa quatro jacar\u00e9s nas categorias: Feira, Exposi\u00e7\u00e3o, Sal\u00e3o e Mostra B2B; Marketing Estrat\u00e9gico para Eventos e Plataformas Digitais.&nbsp;<\/p>\n\n\n\n<p>Conhecido como o &#8220;Oscar dos Eventos&#8221;, desde 1999 a premia\u00e7\u00e3o elege e prestigia as melhores empresas e entidades da Ind\u00fastria Brasileira de Eventos e Turismo, em cerim\u00f4nia realizada no Expo Center Norte, em S\u00e3o Paulo.&nbsp;<\/p>\n\n\n\n<p>O pr\u00eamio destaca a excel\u00eancia da ABCasa em diversas \u00e1reas, desde a organiza\u00e7\u00e3o de feiras at\u00e9 a implementa\u00e7\u00e3o de estrat\u00e9gias de marketing e a utiliza\u00e7\u00e3o de plataformas digitais inovadoras.<\/p>\n\n\n\n<p>Confira a lista de pr\u00eamios que a ABCasa conquistou em 2023:&nbsp;<\/p>\n\n\n\n<ul class=\"wp-block-list\">\n<li><strong>ABCasa Fair Agosto 2022<\/strong>&nbsp;&#8211; 2\u00ba lugar na categoria Feira B2B.<\/li>\n\n\n\n<li><strong>Celebra Show 2023<\/strong>&nbsp;&#8211; 3\u00ba lugar na categoria Marketing Estrat\u00e9gico.<\/li>\n\n\n\n<li><strong>Sistema de Aprova\u00e7\u00e3o ABCasa<\/strong>&nbsp;&#8211; 2\u00ba lugar na categoria Plataformas Digitais.<\/li>\n\n\n\n<li><strong>Vitrine ABCasa<\/strong>&nbsp;&#8211; 3\u00ba lugar na categoria Plataformas Digitais.<\/li>\n<\/ul>\n\n\n\n<p>Anderson Passos, diretor executivo da ABCasa, conta que este reconhecimento \u00e9 de grande import\u00e2ncia para a Associa\u00e7\u00e3o que se empenha em apresentar as melhores feiras de neg\u00f3cios para o setor de casa, decora\u00e7\u00e3o e celebra\u00e7\u00f5es.&nbsp;<\/p>\n\n\n\n<p>&#8220;Receber o segundo lugar na categoria &#8216;Melhor Feira B2B&#8217; no Pr\u00eamio Caio \u00e9 um reconhecimento extraordin\u00e1rio para toda a equipe da ABCasa. Este pr\u00eamio \u00e9 um reflexo do comprometimento, inova\u00e7\u00e3o e dedica\u00e7\u00e3o que investimos em nossos eventos e iniciativas. Estamos honrados por fazer parte desse seleto grupo de premiados e isso nos motiva a continuar elevando o padr\u00e3o e a qualidade de nossas atividades.&#8221;.<\/p>\n\n\n\n<p>Respons\u00e1vel pela organiza\u00e7\u00e3o das feiras ABCasa Fair, feira de neg\u00f3cios B2B de casa e decora\u00e7\u00e3o que acontece duas vezes por ano, e a Celebra Show, feira de neg\u00f3cios para o setor de celebra\u00e7\u00f5es, incluindo natal, festas; eventos sociais, bal\u00f5es, confeitaria, halloween e parques, a entidade \u00e9 caracterizada por sua excel\u00eancia e qualidade dos eventos.<\/p>\n\n\n\n<p><\/p>\n","protected":false},"excerpt":{"rendered":"<p>Conhecida como a &#8220;Noite do Jacar\u00e9&#8221;, a cerim\u00f4nia aconteceu na ter\u00e7a-feira (12\/12), no Expo Center Norte, em S\u00e3o Paulo A ABCasa (Associa\u00e7\u00e3o Brasileira de Artigos para a Casa, Decora\u00e7\u00e3o, Presentes, e Utilidades Dom\u00e9sticas), refer\u00eancia na organiza\u00e7\u00e3o de feiras B2B para o setor de decora\u00e7\u00e3o e celebra\u00e7\u00f5es, \u00e9 destaque em mais uma edi\u00e7\u00e3o do Pr\u00eamio Caio. [&hellip;]<\/p>\n","protected":false},"author":2,"featured_media":564,"comment_status":"open","ping_status":"open","sticky":false,"template":"","format":"standard","meta":{"footnotes":""},"categories":[23],"tags":[],"class_list":{"0":"post-562","1":"post","2":"type-post","3":"status-publish","4":"format-standard","5":"has-post-thumbnail","7":"category-feirasdenegocios"},"_links":{"self":[{"href":"https:\/\/tveventos.tv.br\/index.php?rest_route=\/wp\/v2\/posts\/562","targetHints":{"allow":["GET"]}}],"collection":[{"href":"https:\/\/tveventos.tv.br\/index.php?rest_route=\/wp\/v2\/posts"}],"about":[{"href":"https:\/\/tveventos.tv.br\/index.php?rest_route=\/wp\/v2\/types\/post"}],"author":[{"embeddable":true,"href":"https:\/\/tveventos.tv.br\/index.php?rest_route=\/wp\/v2\/users\/2"}],"replies":[{"embeddable":true,"href":"https:\/\/tveventos.tv.br\/index.php?rest_route=%2Fwp%2Fv2%2Fcomments&post=562"}],"version-history":[{"count":1,"href":"https:\/\/tveventos.tv.br\/index.php?rest_route=\/wp\/v2\/posts\/562\/revisions"}],"predecessor-version":[{"id":565,"href":"https:\/\/tveventos.tv.br\/index.php?rest_route=\/wp\/v2\/posts\/562\/revisions\/565"}],"wp:featuredmedia":[{"embeddable":true,"href":"https:\/\/tveventos.tv.br\/index.php?rest_route=\/wp\/v2\/media\/564"}],"wp:attachment":[{"href":"https:\/\/tveventos.tv.br\/index.php?rest_route=%2Fwp%2Fv2%2Fmedia&parent=562"}],"wp:term":[{"taxonomy":"category","embeddable":true,"href":"https:\/\/tveventos.tv.br\/index.php?rest_route=%2Fwp%2Fv2%2Fcategories&post=562"},{"taxonomy":"post_tag","embeddable":true,"href":"https:\/\/tveventos.tv.br\/index.php?rest_route=%2Fwp%2Fv2%2Ftags&post=562"}],"curies":[{"name":"wp","href":"https:\/\/api.w.org\/{rel}","templated":true}]}}