{"id":567,"date":"2024-01-08T11:52:00","date_gmt":"2024-01-08T14:52:00","guid":{"rendered":"https:\/\/tveventos.tv.br\/?p=567"},"modified":"2024-01-08T11:52:03","modified_gmt":"2024-01-08T14:52:03","slug":"couromoda-latin-america-2024","status":"publish","type":"post","link":"https:\/\/tveventos.tv.br\/?p=567","title":{"rendered":"COUROMODA LATIN AMERICA \u2013 2024"},"content":{"rendered":"\n<p>50\u00aa Feira Internacional de Cal\u00e7ados, Artefatos de Couro e Acess\u00f3rios de Moda<\/p>\n\n\n\n<p>De 22 a 24 de JANEIRO de 2024 (segunda a quarta-feira)<br>Das 09:00 \u00e0s 19:00<br>No Expo Center Norte, em S\u00e3o Paulo\/SP<\/p>\n","protected":false},"excerpt":{"rendered":"<p>50\u00aa Feira Internacional de Cal\u00e7ados, Artefatos de Couro e Acess\u00f3rios de Moda De 22 a 24 de JANEIRO de 2024 (segunda a quarta-feira)Das 09:00 \u00e0s 19:00No Expo Center Norte, em S\u00e3o Paulo\/SP<\/p>\n","protected":false},"author":2,"featured_media":570,"comment_status":"open","ping_status":"open","sticky":true,"template":"","format":"standard","meta":{"footnotes":""},"categories":[25],"tags":[],"class_list":{"0":"post-567","1":"post","2":"type-post","3":"status-publish","4":"format-standard","5":"has-post-thumbnail","7":"category-calendariodeeventos"},"_links":{"self":[{"href":"https:\/\/tveventos.tv.br\/index.php?rest_route=\/wp\/v2\/posts\/567","targetHints":{"allow":["GET"]}}],"collection":[{"href":"https:\/\/tveventos.tv.br\/index.php?rest_route=\/wp\/v2\/posts"}],"about":[{"href":"https:\/\/tveventos.tv.br\/index.php?rest_route=\/wp\/v2\/types\/post"}],"author":[{"embeddable":true,"href":"https:\/\/tveventos.tv.br\/index.php?rest_route=\/wp\/v2\/users\/2"}],"replies":[{"embeddable":true,"href":"https:\/\/tveventos.tv.br\/index.php?rest_route=%2Fwp%2Fv2%2Fcomments&post=567"}],"version-history":[{"count":1,"href":"https:\/\/tveventos.tv.br\/index.php?rest_route=\/wp\/v2\/posts\/567\/revisions"}],"predecessor-version":[{"id":569,"href":"https:\/\/tveventos.tv.br\/index.php?rest_route=\/wp\/v2\/posts\/567\/revisions\/569"}],"wp:featuredmedia":[{"embeddable":true,"href":"https:\/\/tveventos.tv.br\/index.php?rest_route=\/wp\/v2\/media\/570"}],"wp:attachment":[{"href":"https:\/\/tveventos.tv.br\/index.php?rest_route=%2Fwp%2Fv2%2Fmedia&parent=567"}],"wp:term":[{"taxonomy":"category","embeddable":true,"href":"https:\/\/tveventos.tv.br\/index.php?rest_route=%2Fwp%2Fv2%2Fcategories&post=567"},{"taxonomy":"post_tag","embeddable":true,"href":"https:\/\/tveventos.tv.br\/index.php?rest_route=%2Fwp%2Fv2%2Ftags&post=567"}],"curies":[{"name":"wp","href":"https:\/\/api.w.org\/{rel}","templated":true}]}}