{"id":579,"date":"2024-01-10T11:52:17","date_gmt":"2024-01-10T14:52:17","guid":{"rendered":"https:\/\/tveventos.tv.br\/?p=579"},"modified":"2024-01-10T11:52:21","modified_gmt":"2024-01-10T14:52:21","slug":"feira-abimad-feira-brasileira-de-moveis-e-acessorios-de-alta-decoracao","status":"publish","type":"post","link":"https:\/\/tveventos.tv.br\/?p=579","title":{"rendered":"FEIRA ABIMAD &#8211; FEIRA BRASILEIRA DE M\u00d3VEIS E ACESS\u00d3RIOS DE ALTA DECORA\u00c7\u00c3O"},"content":{"rendered":"\n<p><\/p>\n\n\n\n<p>30 Janeiro a 02 de Fevereiro de ter\u00e7a-feira a quinta-feira, das 10h \u00e0s 19h; e sexta-feira das 10h \u00e0s 17h.\u00a0<\/p>\n\n\n\n<p>S\u00e3o Paulo Expo Rod. dos Imigrantes, s\/n Vila \u00c1gua Funda, S\u00e3o Paulo.<\/p>\n","protected":false},"excerpt":{"rendered":"<p>30 Janeiro a 02 de Fevereiro de ter\u00e7a-feira a quinta-feira, das 10h \u00e0s 19h; e sexta-feira das 10h \u00e0s 17h.\u00a0 S\u00e3o Paulo Expo Rod. dos Imigrantes, s\/n Vila \u00c1gua Funda, S\u00e3o Paulo.<\/p>\n","protected":false},"author":2,"featured_media":580,"comment_status":"open","ping_status":"open","sticky":false,"template":"","format":"standard","meta":{"footnotes":""},"categories":[25],"tags":[],"class_list":{"0":"post-579","1":"post","2":"type-post","3":"status-publish","4":"format-standard","5":"has-post-thumbnail","7":"category-calendariodeeventos"},"_links":{"self":[{"href":"https:\/\/tveventos.tv.br\/index.php?rest_route=\/wp\/v2\/posts\/579","targetHints":{"allow":["GET"]}}],"collection":[{"href":"https:\/\/tveventos.tv.br\/index.php?rest_route=\/wp\/v2\/posts"}],"about":[{"href":"https:\/\/tveventos.tv.br\/index.php?rest_route=\/wp\/v2\/types\/post"}],"author":[{"embeddable":true,"href":"https:\/\/tveventos.tv.br\/index.php?rest_route=\/wp\/v2\/users\/2"}],"replies":[{"embeddable":true,"href":"https:\/\/tveventos.tv.br\/index.php?rest_route=%2Fwp%2Fv2%2Fcomments&post=579"}],"version-history":[{"count":1,"href":"https:\/\/tveventos.tv.br\/index.php?rest_route=\/wp\/v2\/posts\/579\/revisions"}],"predecessor-version":[{"id":581,"href":"https:\/\/tveventos.tv.br\/index.php?rest_route=\/wp\/v2\/posts\/579\/revisions\/581"}],"wp:featuredmedia":[{"embeddable":true,"href":"https:\/\/tveventos.tv.br\/index.php?rest_route=\/wp\/v2\/media\/580"}],"wp:attachment":[{"href":"https:\/\/tveventos.tv.br\/index.php?rest_route=%2Fwp%2Fv2%2Fmedia&parent=579"}],"wp:term":[{"taxonomy":"category","embeddable":true,"href":"https:\/\/tveventos.tv.br\/index.php?rest_route=%2Fwp%2Fv2%2Fcategories&post=579"},{"taxonomy":"post_tag","embeddable":true,"href":"https:\/\/tveventos.tv.br\/index.php?rest_route=%2Fwp%2Fv2%2Ftags&post=579"}],"curies":[{"name":"wp","href":"https:\/\/api.w.org\/{rel}","templated":true}]}}