{"id":587,"date":"2024-01-11T12:49:18","date_gmt":"2024-01-11T15:49:18","guid":{"rendered":"https:\/\/tveventos.tv.br\/?p=587"},"modified":"2024-01-11T12:49:23","modified_gmt":"2024-01-11T15:49:23","slug":"expo-mel-brasil-divulga-sua-agenda-do-primeiro-semestre-de-2024","status":"publish","type":"post","link":"https:\/\/tveventos.tv.br\/?p=587","title":{"rendered":"Expo Mel Brasil divulga sua agenda do primeiro semestre de 2024"},"content":{"rendered":"\n<p><em>A primeira edi\u00e7\u00e3o j\u00e1 acontece em 21 de janeiro, na Pra\u00e7a Oswaldo Cruz localizada na Avenida Paulista, e ter\u00e1 produtos das mais diversas regi\u00f5es brasileiras<\/em><\/p>\n\n\n\n<p>A Expo Mel Brasil, evento promovido pela ONG Ajude o Pantanal Oficial que \u00e9 voltado para produtores que atuam em prol em prol da Apicultura e Meliponicultura de diferentes regi\u00f5es do Brasil, divulga sua agenda para o primeiro semestre de 2024. A primeira edi\u00e7\u00e3o j\u00e1 ser\u00e1 em 21 de janeiro, domingo, das 11h \u00e0s 17h, localizada na Pra\u00e7a Oswaldo Cruz, logo no in\u00edcio da Avenida Paulista.<\/p>\n\n\n\n<p>Com o objetivo de fornecer um espa\u00e7o no qual apicultores, produtores, pesquisadores e empresas do setor possam se reunir e interagir, teve sua primeira edi\u00e7\u00e3o em novembro de 2023 e agora j\u00e1 est\u00e1 com agenda confirmada para os dias 25 de fevereiro, 10 de mar\u00e7o, 14 de abril, 5 de maio e 9 de junho, al\u00e9m da que ser\u00e1 neste m\u00eas.<\/p>\n\n\n\n<p>A Expo Mel Brasil re\u00fane empreendedores dos mais diversos segmentos e de regi\u00f5es do Brasil e tem entrada gratuita, classifica\u00e7\u00e3o livre e pet friendly. Al\u00e9m disso, em todas elas h\u00e1 sempre uma a\u00e7\u00e3o social envolvida.<\/p>\n\n\n\n<p>A Pra\u00e7a Oswaldo Cruz est\u00e1 localizada a 300m do metr\u00f4 Brigadeiro (linha verde). Mais informa\u00e7\u00f5es podem ser encontradas no Instagram oficial&nbsp;<a href=\"https:\/\/www.instagram.com\/expomelbrasil\/\" target=\"_blank\" rel=\"noreferrer noopener\">Expo Mel Brasil<\/a>.<\/p>\n\n\n\n<p>Datas: 21\/01, 25\/02, 10\/03, 14\/04, 05\/05 e 9\/6 das 11h \u00e0s 17h, na Pra\u00e7a Oswaldo Cruz \u2013 Para\u00edso \u2013 S\u00e3o Paulo (SP).<\/p>\n","protected":false},"excerpt":{"rendered":"<p>A primeira edi\u00e7\u00e3o j\u00e1 acontece em 21 de janeiro, na Pra\u00e7a Oswaldo Cruz localizada na Avenida Paulista, e ter\u00e1 produtos das mais diversas regi\u00f5es brasileiras A Expo Mel Brasil, evento promovido pela ONG Ajude o Pantanal Oficial que \u00e9 voltado para produtores que atuam em prol em prol da Apicultura e Meliponicultura de diferentes regi\u00f5es [&hellip;]<\/p>\n","protected":false},"author":2,"featured_media":588,"comment_status":"open","ping_status":"open","sticky":false,"template":"","format":"standard","meta":{"footnotes":""},"categories":[25],"tags":[],"class_list":{"0":"post-587","1":"post","2":"type-post","3":"status-publish","4":"format-standard","5":"has-post-thumbnail","7":"category-calendariodeeventos"},"_links":{"self":[{"href":"https:\/\/tveventos.tv.br\/index.php?rest_route=\/wp\/v2\/posts\/587","targetHints":{"allow":["GET"]}}],"collection":[{"href":"https:\/\/tveventos.tv.br\/index.php?rest_route=\/wp\/v2\/posts"}],"about":[{"href":"https:\/\/tveventos.tv.br\/index.php?rest_route=\/wp\/v2\/types\/post"}],"author":[{"embeddable":true,"href":"https:\/\/tveventos.tv.br\/index.php?rest_route=\/wp\/v2\/users\/2"}],"replies":[{"embeddable":true,"href":"https:\/\/tveventos.tv.br\/index.php?rest_route=%2Fwp%2Fv2%2Fcomments&post=587"}],"version-history":[{"count":1,"href":"https:\/\/tveventos.tv.br\/index.php?rest_route=\/wp\/v2\/posts\/587\/revisions"}],"predecessor-version":[{"id":589,"href":"https:\/\/tveventos.tv.br\/index.php?rest_route=\/wp\/v2\/posts\/587\/revisions\/589"}],"wp:featuredmedia":[{"embeddable":true,"href":"https:\/\/tveventos.tv.br\/index.php?rest_route=\/wp\/v2\/media\/588"}],"wp:attachment":[{"href":"https:\/\/tveventos.tv.br\/index.php?rest_route=%2Fwp%2Fv2%2Fmedia&parent=587"}],"wp:term":[{"taxonomy":"category","embeddable":true,"href":"https:\/\/tveventos.tv.br\/index.php?rest_route=%2Fwp%2Fv2%2Fcategories&post=587"},{"taxonomy":"post_tag","embeddable":true,"href":"https:\/\/tveventos.tv.br\/index.php?rest_route=%2Fwp%2Fv2%2Ftags&post=587"}],"curies":[{"name":"wp","href":"https:\/\/api.w.org\/{rel}","templated":true}]}}