{"id":590,"date":"2024-01-11T12:59:09","date_gmt":"2024-01-11T15:59:09","guid":{"rendered":"https:\/\/tveventos.tv.br\/?p=590"},"modified":"2024-01-11T12:59:13","modified_gmt":"2024-01-11T15:59:13","slug":"12a-edicao-da-abcasa-fair-apresenta-as-tendencias-de-casa-e-decoracao-para-2024","status":"publish","type":"post","link":"https:\/\/tveventos.tv.br\/?p=590","title":{"rendered":"12\u00aa Edi\u00e7\u00e3o da ABCASA FAIR apresenta as tend\u00eancias de Casa e Decora\u00e7\u00e3o para 2024"},"content":{"rendered":"\n<p><em>Al\u00e9m da cor do ano, linhas org\u00e2nicas e o uso de produtos sustent\u00e1veis est\u00e3o entre as principais tend\u00eancias o pr\u00f3ximo ano<\/em><\/p>\n\n\n\n<p>Com a crescente busca do mercado por novidades e lan\u00e7amentos, a 12\u00aa edi\u00e7\u00e3o da&nbsp;<a href=\"http:\/\/www.abcasafair.com.br\/\" target=\"_blank\" rel=\"noreferrer noopener\">ABCasa Fair<\/a>&nbsp;se destaca como o epicentro das inova\u00e7\u00f5es no universo de casa e decora\u00e7\u00e3o.<\/p>\n\n\n\n<p>Marcada para os dias 04 a 07 de fevereiro de 2024, no Expo Center Norte, em S\u00e3o Paulo (SP), a feira promete apresentar as mais recentes tend\u00eancias para inspirar e suprir as demandas das lojas e profissionais que atendem consumidores \u00e1vidos por renova\u00e7\u00f5es em seus lares.<\/p>\n\n\n\n<p>O evento espera receber mais de 50 mil visitantes, entre compradores, profissionais do setor e lojistas de todo o Brasil e exterior. Novamente, todos os olhares estar\u00e3o voltados para as tend\u00eancias que ser\u00e3o apresentadas pelos expositores &#8211; que, por sua vez, est\u00e3o atentos a tudo o que acontece no mundo da decora\u00e7\u00e3o, a fim de oferecer o melhor aos visitantes.<\/p>\n\n\n\n<p>A seguir, confira algumas das principais tend\u00eancias de casa e decora\u00e7\u00e3o para 2024:<\/p>\n\n\n\n<p><strong><u>Cor do Ano<\/u><\/strong><\/p>\n\n\n\n<p>Todos os anos, as aten\u00e7\u00f5es do mundo inteiro se voltam para a PANTONE, que \u00e9 considerada uma das principais autoridades em cores no mundo &#8211; e com o setor de casa e decora\u00e7\u00e3o brasileiro n\u00e3o seria diferente. Recentemente, a empresa anunciou a sua escolha para a cor do ano de 2024: a Peach Fuzz, que deve ganhar destaque nessa temporada.<\/p>\n\n\n\n<p>Segundo descri\u00e7\u00e3o da pr\u00f3pria&nbsp;<a href=\"https:\/\/www.pantone.com.br\/cor-do-ano-2024\/\" target=\"_blank\" rel=\"noreferrer noopener\">PANTONE<\/a>, a Peach Fuzz \u00e9 um tom de p\u00eassego gentil e aveludado com uma aura cativante que enriquece a mente, corpo e esp\u00edrito. Para a decora\u00e7\u00e3o de casa e interiores, a cor PANTONE 13-1023 Peach Fuzz cria um ambiente de boas-vindas, transmitindo sensa\u00e7\u00f5es de suavidade e conforto.<\/p>\n\n\n\n<p><strong><u>Produtos sustent\u00e1veis<\/u><\/strong><\/p>\n\n\n\n<p>Em um ano em que o Brasil deve ter um ver\u00e3o de temperaturas acima da m\u00e9dia na maior parte do pa\u00eds, segundo previs\u00e3o da&nbsp;<a href=\"https:\/\/metsul.com\/primavera-de-calor-extremo-e-sinal-de-verao-ainda-mais-quente-no-brasil\/#:~:text=A%20previs%C3%A3o%20da%20MetSul%20Meteorologia,parte%20do%20Brasil%20em%202024.\" target=\"_blank\" rel=\"noreferrer noopener\">MetSul Meteorologia<\/a>, \u00e9 preciso investir na composi\u00e7\u00e3o de ambientes que remetem ao frescor da natureza e apontem para a necessidade de consci\u00eancia ambiental.<\/p>\n\n\n\n<p>A ABCasa Fair conta com expositores que utilizam rattan em seus m\u00f3veis, por exemplo, planta que tem um poder de crescimento muito r\u00e1pido &#8211; cerca de 1 metro por m\u00eas.<\/p>\n\n\n\n<p>Al\u00e9m de possuir belas folhagens quando est\u00e1 na natureza, o rattan se decomp\u00f5e em poucos anos, pois \u00e9 altamente absorvido pelo ambiente. Ou seja, com todos os seus atributos, trata-se de um produto bem-quisto e que, por isso, deve ganhar destaque na decora\u00e7\u00e3o sustent\u00e1vel. Objetivos feitos de bambu tamb\u00e9m est\u00e3o entre os mais desejados.<\/p>\n\n\n\n<p><strong><u>Linhas org\u00e2nicas<\/u><\/strong><\/p>\n\n\n\n<p>Na 12\u00aa edi\u00e7\u00e3o da ABCasa Fair, os produtos com linhas org\u00e2nicas devem \u201cvir com tudo\u201d. Uma tend\u00eancia que tamb\u00e9m nos convida para as formas livres da natureza, em contraposi\u00e7\u00e3o com a simetria que, por vezes, pode remeter a sensa\u00e7\u00f5es de rigidez. Anderson Passos, diretor-executivo da Associa\u00e7\u00e3o Brasileira de Artigos para Casa, Decora\u00e7\u00e3o, Presentes, Utilidades Dom\u00e9sticas, Festas e Flores (ABCasa), respons\u00e1vel pela organiza\u00e7\u00e3o da feira, destaca que a pr\u00f3xima edi\u00e7\u00e3o deve trazer estas e outras tend\u00eancias de casa e decora\u00e7\u00e3o.<\/p>\n\n\n\n<p>\u201cDurante o evento os visitantes poder\u00e3o conferir as principais tend\u00eancias para 2024. Ser\u00e3o mais de 400 expositores entre os segmentos de decora\u00e7\u00e3o, UD (Utilidades Dom\u00e9sticas), t\u00eaxtil, presentes e papelaria criativa, flores permanentes, festas, al\u00e9m das arenas de conte\u00fado com palestras de profissionais renomados do setor\u201d, revela Passos.<\/p>\n\n\n\n<p><a href=\"https:\/\/abcasa.org.br\/\" target=\"_blank\" rel=\"noreferrer noopener\"><strong>Sobre a ABCasa<\/strong><\/a><\/p>\n\n\n\n<p>A ABCasa &#8211; Associa\u00e7\u00e3o Brasileira de Artigos para a Casa, Decora\u00e7\u00e3o, Presentes, Utilidades Dom\u00e9sticas, Festas, Flores e T\u00eaxtil &#8211; \u00e9 uma entidade sem fins lucrativos, que se constitui como a mais representativa do setor. Seu objetivo principal \u00e9 fortalecer o segmento e criar uma base de relacionamento entre empresas, entidades de classe, fornecedores, distribuidores, importadoras e profissionais.<\/p>\n\n\n\n<p>Com mais de 650 associados, a organiza\u00e7\u00e3o auxilia na matura\u00e7\u00e3o do mercado de artigos para a casa e celebra\u00e7\u00e3o, oferecendo conte\u00fados, estudos setoriais e organizando eventos importantes que geram excelentes oportunidades de neg\u00f3cios aos associados.<\/p>\n\n\n\n<p><a href=\"https:\/\/abcasafair.com.br\/\" target=\"_blank\" rel=\"noreferrer noopener\"><strong>Sobre ABCasa Fair<\/strong><\/a><\/p>\n\n\n\n<p>Organizada e realizada pela ABCasa \u2013 Associa\u00e7\u00e3o Brasileira de artigos para casa, decora\u00e7\u00e3o, presente criativos, papelaria, utilidades dom\u00e9sticas, festas, flores e t\u00eaxteis para o lar \u2013, a ABCasa Fair \u00e9 uma feira B2B (business-to-business) que congrega lideran\u00e7as de neg\u00f3cios do setor para alcan\u00e7ar o que h\u00e1 de melhor em artigos para casa, presentes e festas. O evento tem a miss\u00e3o de transformar o mercado de modo sustent\u00e1vel, competitivo e inovador.<\/p>\n","protected":false},"excerpt":{"rendered":"<p>Al\u00e9m da cor do ano, linhas org\u00e2nicas e o uso de produtos sustent\u00e1veis est\u00e3o entre as principais tend\u00eancias o pr\u00f3ximo ano Com a crescente busca do mercado por novidades e lan\u00e7amentos, a 12\u00aa edi\u00e7\u00e3o da&nbsp;ABCasa Fair&nbsp;se destaca como o epicentro das inova\u00e7\u00f5es no universo de casa e decora\u00e7\u00e3o. Marcada para os dias 04 a 07 [&hellip;]<\/p>\n","protected":false},"author":2,"featured_media":591,"comment_status":"open","ping_status":"open","sticky":false,"template":"","format":"standard","meta":{"footnotes":""},"categories":[1],"tags":[],"class_list":{"0":"post-590","1":"post","2":"type-post","3":"status-publish","4":"format-standard","5":"has-post-thumbnail","7":"category-workshopsepalestras"},"_links":{"self":[{"href":"https:\/\/tveventos.tv.br\/index.php?rest_route=\/wp\/v2\/posts\/590","targetHints":{"allow":["GET"]}}],"collection":[{"href":"https:\/\/tveventos.tv.br\/index.php?rest_route=\/wp\/v2\/posts"}],"about":[{"href":"https:\/\/tveventos.tv.br\/index.php?rest_route=\/wp\/v2\/types\/post"}],"author":[{"embeddable":true,"href":"https:\/\/tveventos.tv.br\/index.php?rest_route=\/wp\/v2\/users\/2"}],"replies":[{"embeddable":true,"href":"https:\/\/tveventos.tv.br\/index.php?rest_route=%2Fwp%2Fv2%2Fcomments&post=590"}],"version-history":[{"count":1,"href":"https:\/\/tveventos.tv.br\/index.php?rest_route=\/wp\/v2\/posts\/590\/revisions"}],"predecessor-version":[{"id":592,"href":"https:\/\/tveventos.tv.br\/index.php?rest_route=\/wp\/v2\/posts\/590\/revisions\/592"}],"wp:featuredmedia":[{"embeddable":true,"href":"https:\/\/tveventos.tv.br\/index.php?rest_route=\/wp\/v2\/media\/591"}],"wp:attachment":[{"href":"https:\/\/tveventos.tv.br\/index.php?rest_route=%2Fwp%2Fv2%2Fmedia&parent=590"}],"wp:term":[{"taxonomy":"category","embeddable":true,"href":"https:\/\/tveventos.tv.br\/index.php?rest_route=%2Fwp%2Fv2%2Fcategories&post=590"},{"taxonomy":"post_tag","embeddable":true,"href":"https:\/\/tveventos.tv.br\/index.php?rest_route=%2Fwp%2Fv2%2Ftags&post=590"}],"curies":[{"name":"wp","href":"https:\/\/api.w.org\/{rel}","templated":true}]}}