{"id":594,"date":"2024-01-15T10:34:10","date_gmt":"2024-01-15T13:34:10","guid":{"rendered":"https:\/\/tveventos.tv.br\/?p=594"},"modified":"2024-01-15T10:34:13","modified_gmt":"2024-01-15T13:34:13","slug":"abimad-apresenta-destaques-da-sua-37a-edicao","status":"publish","type":"post","link":"https:\/\/tveventos.tv.br\/?p=594","title":{"rendered":"ABIMAD apresenta destaques da sua 37\u00aa edi\u00e7\u00e3o"},"content":{"rendered":"\n<p>Considerada a principal feira de m\u00f3veis e acess\u00f3rios de alta decora\u00e7\u00e3o da Am\u00e9rica Latina e \u00fanica do setor focada em neg\u00f3cios, a&nbsp;<strong>Associa\u00e7\u00e3o Brasileira das Ind\u00fastrias de M\u00f3veis de Alta Decora\u00e7\u00e3o<\/strong>&nbsp;volta ao S\u00e3o Paulo Expo com a 37\u00aa edi\u00e7\u00e3o da&nbsp;<strong>ABIMAD<\/strong>. Neg\u00f3cios, design e inspira\u00e7\u00e3o, a Feira ir\u00e1 reunir os maiores nomes da ind\u00fastria de mobili\u00e1rio, acess\u00f3rios e artigos de alta decora\u00e7\u00e3o para apresentar as novidades e as principais tend\u00eancias que ir\u00e3o nortear o mercado neste 1\u00ba semestre.<\/p>\n\n\n\n<p>A&nbsp;<strong>ABIMAD&#8217;37<\/strong>&nbsp;acontece entre os dias&nbsp;<strong>30<\/strong>&nbsp;de&nbsp;<strong>janeiro<\/strong>&nbsp;e&nbsp;<strong>02<\/strong>&nbsp;de&nbsp;<strong>fevereiro<\/strong>, com mais de&nbsp;<strong>138 expositores<\/strong>&nbsp;distribu\u00eddos em uma \u00e1rea de&nbsp;<strong>43 mil m\u00b2<\/strong>&nbsp;e expectativa de receber mais de&nbsp;<strong>20 mil visitantes<\/strong>. Sucesso na \u00faltima edi\u00e7\u00e3o da ABIMAD,&nbsp;<strong>L\u00e9o Shehtman<\/strong>&nbsp;assina mais uma vez o lounge para clientes VIP.<\/p>\n\n\n\n<p>A sala da imprensa ter\u00e1 a curadoria da revista&nbsp;<strong>Casa e Jardim<\/strong>&nbsp;e o Best in Show contar\u00e1 com as pe\u00e7as selecionadas por&nbsp;<strong>Thais Lauton<\/strong>, diretora de reda\u00e7\u00e3o da revista. J\u00e1 o lounge internacional trar\u00e1 como novidade ambienta\u00e7\u00e3o feita pela produtora de decora\u00e7\u00e3o&nbsp;<strong>D\u00e9bora Goichman Caruso<\/strong>.<\/p>\n\n\n\n<p>A ABIMAD cria oportunidades para os associados apresentarem seus produtos, com projetos de ambientes comuns que estar\u00e3o contemplados na SALA VIP, onde clientes VIPs nacionais s\u00e3o recepcionados, assim como a Sala de Imprensa e Lounge Internacional, que recebem respectivamente jornalistas e compradores de outros pa\u00edses. Nessa edi\u00e7\u00e3o, a ABIMAD receber\u00e1 mais de 1000 convidados VIPs, nacionais e internacionais.<\/p>\n\n\n\n<p>A sala VIP contar\u00e1 com parceiros como a Sol Studio, Century, Iummi, Maisofa, Corbelli, Salva, Via Star, Uultis, Bias\u00e1, Linee, Quadrum &amp; Art, De Lavie Decor e Marcos Quintas.<\/p>\n\n\n\n<p>Outro atrativo s\u00e3o as rodadas de neg\u00f3cios internacionais promovidas pelo&nbsp;<strong>ABIMAD Export<\/strong>, projeto de fomento \u00e0 exporta\u00e7\u00e3o, junto com o selo \u2018Quality for Export\u2019 de capacita\u00e7\u00e3o das empresas associadas para o mercado internacional, que este ano re\u00fane 60 associados. Al\u00e9m disso, receber\u00e1 50 importadores convidados como VIPs e outros 100 importadores credenciados voluntariamente, provenientes de 23 pa\u00edses &#8211; Estados Unidos da Am\u00e9rica, M\u00e9xico, Canad\u00e1, Espanha, Ar\u00e1bia Saudita, Angola, Mo\u00e7ambique, Costa Rica, Guatemala, Honduras, Nicar\u00e1gua, Panam\u00e1, Rep\u00fablica Dominicana, Porto Rico, Chile, Bol\u00edvia, Col\u00f4mbia, Equador, Paraguai, Peru, Uruguai, Venezuela e Argentina.&nbsp;<\/p>\n\n\n\n<p><strong>Servi\u00e7o<\/strong><\/p>\n\n\n\n<p><strong>Feira ABIMAD<\/strong>&nbsp;&#8211; Feira Brasileira de M\u00f3veis e Acess\u00f3rios de Alta Decora\u00e7\u00e3o<\/p>\n\n\n\n<p><strong>Data:&nbsp;<\/strong>30 de janeiro a 02 de fevereiro de 2024<\/p>\n\n\n\n<p><strong>Local:&nbsp;<\/strong>S\u00e3o Paulo Expo &#8211; Rod. dos Imigrantes, s\/n. Vila \u00c1gua Funda, S\u00e3o Paulo &#8211; SP<\/p>\n\n\n\n<p><strong>Mais Informa\u00e7\u00f5es:&nbsp;<\/strong><a href=\"http:\/\/www.abimad.com.br\/\" target=\"_blank\" rel=\"noreferrer noopener\">www.abimad.com.br<\/a><\/p>\n","protected":false},"excerpt":{"rendered":"<p>Considerada a principal feira de m\u00f3veis e acess\u00f3rios de alta decora\u00e7\u00e3o da Am\u00e9rica Latina e \u00fanica do setor focada em neg\u00f3cios, a&nbsp;Associa\u00e7\u00e3o Brasileira das Ind\u00fastrias de M\u00f3veis de Alta Decora\u00e7\u00e3o&nbsp;volta ao S\u00e3o Paulo Expo com a 37\u00aa edi\u00e7\u00e3o da&nbsp;ABIMAD. Neg\u00f3cios, design e inspira\u00e7\u00e3o, a Feira ir\u00e1 reunir os maiores nomes da ind\u00fastria de mobili\u00e1rio, acess\u00f3rios [&hellip;]<\/p>\n","protected":false},"author":2,"featured_media":595,"comment_status":"open","ping_status":"open","sticky":false,"template":"","format":"standard","meta":{"footnotes":""},"categories":[1],"tags":[],"class_list":{"0":"post-594","1":"post","2":"type-post","3":"status-publish","4":"format-standard","5":"has-post-thumbnail","7":"category-workshopsepalestras"},"_links":{"self":[{"href":"https:\/\/tveventos.tv.br\/index.php?rest_route=\/wp\/v2\/posts\/594","targetHints":{"allow":["GET"]}}],"collection":[{"href":"https:\/\/tveventos.tv.br\/index.php?rest_route=\/wp\/v2\/posts"}],"about":[{"href":"https:\/\/tveventos.tv.br\/index.php?rest_route=\/wp\/v2\/types\/post"}],"author":[{"embeddable":true,"href":"https:\/\/tveventos.tv.br\/index.php?rest_route=\/wp\/v2\/users\/2"}],"replies":[{"embeddable":true,"href":"https:\/\/tveventos.tv.br\/index.php?rest_route=%2Fwp%2Fv2%2Fcomments&post=594"}],"version-history":[{"count":1,"href":"https:\/\/tveventos.tv.br\/index.php?rest_route=\/wp\/v2\/posts\/594\/revisions"}],"predecessor-version":[{"id":596,"href":"https:\/\/tveventos.tv.br\/index.php?rest_route=\/wp\/v2\/posts\/594\/revisions\/596"}],"wp:featuredmedia":[{"embeddable":true,"href":"https:\/\/tveventos.tv.br\/index.php?rest_route=\/wp\/v2\/media\/595"}],"wp:attachment":[{"href":"https:\/\/tveventos.tv.br\/index.php?rest_route=%2Fwp%2Fv2%2Fmedia&parent=594"}],"wp:term":[{"taxonomy":"category","embeddable":true,"href":"https:\/\/tveventos.tv.br\/index.php?rest_route=%2Fwp%2Fv2%2Fcategories&post=594"},{"taxonomy":"post_tag","embeddable":true,"href":"https:\/\/tveventos.tv.br\/index.php?rest_route=%2Fwp%2Fv2%2Ftags&post=594"}],"curies":[{"name":"wp","href":"https:\/\/api.w.org\/{rel}","templated":true}]}}