{"id":597,"date":"2024-01-15T16:23:13","date_gmt":"2024-01-15T19:23:13","guid":{"rendered":"https:\/\/tveventos.tv.br\/?p=597"},"modified":"2024-01-15T16:23:17","modified_gmt":"2024-01-15T19:23:17","slug":"feicon-abre-credenciamento-para-edicao-2024-com-aumento-de-31-no-numero-de-expositores","status":"publish","type":"post","link":"https:\/\/tveventos.tv.br\/?p=597","title":{"rendered":"FEICON abre credenciamento para edi\u00e7\u00e3o 2024 com aumento de 31% no n\u00famero de expositores"},"content":{"rendered":"\n<p><em>Macrossetor de acabamentos apresentar\u00e1 maior n\u00famero de empresas participantes com crescimento de 15% em compara\u00e7\u00e3o a 2023; inscri\u00e7\u00f5es para o evento s\u00e3o on-line e gratuitas<\/em><\/p>\n\n\n\n<p>S\u00e3o Paulo, janeiro de 2024 <strong>\u2013\u00a0<\/strong>Varejistas, construtores, engenheiros, arquitetos e todos os profissionais ligados \u00e0 ind\u00fastria de constru\u00e7\u00e3o civil j\u00e1 podem garantir participa\u00e7\u00e3o na\u00a0<a href=\"http:\/\/www.feicon.com.br\/\" target=\"_blank\" rel=\"noreferrer noopener\">FEICON 2024<\/a>. A\u00a0<a href=\"https:\/\/rxglobal.com\/rx-brazil\" target=\"_blank\" rel=\"noreferrer noopener\">RX<\/a>, promotora e organizadora do evento, uma das refer\u00eancias do setor para a Am\u00e9rica Latina, iniciou o credenciamento na segunda-feira (15). As inscri\u00e7\u00f5es devem ser feitas pelo site do evento e s\u00e3o gratuitas para os profissionais do mercado. A 28\u00aa edi\u00e7\u00e3o acontece entre 2 e 5 de abril, no S\u00e3o Paulo Expo (SP), em S\u00e3o Paulo.<\/p>\n\n\n\n<p>A FEICON segue fortalecendo seu papel como encontro estrat\u00e9gico para o lan\u00e7amento de produtos, servi\u00e7os e tecnologias que impulsionam novos neg\u00f3cios relacionamentos e parcerias para estimular a movimenta\u00e7\u00e3o do mercado durante o ano todo. Al\u00e9m disso, o evento tamb\u00e9m \u00e9 refer\u00eancia para a atualiza\u00e7\u00e3o profissional em diversos segmentos da ind\u00fastria. Apenas na edi\u00e7\u00e3o 2023 foram registradas mais de 1000 marcas expositoras, mil visitantes e 200 horas de conte\u00fados simult\u00e2neos.<\/p>\n\n\n\n<p>Para este ano, a organiza\u00e7\u00e3o revela que a feira estar\u00e1 maior, com aumento de 31% no n\u00famero de expositores. Destaca-se nesse sentido, os 15% a mais de empresas de acabamentos, tendo o segmento de tintas o maior crescimento at\u00e9 o momento, com aumento de 30% no n\u00famero de marcas quando comparado \u00e0 edi\u00e7\u00e3o de 2023.<\/p>\n\n\n\n<p><strong><u>Programa\u00e7\u00e3o<\/u><\/strong><\/p>\n\n\n\n<p>Como forma de fomentar o mercado, a RX j\u00e1 anunciou a renova\u00e7\u00e3o da parceria com a C\u00e2mara Brasileira da Ind\u00fastria da Constru\u00e7\u00e3o (CBIC), para a realiza\u00e7\u00e3o do Encontro Nacional da Ind\u00fastria da Constru\u00e7\u00e3o Civil (ENIC), nas edi\u00e7\u00f5es de 2024 e 2025. Em 2023, a FEICON foi palco do o 96\u00ba ENIC, que reuniu economistas, representantes do poder p\u00fablico e da iniciativa privada para debater o cen\u00e1rio da ind\u00fastria do setor, os rumos econ\u00f4micos e apresentar projetos, contribuindo para trazer uma vis\u00e3o 360\u00ba nos diversos campos de atua\u00e7\u00e3o.&nbsp;<\/p>\n\n\n\n<p>Outras atra\u00e7\u00f5es tamb\u00e9m estar\u00e3o na programa\u00e7\u00e3o como os N\u00facleos de Conte\u00fado Varejo e Constru\u00e7\u00e3o, as Rotas de Tecnologia e Sustentabilidade, a Casa Cer\u00e2mica e outras experi\u00eancias.<\/p>\n\n\n\n<p>\u201cA FEICON tem como uma de suas principais premissas gerar conhecimento e apresentar informa\u00e7\u00f5es de qualidade para o desenvolvimento t\u00e9cnico dos profissionais do setor de constru\u00e7\u00e3o civil e arquitetura\u201d, afirma Tatiana Rassini, gerente de marketing do evento. \u201cPara ter acesso a tudo isso, o profissional do setor s\u00f3 precisa acessar o site, preencher alguns dados e garantir sua presen\u00e7a\u201d, complementa a executiva.<\/p>\n\n\n\n<p>A expans\u00e3o do evento acompanha a tend\u00eancia do mercado, que prev\u00ea crescimento em 2024, pelo quarto ano consecutivo. Segundo dados divulgados pelo Sindicato da Ind\u00fastria da Constru\u00e7\u00e3o Civil do Estado de S\u00e3o Paulo (SindusCon-SP), em parceria com o Instituto Brasileiro de Economia da Funda\u00e7\u00e3o Get\u00falio Vargas (FGV-IBRE), o setor da constru\u00e7\u00e3o civil deve apresentar um crescimento de 2,9% neste ano.<\/p>\n\n\n\n<p><strong><u>Credenciamento<\/u><\/strong><\/p>\n\n\n\n<p>Para participar da FEICON, as inscri\u00e7\u00f5es devem ser feitas pelo site de acordo com as categorias:<\/p>\n\n\n\n<p>Para visitantes, em&nbsp;<a href=\"https:\/\/nam11.safelinks.protection.outlook.com\/?url=https%3A%2F%2Fna.eventscloud.com%2F775919%3Fcategoryid%3D5109936&amp;data=05%7C02%7Cgisely.pinto1%40rxglobal.com%7C9f07b894a13c44979a6a08dbfd7bfa9e%7C9274ee3f94254109a27f9fb15c10675d%7C0%7C0%7C638382481191175196%7CUnknown%7CTWFpbGZsb3d8eyJWIjoiMC4wLjAwMDAiLCJQIjoiV2luMzIiLCJBTiI6Ik1haWwiLCJXVCI6Mn0%3D%7C3000%7C%7C%7C&amp;sdata=q1rUHG4%2FcKKT3cjpByssEVmts0xzXIFPH303H1kuqAY%3D&amp;reserved=0\" target=\"_blank\" rel=\"noreferrer noopener\">https:\/\/na.eventscloud.com\/775919?categoryid=5109936<\/a><\/p>\n\n\n\n<p>Para jornalistas, em&nbsp;<a href=\"https:\/\/nam11.safelinks.protection.outlook.com\/?url=https%3A%2F%2Fna.eventscloud.com%2F775919%3Fcategoryid%3D5109932&amp;data=05%7C02%7Cgisely.pinto1%40rxglobal.com%7C9f07b894a13c44979a6a08dbfd7bfa9e%7C9274ee3f94254109a27f9fb15c10675d%7C0%7C0%7C638382481191018930%7CUnknown%7CTWFpbGZsb3d8eyJWIjoiMC4wLjAwMDAiLCJQIjoiV2luMzIiLCJBTiI6Ik1haWwiLCJXVCI6Mn0%3D%7C3000%7C%7C%7C&amp;sdata=ZebXOubKCdNQ7CNCeHxPV1DZnwS6%2FrEs18eKtjLkxyo%3D&amp;reserved=0\" target=\"_blank\" rel=\"noreferrer noopener\">https:\/\/na.eventscloud.com\/775919?categoryid=5109932<\/a>. A entrada de profissionais de imprensa ser\u00e1 liberada e organizada pela assessoria do evento.<\/p>\n\n\n\n<p>Mais informa\u00e7\u00f5es podem ser encontradas no site oficial&nbsp;<a href=\"http:\/\/www.feicon.com.br\/\" target=\"_blank\" rel=\"noreferrer noopener\"><strong>www.feicon.com.br<\/strong><\/a><strong>.<\/strong><\/p>\n","protected":false},"excerpt":{"rendered":"<p>Macrossetor de acabamentos apresentar\u00e1 maior n\u00famero de empresas participantes com crescimento de 15% em compara\u00e7\u00e3o a 2023; inscri\u00e7\u00f5es para o evento s\u00e3o on-line e gratuitas S\u00e3o Paulo, janeiro de 2024 \u2013\u00a0Varejistas, construtores, engenheiros, arquitetos e todos os profissionais ligados \u00e0 ind\u00fastria de constru\u00e7\u00e3o civil j\u00e1 podem garantir participa\u00e7\u00e3o na\u00a0FEICON 2024. A\u00a0RX, promotora e organizadora do [&hellip;]<\/p>\n","protected":false},"author":2,"featured_media":599,"comment_status":"open","ping_status":"open","sticky":false,"template":"","format":"standard","meta":{"footnotes":""},"categories":[1],"tags":[],"class_list":{"0":"post-597","1":"post","2":"type-post","3":"status-publish","4":"format-standard","5":"has-post-thumbnail","7":"category-workshopsepalestras"},"_links":{"self":[{"href":"https:\/\/tveventos.tv.br\/index.php?rest_route=\/wp\/v2\/posts\/597","targetHints":{"allow":["GET"]}}],"collection":[{"href":"https:\/\/tveventos.tv.br\/index.php?rest_route=\/wp\/v2\/posts"}],"about":[{"href":"https:\/\/tveventos.tv.br\/index.php?rest_route=\/wp\/v2\/types\/post"}],"author":[{"embeddable":true,"href":"https:\/\/tveventos.tv.br\/index.php?rest_route=\/wp\/v2\/users\/2"}],"replies":[{"embeddable":true,"href":"https:\/\/tveventos.tv.br\/index.php?rest_route=%2Fwp%2Fv2%2Fcomments&post=597"}],"version-history":[{"count":1,"href":"https:\/\/tveventos.tv.br\/index.php?rest_route=\/wp\/v2\/posts\/597\/revisions"}],"predecessor-version":[{"id":600,"href":"https:\/\/tveventos.tv.br\/index.php?rest_route=\/wp\/v2\/posts\/597\/revisions\/600"}],"wp:featuredmedia":[{"embeddable":true,"href":"https:\/\/tveventos.tv.br\/index.php?rest_route=\/wp\/v2\/media\/599"}],"wp:attachment":[{"href":"https:\/\/tveventos.tv.br\/index.php?rest_route=%2Fwp%2Fv2%2Fmedia&parent=597"}],"wp:term":[{"taxonomy":"category","embeddable":true,"href":"https:\/\/tveventos.tv.br\/index.php?rest_route=%2Fwp%2Fv2%2Fcategories&post=597"},{"taxonomy":"post_tag","embeddable":true,"href":"https:\/\/tveventos.tv.br\/index.php?rest_route=%2Fwp%2Fv2%2Ftags&post=597"}],"curies":[{"name":"wp","href":"https:\/\/api.w.org\/{rel}","templated":true}]}}