{"id":609,"date":"2024-01-18T14:14:35","date_gmt":"2024-01-18T17:14:35","guid":{"rendered":"https:\/\/tveventos.tv.br\/?p=609"},"modified":"2024-01-18T14:14:36","modified_gmt":"2024-01-18T17:14:36","slug":"1a-feira-mistica-na-mooca","status":"publish","type":"post","link":"https:\/\/tveventos.tv.br\/?p=609","title":{"rendered":"1\u00aa Feira M\u00edstica na Mooca"},"content":{"rendered":"\n<p>Descubra os Mist\u00e9rios do Tar\u00f4 na&nbsp; 1\u00aa Feira M\u00edstica que acontece neste s\u00e1bado, 20 de janeiro, das 9h \u00e0s 19h, no Teatro Gamaro, na Mooca. Nela, ser\u00e1 poss\u00edvel explorar o fascinante mundo do tar\u00f4, desvendar o significado das cartas e receber orienta\u00e7\u00f5es surpreendentes sobre o seu caminho com os oraculistas que estar\u00e3o de plant\u00e3o durante todo o dia de evento.<\/p>\n\n\n\n<p>Promovida pela Rede Bons Neg\u00f3cios, dentre as atra\u00e7\u00f5es estar\u00e3o:<\/p>\n\n\n\n<ul class=\"wp-block-list\">\n<li>Cristais Energizantes para Transforma\u00e7\u00e3o Pessoal: conecte-se \u00e0 energia positiva na feira. Descubra cristais poderosos que podem impulsionar a jornada de transforma\u00e7\u00e3o pessoal. Venha explorar a magia dos cristais;<\/li>\n\n\n\n<li>Leitura de Aura: Revelando Energias Ocultas: deixe-se revelar os segredos que sua aura guarda. Experimente uma leitura de aura e descubra as energias ocultas que moldam sua jornada. Uma experi\u00eancia \u00fanica aguarda por voc\u00ea;<\/li>\n\n\n\n<li>Oficina GRATUITA de incensos \u00e0s 18h: Participe da oficina de Incensos Naturais. Liberte acriatividade e aprenda a fazer incensos de ervas naturais;<\/li>\n\n\n\n<li>Palestras, Viv\u00eancias e Consultas de Astrologia: Desvendando o Cosmos. Explore o cosmos e descubra os segredos do seu mapa astral. Os especialistas em astrologia estar\u00e3o prontos para oferecer consultas personalizadas.&nbsp;<\/li>\n<\/ul>\n\n\n\n<p>OS ingressos para a 1\u00aa Feira M\u00edstica no Teatro Gamaro j\u00e1 podem ser adquiridos em :&nbsp;<a href=\"https:\/\/www.sympla.com.br\/evento\/1-feira-mistica-no-teatro-gamaro\/2240874\" target=\"_blank\" rel=\"noreferrer noopener\">https:\/\/www.sympla.com.br\/evento\/1-feira-mistica-no-teatro-gamaro\/2240874<\/a>&nbsp;Haver\u00e1, ainda, op\u00e7\u00e3o de compra na porta (somente via PIX) ou entrada em troca de 1kg de alimento n\u00e3o-perec\u00edvel (exceto sal ou a\u00e7\u00facar). O endere\u00e7o \u00e9 R. Dr. Almeida Lima, 1176 &#8211; Mooca, S\u00e3o Paulo e a p\u00e1gina oficial do Instagram \u00e9 @teatrogamaro<\/p>\n\n\n\n<p>Para mais Informa\u00e7\u00f5es e ingressos na p\u00e1gina do evento, no whatsapp 1198014-3881 e nas p\u00e1ginas oficiais do instagram: @rbn.eventos&nbsp;@redebonsnegocios @exposophia<\/p>\n\n\n\n<p><strong>Servi\u00e7o:<\/strong><\/p>\n\n\n\n<p>1\u00aa Feira M\u00edstica, Esot\u00e9rica e Hol\u00edstica que acontecer\u00e1 no Teatro Gamaro<\/p>\n\n\n\n<p>Data: 20 de janeiro (s\u00e1bado)<\/p>\n\n\n\n<p>Hor\u00e1rio: 9h \u00e0s 19h<\/p>\n\n\n\n<p>Endere\u00e7o: R. Dr. Almeida Lima, 1176 &#8211; Mooca, S\u00e3o Paulo<\/p>\n\n\n\n<p>Produ\u00e7\u00e3o: @rbn.eventos @redebonsnegocios @exposophia<\/p>\n\n\n\n<p>Entrada: R$10,00 em :\u00a0<a href=\"https:\/\/www.sympla.com.br\/evento\/1-feira-mistica-no-teatro-gamaro\/2240874\" target=\"_blank\" rel=\"noreferrer noopener\">https:\/\/www.sympla.com.br\/evento\/1-feira-mistica-no-teatro-gamaro\/2240874<\/a>\u00a0ou 1 kg de alimento n\u00e3o perec\u00edvel (exceto sal ou a\u00e7\u00facar).<\/p>\n","protected":false},"excerpt":{"rendered":"<p>Descubra os Mist\u00e9rios do Tar\u00f4 na&nbsp; 1\u00aa Feira M\u00edstica que acontece neste s\u00e1bado, 20 de janeiro, das 9h \u00e0s 19h, no Teatro Gamaro, na Mooca. Nela, ser\u00e1 poss\u00edvel explorar o fascinante mundo do tar\u00f4, desvendar o significado das cartas e receber orienta\u00e7\u00f5es surpreendentes sobre o seu caminho com os oraculistas que estar\u00e3o de plant\u00e3o durante [&hellip;]<\/p>\n","protected":false},"author":2,"featured_media":610,"comment_status":"open","ping_status":"open","sticky":false,"template":"","format":"standard","meta":{"footnotes":""},"categories":[25],"tags":[],"class_list":{"0":"post-609","1":"post","2":"type-post","3":"status-publish","4":"format-standard","5":"has-post-thumbnail","7":"category-calendariodeeventos"},"_links":{"self":[{"href":"https:\/\/tveventos.tv.br\/index.php?rest_route=\/wp\/v2\/posts\/609","targetHints":{"allow":["GET"]}}],"collection":[{"href":"https:\/\/tveventos.tv.br\/index.php?rest_route=\/wp\/v2\/posts"}],"about":[{"href":"https:\/\/tveventos.tv.br\/index.php?rest_route=\/wp\/v2\/types\/post"}],"author":[{"embeddable":true,"href":"https:\/\/tveventos.tv.br\/index.php?rest_route=\/wp\/v2\/users\/2"}],"replies":[{"embeddable":true,"href":"https:\/\/tveventos.tv.br\/index.php?rest_route=%2Fwp%2Fv2%2Fcomments&post=609"}],"version-history":[{"count":1,"href":"https:\/\/tveventos.tv.br\/index.php?rest_route=\/wp\/v2\/posts\/609\/revisions"}],"predecessor-version":[{"id":611,"href":"https:\/\/tveventos.tv.br\/index.php?rest_route=\/wp\/v2\/posts\/609\/revisions\/611"}],"wp:featuredmedia":[{"embeddable":true,"href":"https:\/\/tveventos.tv.br\/index.php?rest_route=\/wp\/v2\/media\/610"}],"wp:attachment":[{"href":"https:\/\/tveventos.tv.br\/index.php?rest_route=%2Fwp%2Fv2%2Fmedia&parent=609"}],"wp:term":[{"taxonomy":"category","embeddable":true,"href":"https:\/\/tveventos.tv.br\/index.php?rest_route=%2Fwp%2Fv2%2Fcategories&post=609"},{"taxonomy":"post_tag","embeddable":true,"href":"https:\/\/tveventos.tv.br\/index.php?rest_route=%2Fwp%2Fv2%2Ftags&post=609"}],"curies":[{"name":"wp","href":"https:\/\/api.w.org\/{rel}","templated":true}]}}