{"id":612,"date":"2024-01-19T10:59:27","date_gmt":"2024-01-19T13:59:27","guid":{"rendered":"https:\/\/tveventos.tv.br\/?p=612"},"modified":"2024-01-19T10:59:30","modified_gmt":"2024-01-19T13:59:30","slug":"fin-brasil-feira-internacional-de-negocios-chega-a-sua-3o-edicao-com-expectativa-de-movimentar-r100-milhoes","status":"publish","type":"post","link":"https:\/\/tveventos.tv.br\/?p=612","title":{"rendered":"FIN Brasil &#8211; Feira Internacional de Neg\u00f3cios &#8211; chega a sua 3\u00ba edi\u00e7\u00e3o com expectativa de movimentar R$100 milh\u00f5es"},"content":{"rendered":"\n<p class=\"has-text-align-center\"><em>A edi\u00e7\u00e3o brasileira re\u00fane palestras, mentorias, rodadas de neg\u00f3cios internacionais al\u00e9m de diferentes ambientes e ferramentas para neg\u00f3cios globais<\/em><\/p>\n\n\n\n<p>obal. Nossa meta \u00e9 facilitar contatos comerciais, atrair investimentos e gerar novas oportunidades de neg\u00f3cios e colabora\u00e7\u00e3o\u201d, destaca Jatyr Ranzolin, presidente da C\u00e2mara de Com\u00e9rcio Brasil-Portugal\/SC.<\/p>\n\n\n\n<p>Assim como na \u00faltima edi\u00e7\u00e3o em 2023, a feira contar\u00e1 com o \u201cNegoci\u00f4metro\u201d, que conecta e monitora os neg\u00f3cios que est\u00e3o sendo fechados em tempo real. Com o aux\u00edlio de um aplicativo pr\u00f3prio, os participantes conseguem conhecer pessoas, criar networks, agendar reuni\u00f5es e tamb\u00e9m fechar neg\u00f3cios, tudo nos moldes de uma rede social.<\/p>\n\n\n\n<p>Realizado pela C\u00e2mara de Com\u00e9rcio Brasil \u2013 Portugal\/SC, Federa\u00e7\u00e3o das C\u00e2maras Portuguesas de Com\u00e9rcio no Brasil a FIN Brasil 2024 tem como correalizadores a Prefeitura Municipal de Florian\u00f3polis e SEBRAE\/SC. As miss\u00f5es internacionais chegam a partir de 01 de abril permanecendo at\u00e9 o dia 05\/04 visitar regi\u00f5es do Estado de Santa Catarina.<\/p>\n\n\n\n<p><strong><u>Servi\u00e7o:<\/u><\/strong><\/p>\n\n\n\n<p>FIN Brasil<\/p>\n\n\n\n<p>Dias 3 e 4 de abril de 2024<\/p>\n\n\n\n<p>Centrosul \u2013 Florian\u00f3polis-SC<\/p>\n\n\n\n<p>Para maiores informa\u00e7\u00f5es, acesse o site do evento:\u00a0<a href=\"https:\/\/finbrasil.com.br\/\" target=\"_blank\" rel=\"noreferrer noopener\"><strong>https:\/\/finbrasil.com.br\/<\/strong><\/a><\/p>\n","protected":false},"excerpt":{"rendered":"<p>A edi\u00e7\u00e3o brasileira re\u00fane palestras, mentorias, rodadas de neg\u00f3cios internacionais al\u00e9m de diferentes ambientes e ferramentas para neg\u00f3cios globais obal. Nossa meta \u00e9 facilitar contatos comerciais, atrair investimentos e gerar novas oportunidades de neg\u00f3cios e colabora\u00e7\u00e3o\u201d, destaca Jatyr Ranzolin, presidente da C\u00e2mara de Com\u00e9rcio Brasil-Portugal\/SC. Assim como na \u00faltima edi\u00e7\u00e3o em 2023, a feira contar\u00e1 [&hellip;]<\/p>\n","protected":false},"author":2,"featured_media":614,"comment_status":"open","ping_status":"open","sticky":false,"template":"","format":"standard","meta":{"footnotes":""},"categories":[23],"tags":[],"class_list":{"0":"post-612","1":"post","2":"type-post","3":"status-publish","4":"format-standard","5":"has-post-thumbnail","7":"category-feirasdenegocios"},"_links":{"self":[{"href":"https:\/\/tveventos.tv.br\/index.php?rest_route=\/wp\/v2\/posts\/612","targetHints":{"allow":["GET"]}}],"collection":[{"href":"https:\/\/tveventos.tv.br\/index.php?rest_route=\/wp\/v2\/posts"}],"about":[{"href":"https:\/\/tveventos.tv.br\/index.php?rest_route=\/wp\/v2\/types\/post"}],"author":[{"embeddable":true,"href":"https:\/\/tveventos.tv.br\/index.php?rest_route=\/wp\/v2\/users\/2"}],"replies":[{"embeddable":true,"href":"https:\/\/tveventos.tv.br\/index.php?rest_route=%2Fwp%2Fv2%2Fcomments&post=612"}],"version-history":[{"count":1,"href":"https:\/\/tveventos.tv.br\/index.php?rest_route=\/wp\/v2\/posts\/612\/revisions"}],"predecessor-version":[{"id":615,"href":"https:\/\/tveventos.tv.br\/index.php?rest_route=\/wp\/v2\/posts\/612\/revisions\/615"}],"wp:featuredmedia":[{"embeddable":true,"href":"https:\/\/tveventos.tv.br\/index.php?rest_route=\/wp\/v2\/media\/614"}],"wp:attachment":[{"href":"https:\/\/tveventos.tv.br\/index.php?rest_route=%2Fwp%2Fv2%2Fmedia&parent=612"}],"wp:term":[{"taxonomy":"category","embeddable":true,"href":"https:\/\/tveventos.tv.br\/index.php?rest_route=%2Fwp%2Fv2%2Fcategories&post=612"},{"taxonomy":"post_tag","embeddable":true,"href":"https:\/\/tveventos.tv.br\/index.php?rest_route=%2Fwp%2Fv2%2Ftags&post=612"}],"curies":[{"name":"wp","href":"https:\/\/api.w.org\/{rel}","templated":true}]}}