{"id":619,"date":"2024-01-22T17:11:15","date_gmt":"2024-01-22T20:11:15","guid":{"rendered":"https:\/\/tveventos.tv.br\/?p=619"},"modified":"2024-01-22T17:11:18","modified_gmt":"2024-01-22T20:11:18","slug":"mais-de-40-horas-de-conteudo-160-expositores-e-25-mil-visitantes-no-conexao-farma-2024","status":"publish","type":"post","link":"https:\/\/tveventos.tv.br\/?p=619","title":{"rendered":"Mais de 40 horas de conte\u00fado, 160 expositores e 25 mil visitantes no Conex\u00e3o Farma 2024"},"content":{"rendered":"\n<p class=\"has-text-align-center\">O evento, promovido pela Abradilan, acontecer\u00e1 entre os dias 12 e 14 de mar\u00e7o, no Expo Center Norte, em S\u00e3o Paulo<\/p>\n\n\n\n<p>Considerado o maior evento do setor farmac\u00eautico do Brasil, o Conex\u00e3o Farma, promovido e realizado pela Associa\u00e7\u00e3o Brasileira de Distribui\u00e7\u00e3o e Log\u00edstica de Produtos Farmac\u00eauticos (Abradilan), chega em sua 18\u00aa edi\u00e7\u00e3o e acontecer\u00e1 nos dias 12, 13 e 14 de mar\u00e7o de 2024, no Expo Center Norte, na capital paulista, das 14h00 \u00e0s 21h00.<\/p>\n\n\n\n<p>O evento proporciona diversas oportunidades aos visitantes, entre elas, criar conex\u00f5es, que possibilitam maior destaque na carreira, bem como a efetiva\u00e7\u00e3o de neg\u00f3cios.<\/p>\n\n\n\n<p>A expectativa \u00e9 receber 25 mil visitantes, mais de 160 expositores, al\u00e9m das mais de 40 horas de conte\u00fado exclusivo, que ser\u00e3o apresentados em quatro Arenas: Varejo em Foco, Frama Trends, Gest\u00e3o 360\u00ba e Conecta Farma; sem falar na grande plen\u00e1ria que receber\u00e1 Edu Lyra, Izabella Camargo e Edison Tamascia.<\/p>\n\n\n\n<p>Os temas&nbsp;s\u00e3o voltados preferencialmente para apoiar o desenvolvimento do varejo, com dados do Close-Up, IQVIA e&nbsp;Instituto Febrafar de Pesquisa e Educa\u00e7\u00e3o Corporativa&nbsp;(IFEPEC). Entre os assuntos a serem abordados est\u00e3o o&nbsp;<em>mix<\/em>&nbsp;de produtos na loja, as categorias com oportunidades de crescimento, o que o consumidor espera da farm\u00e1cia e o comportamento das gera\u00e7\u00f5es Z, Alpha e 60+.<\/p>\n\n\n\n<p>Os visitantes poder\u00e3o ter acesso \u00e0s principais ind\u00fastrias farmac\u00eauticas e de Higiene &amp; Beleza (H&amp;B), bem como fornecedores de servi\u00e7os para os pontos de venda (PDVs),&nbsp;<em>software houses<\/em>, consultorias, empresas de contabilidade, treinamento e mobili\u00e1rio.<\/p>\n\n\n\n<p><strong>SERVI\u00c7O<\/strong><br><strong>Evento:<\/strong>&nbsp;Conex\u00e3o Farma 2024<\/p>\n\n\n\n<p><strong>Data:<\/strong>&nbsp;12 a 14 de mar\u00e7o de 2024<\/p>\n\n\n\n<p><strong>Hor\u00e1rio:<\/strong>&nbsp;14h \u00e0s 21h<\/p>\n\n\n\n<p><strong>Inscri\u00e7\u00f5es para o p\u00fablico e para a imprensa:<\/strong>&nbsp;aqui<\/p>\n\n\n\n<p><strong>Local:<\/strong>&nbsp;Expo Center Norte<\/p>\n\n\n\n<p><strong>Endere\u00e7o:<\/strong>&nbsp;Rua Jos\u00e9 Bernardo Pinto, 333, Vila Guilherme, S\u00e3o Paulo (SP)<br><br><strong>SOBRE A ABRADILAN<\/strong><\/p>\n\n\n\n<p>Constitu\u00edda em 1998, a Associa\u00e7\u00e3o Brasileira de Distribui\u00e7\u00e3o e Log\u00edstica de Produtos Farmac\u00eauticos (Abradilan) \u00e9 formada por empresas distribuidoras de medicamentos, produtos para a sa\u00fade, artigos de higiene pessoal e cosm\u00e9ticos no mercado. Com cerca de 160 empresas associadas, tem como miss\u00e3o contribuir para o desenvolvimento e fortalecimento do mercado e de seus membros, promovendo a melhoria cont\u00ednua e eficaz de seus servi\u00e7os.<\/p>\n","protected":false},"excerpt":{"rendered":"<p>O evento, promovido pela Abradilan, acontecer\u00e1 entre os dias 12 e 14 de mar\u00e7o, no Expo Center Norte, em S\u00e3o Paulo Considerado o maior evento do setor farmac\u00eautico do Brasil, o Conex\u00e3o Farma, promovido e realizado pela Associa\u00e7\u00e3o Brasileira de Distribui\u00e7\u00e3o e Log\u00edstica de Produtos Farmac\u00eauticos (Abradilan), chega em sua 18\u00aa edi\u00e7\u00e3o e acontecer\u00e1 nos [&hellip;]<\/p>\n","protected":false},"author":2,"featured_media":620,"comment_status":"open","ping_status":"open","sticky":false,"template":"","format":"standard","meta":{"footnotes":""},"categories":[1],"tags":[],"class_list":{"0":"post-619","1":"post","2":"type-post","3":"status-publish","4":"format-standard","5":"has-post-thumbnail","7":"category-workshopsepalestras"},"_links":{"self":[{"href":"https:\/\/tveventos.tv.br\/index.php?rest_route=\/wp\/v2\/posts\/619","targetHints":{"allow":["GET"]}}],"collection":[{"href":"https:\/\/tveventos.tv.br\/index.php?rest_route=\/wp\/v2\/posts"}],"about":[{"href":"https:\/\/tveventos.tv.br\/index.php?rest_route=\/wp\/v2\/types\/post"}],"author":[{"embeddable":true,"href":"https:\/\/tveventos.tv.br\/index.php?rest_route=\/wp\/v2\/users\/2"}],"replies":[{"embeddable":true,"href":"https:\/\/tveventos.tv.br\/index.php?rest_route=%2Fwp%2Fv2%2Fcomments&post=619"}],"version-history":[{"count":1,"href":"https:\/\/tveventos.tv.br\/index.php?rest_route=\/wp\/v2\/posts\/619\/revisions"}],"predecessor-version":[{"id":621,"href":"https:\/\/tveventos.tv.br\/index.php?rest_route=\/wp\/v2\/posts\/619\/revisions\/621"}],"wp:featuredmedia":[{"embeddable":true,"href":"https:\/\/tveventos.tv.br\/index.php?rest_route=\/wp\/v2\/media\/620"}],"wp:attachment":[{"href":"https:\/\/tveventos.tv.br\/index.php?rest_route=%2Fwp%2Fv2%2Fmedia&parent=619"}],"wp:term":[{"taxonomy":"category","embeddable":true,"href":"https:\/\/tveventos.tv.br\/index.php?rest_route=%2Fwp%2Fv2%2Fcategories&post=619"},{"taxonomy":"post_tag","embeddable":true,"href":"https:\/\/tveventos.tv.br\/index.php?rest_route=%2Fwp%2Fv2%2Ftags&post=619"}],"curies":[{"name":"wp","href":"https:\/\/api.w.org\/{rel}","templated":true}]}}