{"id":623,"date":"2024-01-24T13:55:22","date_gmt":"2024-01-24T16:55:22","guid":{"rendered":"https:\/\/tveventos.tv.br\/?p=623"},"modified":"2024-01-24T13:55:24","modified_gmt":"2024-01-24T16:55:24","slug":"abcasa-fair","status":"publish","type":"post","link":"https:\/\/tveventos.tv.br\/?p=623","title":{"rendered":"ABCASA FAIR"},"content":{"rendered":"\n<p>A melhor feira de Casa e D\u00e9cor chega a sua 11\u00aa Edi\u00e7\u00e3o.<\/p>\n\n\n\n<p><strong>Data:<br><\/strong>04 a 07 de fevereiro de 2024<\/p>\n\n\n\n<p><strong>Hor\u00e1rio:<\/strong><br>4 a 6 de fevereiro das 10h \u00e0s 20h<br>07 de fevereiro: das 10h \u00e0s 17h<\/p>\n\n\n\n<p><strong>Local:&nbsp;<\/strong>Expo Center Norte, SP<br>R. Jos\u00e9 Bernardo Pinto, 333 | S\u00e3o Paulo &#8211; SP<\/p>\n","protected":false},"excerpt":{"rendered":"<p>A melhor feira de Casa e D\u00e9cor chega a sua 11\u00aa Edi\u00e7\u00e3o. Data:04 a 07 de fevereiro de 2024 Hor\u00e1rio:4 a 6 de fevereiro das 10h \u00e0s 20h07 de fevereiro: das 10h \u00e0s 17h Local:&nbsp;Expo Center Norte, SPR. Jos\u00e9 Bernardo Pinto, 333 | S\u00e3o Paulo &#8211; SP<\/p>\n","protected":false},"author":2,"featured_media":627,"comment_status":"open","ping_status":"open","sticky":false,"template":"","format":"standard","meta":{"footnotes":""},"categories":[25],"tags":[],"class_list":{"0":"post-623","1":"post","2":"type-post","3":"status-publish","4":"format-standard","5":"has-post-thumbnail","7":"category-calendariodeeventos"},"_links":{"self":[{"href":"https:\/\/tveventos.tv.br\/index.php?rest_route=\/wp\/v2\/posts\/623","targetHints":{"allow":["GET"]}}],"collection":[{"href":"https:\/\/tveventos.tv.br\/index.php?rest_route=\/wp\/v2\/posts"}],"about":[{"href":"https:\/\/tveventos.tv.br\/index.php?rest_route=\/wp\/v2\/types\/post"}],"author":[{"embeddable":true,"href":"https:\/\/tveventos.tv.br\/index.php?rest_route=\/wp\/v2\/users\/2"}],"replies":[{"embeddable":true,"href":"https:\/\/tveventos.tv.br\/index.php?rest_route=%2Fwp%2Fv2%2Fcomments&post=623"}],"version-history":[{"count":1,"href":"https:\/\/tveventos.tv.br\/index.php?rest_route=\/wp\/v2\/posts\/623\/revisions"}],"predecessor-version":[{"id":625,"href":"https:\/\/tveventos.tv.br\/index.php?rest_route=\/wp\/v2\/posts\/623\/revisions\/625"}],"wp:featuredmedia":[{"embeddable":true,"href":"https:\/\/tveventos.tv.br\/index.php?rest_route=\/wp\/v2\/media\/627"}],"wp:attachment":[{"href":"https:\/\/tveventos.tv.br\/index.php?rest_route=%2Fwp%2Fv2%2Fmedia&parent=623"}],"wp:term":[{"taxonomy":"category","embeddable":true,"href":"https:\/\/tveventos.tv.br\/index.php?rest_route=%2Fwp%2Fv2%2Fcategories&post=623"},{"taxonomy":"post_tag","embeddable":true,"href":"https:\/\/tveventos.tv.br\/index.php?rest_route=%2Fwp%2Fv2%2Ftags&post=623"}],"curies":[{"name":"wp","href":"https:\/\/api.w.org\/{rel}","templated":true}]}}