{"id":629,"date":"2024-01-24T17:03:33","date_gmt":"2024-01-24T20:03:33","guid":{"rendered":"https:\/\/tveventos.tv.br\/?p=629"},"modified":"2024-01-24T17:03:35","modified_gmt":"2024-01-24T20:03:35","slug":"abcasa-fair-anuncia-2a-edicao-da-rodada-de-negocios-nacional","status":"publish","type":"post","link":"https:\/\/tveventos.tv.br\/?p=629","title":{"rendered":"ABCASA FAIR anuncia 2\u00aa Edi\u00e7\u00e3o da Rodada de Neg\u00f3cios Nacional"},"content":{"rendered":"\n<p><em>Marcada para acontecer dentro da feira nos dias 5 e 6, iniciativa promove conex\u00f5es entre compradores e expositores<\/em><\/p>\n\n\n\n<p>A ABCasa (Associa\u00e7\u00e3o Brasileira de Artigos para Casa) ir\u00e1 realizar a 2\u00aa Rodada de Neg\u00f3cios Nacional durante a ABCasa Fair nos dias 5 e 6 de fevereiro de 2024, no Expo Center Norte, em S\u00e3o Paulo (SP). A iniciativa refor\u00e7a o compromisso da entidade em proporcionar mais canais de venda para seus associados, promovendo o desenvolvimento de novos neg\u00f3cios e parcerias.<\/p>\n\n\n\n<p>Anderson Passos, diretor executivo da ABCasa, destaca: \u201cAssim como todas as a\u00e7\u00f5es desenvolvidas pela ABCasa, as rodadas t\u00eam como prop\u00f3sito proporcionar aos nossos expositores associados a chance de se conectarem com compradores de novos setores, como hotelaria, hospitalidade, varejo, festas, bares e restaurantes\u201d.<\/p>\n\n\n\n<p>A ABCasa Fair \u00e9 uma feira B2B que re\u00fane representantes do setor de Casa e Dec\u00f3r. Com a miss\u00e3o de transformar o mercado de forma sustent\u00e1vel, competitiva e inovadora, o evento visa impulsionar o que h\u00e1 de melhor nesses segmentos.<\/p>\n\n\n\n<p>O evento espera receber mais de 50 mil visitantes entre compradores, profissionais do setor e lojistas de todo o Brasil e exterior. Em sua primeira edi\u00e7\u00e3o de 2024, a ABCasa Fair promete apresentar as mais recentes tend\u00eancias e inova\u00e7\u00f5es no universo de casa e decora\u00e7\u00e3o do Brasil para inspirar e suprir as demandas de estabelecimentos e profissionais.<\/p>\n\n\n\n<p>Al\u00e9m de oferecer oportunidades de neg\u00f3cios, a ABCasa Fair, programada para acontecer entre os dias 04 e 07 de fevereiro de 2024, \u00e9 o epicentro das inova\u00e7\u00f5es no universo de casa e decora\u00e7\u00e3o.&nbsp;<\/p>\n\n\n\n<p>&#8220;Fico muito feliz em fazer parte deste projeto, que \u00e9 tratado com muito carinho e aten\u00e7\u00e3o pela associa\u00e7\u00e3o. O objetivo, claro, \u00e9 gerar novas oportunidades de neg\u00f3cios e abrir novos mercados para os expositores da feira, estabelecendo contato com empresas convidadas previamente selecionadas. No entanto, o que mais me encanta no projeto \u00e9 a possibilidade de proporcionar exclusividade e uma experi\u00eancia \u00fanica a um seleto grupo, e com a principal caracter\u00edstica, a qual a ABCASA n\u00e3o abre m\u00e3o, o bem receber. O resultado \u00e9 gratificante.&#8221; afirma Roberta Yoshida, respons\u00e1vel pelas Rodadas de Neg\u00f3cios Nacional e parceira da ABCasa.<br><br>As Rodadas de Neg\u00f3cios Nacionais recebem apoio das principais entidades do setor, como a ABRAFESTA &#8211; Associa\u00e7\u00e3o Brasileira de Eventos, a ABIH-SP &#8211; Associa\u00e7\u00e3o Brasileira Ind\u00fastria Hot\u00e9is S\u00e3o Paulo-, a POPAI Brasil &#8211; Associa\u00e7\u00e3o Brasileira de Marketing no Varejo-, e a ABRACHOR \u2013 Associa\u00e7\u00e3o Brasileira dos Compradores para Hospitalidades e Restaurantes.<\/p>\n\n\n\n<p><strong>SERVI\u00c7O &#8211; 2\u00aa Rodada de Neg\u00f3cios Nacional<\/strong><\/p>\n\n\n\n<p><strong>Data: 5 e 6 de fevereiro de 2024<\/strong><\/p>\n\n\n\n<p><strong>Hora: das 10h \u00e0s 17h30<\/strong><\/p>\n\n\n\n<p><strong>Local: Expo Center Norte, S\u00e3o Paulo<\/strong><strong><br><\/strong><strong>Para participar, basta entrar em contato por meio do e-mail:<\/strong><\/p>\n\n\n\n<p><strong>rodadadenegocios@abcasafair.com.br<\/strong><strong>.<\/strong><\/p>\n\n\n\n<p>Link para credenciamento: <a href=\"https:\/\/abcasafair.com.br\/\">https:\/\/abcasafair.com.br\/<\/a><\/p>\n","protected":false},"excerpt":{"rendered":"<p>Marcada para acontecer dentro da feira nos dias 5 e 6, iniciativa promove conex\u00f5es entre compradores e expositores A ABCasa (Associa\u00e7\u00e3o Brasileira de Artigos para Casa) ir\u00e1 realizar a 2\u00aa Rodada de Neg\u00f3cios Nacional durante a ABCasa Fair nos dias 5 e 6 de fevereiro de 2024, no Expo Center Norte, em S\u00e3o Paulo (SP). [&hellip;]<\/p>\n","protected":false},"author":2,"featured_media":630,"comment_status":"open","ping_status":"open","sticky":false,"template":"","format":"standard","meta":{"footnotes":""},"categories":[1],"tags":[],"class_list":{"0":"post-629","1":"post","2":"type-post","3":"status-publish","4":"format-standard","5":"has-post-thumbnail","7":"category-workshopsepalestras"},"_links":{"self":[{"href":"https:\/\/tveventos.tv.br\/index.php?rest_route=\/wp\/v2\/posts\/629","targetHints":{"allow":["GET"]}}],"collection":[{"href":"https:\/\/tveventos.tv.br\/index.php?rest_route=\/wp\/v2\/posts"}],"about":[{"href":"https:\/\/tveventos.tv.br\/index.php?rest_route=\/wp\/v2\/types\/post"}],"author":[{"embeddable":true,"href":"https:\/\/tveventos.tv.br\/index.php?rest_route=\/wp\/v2\/users\/2"}],"replies":[{"embeddable":true,"href":"https:\/\/tveventos.tv.br\/index.php?rest_route=%2Fwp%2Fv2%2Fcomments&post=629"}],"version-history":[{"count":1,"href":"https:\/\/tveventos.tv.br\/index.php?rest_route=\/wp\/v2\/posts\/629\/revisions"}],"predecessor-version":[{"id":631,"href":"https:\/\/tveventos.tv.br\/index.php?rest_route=\/wp\/v2\/posts\/629\/revisions\/631"}],"wp:featuredmedia":[{"embeddable":true,"href":"https:\/\/tveventos.tv.br\/index.php?rest_route=\/wp\/v2\/media\/630"}],"wp:attachment":[{"href":"https:\/\/tveventos.tv.br\/index.php?rest_route=%2Fwp%2Fv2%2Fmedia&parent=629"}],"wp:term":[{"taxonomy":"category","embeddable":true,"href":"https:\/\/tveventos.tv.br\/index.php?rest_route=%2Fwp%2Fv2%2Fcategories&post=629"},{"taxonomy":"post_tag","embeddable":true,"href":"https:\/\/tveventos.tv.br\/index.php?rest_route=%2Fwp%2Fv2%2Ftags&post=629"}],"curies":[{"name":"wp","href":"https:\/\/api.w.org\/{rel}","templated":true}]}}