{"id":633,"date":"2024-01-24T17:10:34","date_gmt":"2024-01-24T20:10:34","guid":{"rendered":"https:\/\/tveventos.tv.br\/?p=633"},"modified":"2024-01-24T17:10:37","modified_gmt":"2024-01-24T20:10:37","slug":"indigena-apresenta-corante-a-base-de-mandioca-no-inspiramais","status":"publish","type":"post","link":"https:\/\/tveventos.tv.br\/?p=633","title":{"rendered":"Ind\u00edgena apresenta corante \u00e0 base de mandioca no INSPIRAMAIS"},"content":{"rendered":"\n<p><\/p>\n\n\n\n<p>O conte\u00fado do INSPIRAMAIS, sal\u00e3o que lan\u00e7a mais de mil materiais para as ind\u00fastrias de cal\u00e7ados, confec\u00e7\u00f5es, m\u00f3veis e bijuterias entre os dias 23 e 24 de janeiro chama a aten\u00e7\u00e3o pela sustentabilidade. Logo no primeiro dia de programa\u00e7\u00e3o de palestras, o ind\u00edgena, pesquisador e designer Sioduhi Piratapuya apresentou a tecnologia Maniocolor, um corante natural \u00e0 base de raspas da casca da mandioca.<\/p>\n\n\n\n<p><br>Na oportunidade, o ind\u00edgena do povo origin\u00e1rio Piratapuya, do territ\u00f3rio do Alto Rio Negro, na Amaz\u00f4nia, ressaltou que o projeto faz parte da sensibiliza\u00e7\u00e3o sobre o uso sustent\u00e1vel do potencial da floresta. Citando dados alarmantes, como as mais de 90 milh\u00f5es de toneladas de res\u00edduos t\u00eaxteis descartadas nos \u00faltimos anos e o fato de 17% a 20% da polui\u00e7\u00e3o das \u00e1guas serem provenientes de tingimentos e tratamentos de tecidos, Sioduhi foi enf\u00e1tico: \u201cNascemos com o comprometimento de implementar solu\u00e7\u00f5es sustent\u00e1veis para a Amaz\u00f4nia e foi a partir da\u00ed que passamos a pesquisar os tingimentos naturais que respeitassem toda a nossa biodiversidade\u201d.<\/p>\n\n\n\n<p><br><strong>Moda com prop\u00f3sito<\/strong><br>Segundo ele, a Amaz\u00f4nia tem um potencial de uso sustent\u00e1vel que pode mudar a realidade da moda mundial. \u201cVoltei para a Amaz\u00f4nia h\u00e1 cerca de um ano para ajudar a mudar a realidade da floresta e do povo ind\u00edgena\u201d, disse. O corante de mandioca foi utilizado em duas cole\u00e7\u00f5es do Sioduhi Studio, empresa fundada pelo ind\u00edgena. Em 2022, foi apresentada a cole\u00e7\u00e3o Manioqueen e no ano passado a cole\u00e7\u00e3o Am\u00f5 Numi\u00e3: Ontem, hoje e amanh\u00e3. A partir de 2024, segundo ele, a meta \u00e9 expandir ainda mais o processo na floresta amaz\u00f4nica, com projetos voltados \u00e0 comercializa\u00e7\u00e3o do material e colabora\u00e7\u00f5es com marcas do segmento da moda.<br><br>Sioduhi encerrou a programa\u00e7\u00e3o de sete palestras do dia 23. Amanh\u00e3 (24) o sal\u00e3o segue com intensa programa\u00e7\u00e3o de conte\u00fado, com exposi\u00e7\u00f5es sobre tecnologias sustent\u00e1veis que utilizam fungos no segmento t\u00eaxtil e cal\u00e7adista, sobre a pesquisa Perif\u00e9ricos, que embasar\u00e1 a cole\u00e7\u00e3o de materiais que ser\u00e1 lan\u00e7ada no pr\u00f3ximo INSPIRAMAIS, entre outras.<\/p>\n\n\n\n<p><br><strong>O sal\u00e3o<\/strong><br>A 29\u00aa edi\u00e7\u00e3o do INSPIRAMAIS, sal\u00e3o que re\u00fane mais de 150 expositores de insumos e materiais que devem receber a visita\u00e7\u00e3o de mais de 7 mil pessoas do Brasil e de parte do mundo no Centro de Eventos FIERGS, em Porto Alegre\/RS, \u00e9 uma promo\u00e7\u00e3o da Associa\u00e7\u00e3o Brasileira das Empresas de Componentes para Couro, Cal\u00e7ados e Artefatos (Assintecal) em parceria com o Centro das Ind\u00fastrias de Curtumes do Brasil (CICB), Associa\u00e7\u00e3o Brasileira da Ind\u00fastria T\u00eaxtil e de Confec\u00e7\u00e3o (Abit) e Associa\u00e7\u00e3o Brasileira das Ind\u00fastrias de Mobili\u00e1rio (Abim\u00f3vel). A realiza\u00e7\u00e3o \u00e9 do programa Brazilian Materials e a parceria do Sebrae Nacional. Saiba mais no&nbsp;<a href=\"https:\/\/s2401.publisher-releases.com\/link.php?code=bDpodHRwcyUzQSUyRiUyRnd3dy5pbnNwaXJhbWFpcy5jb20uYnI6MzAxMzMwMTIzMDpyZWRhY2FvdHZldmVudG9zQGdtYWlsLmNvbTo2Y2ZjMzU6NmI=\" target=\"_blank\" rel=\"noreferrer noopener\">site<\/a>.<\/p>\n","protected":false},"excerpt":{"rendered":"<p>O conte\u00fado do INSPIRAMAIS, sal\u00e3o que lan\u00e7a mais de mil materiais para as ind\u00fastrias de cal\u00e7ados, confec\u00e7\u00f5es, m\u00f3veis e bijuterias entre os dias 23 e 24 de janeiro chama a aten\u00e7\u00e3o pela sustentabilidade. Logo no primeiro dia de programa\u00e7\u00e3o de palestras, o ind\u00edgena, pesquisador e designer Sioduhi Piratapuya apresentou a tecnologia Maniocolor, um corante natural [&hellip;]<\/p>\n","protected":false},"author":2,"featured_media":634,"comment_status":"open","ping_status":"open","sticky":false,"template":"","format":"standard","meta":{"footnotes":""},"categories":[1],"tags":[],"class_list":{"0":"post-633","1":"post","2":"type-post","3":"status-publish","4":"format-standard","5":"has-post-thumbnail","7":"category-workshopsepalestras"},"_links":{"self":[{"href":"https:\/\/tveventos.tv.br\/index.php?rest_route=\/wp\/v2\/posts\/633","targetHints":{"allow":["GET"]}}],"collection":[{"href":"https:\/\/tveventos.tv.br\/index.php?rest_route=\/wp\/v2\/posts"}],"about":[{"href":"https:\/\/tveventos.tv.br\/index.php?rest_route=\/wp\/v2\/types\/post"}],"author":[{"embeddable":true,"href":"https:\/\/tveventos.tv.br\/index.php?rest_route=\/wp\/v2\/users\/2"}],"replies":[{"embeddable":true,"href":"https:\/\/tveventos.tv.br\/index.php?rest_route=%2Fwp%2Fv2%2Fcomments&post=633"}],"version-history":[{"count":1,"href":"https:\/\/tveventos.tv.br\/index.php?rest_route=\/wp\/v2\/posts\/633\/revisions"}],"predecessor-version":[{"id":635,"href":"https:\/\/tveventos.tv.br\/index.php?rest_route=\/wp\/v2\/posts\/633\/revisions\/635"}],"wp:featuredmedia":[{"embeddable":true,"href":"https:\/\/tveventos.tv.br\/index.php?rest_route=\/wp\/v2\/media\/634"}],"wp:attachment":[{"href":"https:\/\/tveventos.tv.br\/index.php?rest_route=%2Fwp%2Fv2%2Fmedia&parent=633"}],"wp:term":[{"taxonomy":"category","embeddable":true,"href":"https:\/\/tveventos.tv.br\/index.php?rest_route=%2Fwp%2Fv2%2Fcategories&post=633"},{"taxonomy":"post_tag","embeddable":true,"href":"https:\/\/tveventos.tv.br\/index.php?rest_route=%2Fwp%2Fv2%2Ftags&post=633"}],"curies":[{"name":"wp","href":"https:\/\/api.w.org\/{rel}","templated":true}]}}