{"id":644,"date":"2024-01-29T17:33:56","date_gmt":"2024-01-29T20:33:56","guid":{"rendered":"https:\/\/tveventos.tv.br\/?p=644"},"modified":"2024-01-29T17:34:00","modified_gmt":"2024-01-29T20:34:00","slug":"tendencias-2024-flores-e-plantas-permanentes-ganham-destaque-na-12a-edicao-da-abcasa-fair","status":"publish","type":"post","link":"https:\/\/tveventos.tv.br\/?p=644","title":{"rendered":"TEND\u00caNCIAS 2024: Flores e Plantas permanentes ganham destaque na 12\u00aa edi\u00e7\u00e3o da ABCASA FAIR"},"content":{"rendered":"\n<p class=\"has-text-align-center\"><em>Principal feira de neg\u00f3cios de artigos para casa e decora\u00e7\u00e3o apresenta as novidades do segmento<\/em><\/p>\n\n\n\n<p>A 12\u00aa edi\u00e7\u00e3o da ABCasa Fair, principal feira de neg\u00f3cios B2B (business-to-business) de decora\u00e7\u00e3o da Am\u00e9rica Latina, vai reservar um espa\u00e7o especial para o segmento de flores permanentes. O evento deve reunir mais de 50 mil visitantes entre os dias 04 e 07 de fevereiro no Expo Center Norte, em S\u00e3o Paulo (SP).<\/p>\n\n\n\n<p>De modo geral, a produ\u00e7\u00e3o local de artigos para casa, decora\u00e7\u00e3o, presentes, UD (Utilidades Dom\u00e9sticas) e celebra\u00e7\u00f5es em 2022 correspondeu a R$ 54 bilh\u00f5es, em valores l\u00edquidos, sem impostos, e gerou mais de 458 mil empregos diretos ao logo do ano. Segundo o &#8220;Estudo do Mercado de artigos para casa, decora\u00e7\u00e3o, presentes, utilidades dom\u00e9sticas e celebra\u00e7\u00f5es &#8211; 2023&#8221;, realizado pela ABCasa em parceria com o IEMI \u2013 Intelig\u00eancia de Mercado.<\/p>\n\n\n\n<p>E, quando se trata de decora\u00e7\u00e3o, as plantas e flores permanentes est\u00e3o cada vez mais presentes nas casas e apartamentos como um item decorativo que traz charme, eleg\u00e2ncia e bem-estar.<br><br>Por isso, o segmento deve atrair muitos olhares durante a 12\u00aa edi\u00e7\u00e3o da ABCasa Fair.\u00a0<\/p>\n\n\n\n<p><a href=\"https:\/\/abcasa.org.br\/\" target=\"_blank\" rel=\"noreferrer noopener\"><strong>Sobre a ABCasa<\/strong><\/a><\/p>\n\n\n\n<p>A ABCasa &#8211; Associa\u00e7\u00e3o Brasileira de Artigos para a Casa, Decora\u00e7\u00e3o, Presentes, Utilidades Dom\u00e9sticas, Festas, Flores e T\u00eaxtil &#8211; \u00e9 uma entidade sem fins lucrativos, que se constitui como a mais representativa do setor. Seu objetivo principal \u00e9 fortalecer o segmento e criar uma base de relacionamento entre empresas, entidades de classe, fornecedores, distribuidores, importadoras e profissionais.<\/p>\n\n\n\n<p>Com mais de 650 associados, a organiza\u00e7\u00e3o auxilia na matura\u00e7\u00e3o do mercado de artigos para a casa e celebra\u00e7\u00e3o, oferecendo conte\u00fados, estudos setoriais e organizando eventos importantes que geram excelentes oportunidades de neg\u00f3cios aos associados.<\/p>\n\n\n\n<p><a href=\"https:\/\/abcasafair.com.br\/\" target=\"_blank\" rel=\"noreferrer noopener\"><strong>Sobre ABCasa Fair<\/strong><\/a><\/p>\n\n\n\n<p>Organizada e realizada pela ABCasa \u2013 Associa\u00e7\u00e3o Brasileira de artigos para casa, decora\u00e7\u00e3o, presente criativos, papelaria, utilidades dom\u00e9sticas, festas, flores e t\u00eaxteis para o lar \u2013, a ABCasa Fair \u00e9 uma feira B2B (business-to-business) que congrega lideran\u00e7as de neg\u00f3cios do setor para alcan\u00e7ar o que h\u00e1 de melhor em artigos para casa, presentes e festas. O evento tem a miss\u00e3o de transformar o mercado de modo sustent\u00e1vel, competitivo e inovador.<\/p>\n","protected":false},"excerpt":{"rendered":"<p>Principal feira de neg\u00f3cios de artigos para casa e decora\u00e7\u00e3o apresenta as novidades do segmento A 12\u00aa edi\u00e7\u00e3o da ABCasa Fair, principal feira de neg\u00f3cios B2B (business-to-business) de decora\u00e7\u00e3o da Am\u00e9rica Latina, vai reservar um espa\u00e7o especial para o segmento de flores permanentes. O evento deve reunir mais de 50 mil visitantes entre os dias [&hellip;]<\/p>\n","protected":false},"author":2,"featured_media":646,"comment_status":"open","ping_status":"open","sticky":false,"template":"","format":"standard","meta":{"footnotes":""},"categories":[1],"tags":[],"class_list":{"0":"post-644","1":"post","2":"type-post","3":"status-publish","4":"format-standard","5":"has-post-thumbnail","7":"category-workshopsepalestras"},"_links":{"self":[{"href":"https:\/\/tveventos.tv.br\/index.php?rest_route=\/wp\/v2\/posts\/644","targetHints":{"allow":["GET"]}}],"collection":[{"href":"https:\/\/tveventos.tv.br\/index.php?rest_route=\/wp\/v2\/posts"}],"about":[{"href":"https:\/\/tveventos.tv.br\/index.php?rest_route=\/wp\/v2\/types\/post"}],"author":[{"embeddable":true,"href":"https:\/\/tveventos.tv.br\/index.php?rest_route=\/wp\/v2\/users\/2"}],"replies":[{"embeddable":true,"href":"https:\/\/tveventos.tv.br\/index.php?rest_route=%2Fwp%2Fv2%2Fcomments&post=644"}],"version-history":[{"count":1,"href":"https:\/\/tveventos.tv.br\/index.php?rest_route=\/wp\/v2\/posts\/644\/revisions"}],"predecessor-version":[{"id":647,"href":"https:\/\/tveventos.tv.br\/index.php?rest_route=\/wp\/v2\/posts\/644\/revisions\/647"}],"wp:featuredmedia":[{"embeddable":true,"href":"https:\/\/tveventos.tv.br\/index.php?rest_route=\/wp\/v2\/media\/646"}],"wp:attachment":[{"href":"https:\/\/tveventos.tv.br\/index.php?rest_route=%2Fwp%2Fv2%2Fmedia&parent=644"}],"wp:term":[{"taxonomy":"category","embeddable":true,"href":"https:\/\/tveventos.tv.br\/index.php?rest_route=%2Fwp%2Fv2%2Fcategories&post=644"},{"taxonomy":"post_tag","embeddable":true,"href":"https:\/\/tveventos.tv.br\/index.php?rest_route=%2Fwp%2Fv2%2Ftags&post=644"}],"curies":[{"name":"wp","href":"https:\/\/api.w.org\/{rel}","templated":true}]}}