{"id":648,"date":"2024-01-30T17:45:02","date_gmt":"2024-01-30T20:45:02","guid":{"rendered":"https:\/\/tveventos.tv.br\/?p=648"},"modified":"2024-01-30T17:45:06","modified_gmt":"2024-01-30T20:45:06","slug":"aviso-de-credenciamento-abrin-2024","status":"publish","type":"post","link":"https:\/\/tveventos.tv.br\/?p=648","title":{"rendered":"\u00a0            AVISO DE CREDENCIAMENTO &#8211; ABRIN 2024"},"content":{"rendered":"\n<p class=\"has-text-align-center\"><em>J\u00e1 est\u00e1 aberto o credenciamento de p\u00fablico para a maior feira da ind\u00fastria de brinquedos da Am\u00e9rica Latina; imprensa e influenciadores podem se credenciar a partir de 05 de fevereiro<\/em><\/p>\n\n\n\n<p>A aguardada&nbsp;<a href=\"https:\/\/s2401.imxsnd02.com\/link.php?code=bDpodHRwcyUzQSUyRiUyRmFicmluLmNvbS5iciUyRiUzRnV0bV9zb3VyY2UlM0Rhc3Nlc3NvcmlhLWRlLWltcHJlbnNhJTI2dXRtX21lZGl1bSUzRGFzc2Vzc29yaWEtZGUtaW1wcmVuc2ElMjZ1dG1fY2FtcGFpZ24lM0Rhc3Nlc3NvcmlhLWRlLWltcHJlbnNhOjIxMzgwNDc0NjpyZWRhY2FvdHZldmVudG9zQGdtYWlsLmNvbTo2MjgwYzk%0D6NmM=\" target=\"_blank\" rel=\"noreferrer noopener\"><u>Feira ABRIN 2024<\/u><\/a>, principal evento do setor de brinquedos e entretenimento infantil da Am\u00e9rica Latina, anuncia a abertura do processo de credenciamento de profissionais da imprensa e criadores de conte\u00fado para a sua 40\u00aa edi\u00e7\u00e3o. A feira desse ano acontece de 03 a 06 de mar\u00e7o, com 150 expositores, e mais de 1.500 novidades para serem apresentadas a lojistas e entusiastas do setor.&nbsp;<a href=\"https:\/\/s2401.imxsnd02.com\/link.php?code=bDpodHRwcyUzQSUyRiUyRmFicmluLmNvbS5iciUyRnByb2dyYW1hY2FvJTJGJTNGdXRtX3NvdXJjZSUzRGFzc2Vzc29yaWEtZGUtaW1wcmVuc2ElMjZ1dG1fbWVkaXVtJTNEYXNzZXNzb3JpYS1kZS1pbXByZW5zYSUyNnV0bV9jYW1wYWlnbiUzRGFzc2Vzc29yaWEtZGUtaW1wcmVuc2E6MjEzODA0NzQ2OnJlZGFjYW90dmV2ZW50b3NAZ21%0DhaWwuY29tOmY1MDQ4MTo2Yw==\" target=\"_blank\" rel=\"noreferrer noopener\"><u>A programa\u00e7\u00e3o completa desta edi\u00e7\u00e3o j\u00e1 est\u00e1 dispon\u00edvel em nosso site.<\/u><\/a>&nbsp;<\/p>\n\n\n\n<p>Os p\u00fablicos interessados devem solicitar o&nbsp;<a href=\"https:\/\/s2401.imxsnd02.com\/link.php?code=bDpodHRwcyUzQSUyRiUyRmFicmluLmNvbS5iciUyRmNyZWRlbmNpYW1lbnRvJTJGJTNGdXRtX3NvdXJjZSUzRGFzc2Vzc29yaWEtZGUtaW1wcmVuc2ElMjZ1dG1fbWVkaXVtJTNEYXNzZXNzb3JpYS1kZS1pbXByZW5zYSUyNnV0bV9jYW1wYWlnbiUzRGFzc2Vzc29yaWEtZGUtaW1wcmVuc2E6MjEzODA0NzQ2OnJlZGFjYW90dmV2ZW50b3N%0DAZ21haWwuY29tOjgxMjllZTo2Yw==\" target=\"_blank\" rel=\"noreferrer noopener\"><u>credenciamento gratuito pelo site oficial da feira<\/u><\/a>.&nbsp;<strong>Criadores de conte\u00fado e influenciadores<\/strong>&nbsp;poder\u00e3o solicitar o credenciamento entre 05 e 25 de fevereiro. J\u00e1 os&nbsp;<strong>jornalistas e m\u00eddias especializadas<\/strong>&nbsp;poder\u00e3o se credenciar entre 05 e 29 de fevereiro, por meio do site. Ap\u00f3s este per\u00edodo, o credenciamento acontece diretamente na feira, mediante comprova\u00e7\u00e3o no balc\u00e3o de atendimento.<\/p>\n\n\n\n<p>Para ambos os pedidos de credenciamento, ressaltamos que somente ser\u00e3o recebidos pelo site oficial da feira,&nbsp;<a href=\"https:\/\/s2401.imxsnd02.com\/link.php?code=bDpodHRwcyUzQSUyRiUyRmFicmluLmNvbS5iciUyRmNyZWRlbmNpYW1lbnRvJTJGJTNGdXRtX3NvdXJjZSUzRGFzc2Vzc29yaWEtZGUtaW1wcmVuc2ElMjZ1dG1fbWVkaXVtJTNEYXNzZXNzb3JpYS1kZS1pbXByZW5zYSUyNnV0bV9jYW1wYWlnbiUzRGFzc2Vzc29yaWEtZGUtaW1wcmVuc2E6MjEzODA0NzQ2OnJlZGFjYW90dmV2ZW50b3N%0DAZ21haWwuY29tOjgxMjllZTo2Yw==\" target=\"_blank\" rel=\"noreferrer noopener\"><u>clicando aqui<\/u><\/a>. Confira as regras para o credenciamento a seguir:<\/p>\n\n\n\n<p><strong>Credenciamento Geral:<\/strong>&nbsp;<\/p>\n\n\n\n<p>Lojistas, ind\u00fastrias, e-commerces e fornecedores com CNPJ ou profissionais da \u00e1rea e novos empreendedores, est\u00e3o convidados a participar do evento que reunir\u00e1 as principais tend\u00eancias e inova\u00e7\u00f5es da ind\u00fastria de brinquedos. O credenciamento j\u00e1 est\u00e1 aberto e pode ser feito&nbsp;<a href=\"https:\/\/s2401.imxsnd02.com\/link.php?code=bDpodHRwcyUzQSUyRiUyRmFicmluLmNvbS5iciUyRmNyZWRlbmNpYW1lbnRvJTJGOjIxMzgwNDc0NjpyZWRhY2FvdHZldmVudG9zQGdtYWlsLmNvbTowNmViZmU6NmM=\" target=\"_blank\" rel=\"noreferrer noopener\"><u>diretamente pelo site.<\/u><\/a>&nbsp;<\/p>\n\n\n\n<p><strong>Credenciamento Imprensa:<\/strong>&nbsp;<\/p>\n\n\n\n<p>Jornalistas, rep\u00f3rteres e profissionais de m\u00eddia ter\u00e3o a chance de cobrir em primeira m\u00e3o os destaques da ABRIN 2024. O atendimento \u00e0 imprensa \u00e9 centralizado no e-mail&nbsp;<a href=\"https:\/\/s2401.imxsnd02.com\/link.php?code=bDpodHRwcyUzQSUyRiUyRmFicmluJTQwYXBwcm9hY2guY29tLmJyOjIxMzgwNDc0NjpyZWRhY2FvdHZldmVudG9zQGdtYWlsLmNvbTpjMDhiMjk6NmM=\" target=\"_blank\" rel=\"noreferrer noopener\">abrin\uff20approach\u0702com\u0702br<\/a>.<\/p>\n\n\n\n<p>Com o credenciamento, o profissional de imprensa ter\u00e1 acesso privilegiado a entrevistas com expositores, coletivas de imprensa e a oportunidade de divulgar as \u00faltimas novidades do setor. Cabe lembrar, por\u00e9m, que os agendamentos e solicita\u00e7\u00f5es devem ser realizados diretamente com marcas e expositores.<\/p>\n\n\n\n<p>Profissionais da imprensa s\u00f3 ser\u00e3o credenciados mediante comprova\u00e7\u00e3o de v\u00ednculo com site, jornal ou portal de not\u00edcias, que deve ser linkado no momento do credenciamento.<\/p>\n\n\n\n<p><strong>Credenciamento de Criadores de Conte\u00fado:<\/strong>&nbsp;<\/p>\n\n\n\n<p>Influenciadores digitais, criadores de conte\u00fado e personalidades online ter\u00e3o acesso especial para explorar e compartilhar as \u00faltimas tend\u00eancias do setor de brinquedos. Ser\u00e3o aprovados neste credenciamento apenas perfis com, pelo menos, 5 mil seguidores na rede social e que tenham os conte\u00fados alinhados com o segmento da feira.<\/p>\n\n\n\n<p>Crian\u00e7as e adolescentes, sendo eles menores de idade, somente ser\u00e3o credenciados mediante a aprova\u00e7\u00e3o de credenciamento de seu respons\u00e1vel.&nbsp;<strong>A presen\u00e7a de menores de idade na feira desacompanhados n\u00e3o \u00e9 permitida.<\/strong>&nbsp;<\/p>\n\n\n\n<p>A&nbsp;<strong>ABRIN 2024<\/strong>&nbsp;refor\u00e7a seu compromisso em proporcionar um ambiente inclusivo e enriquecedor para todos os participantes, promovendo a troca de ideias e o fortalecimento da ind\u00fastria de brinquedos no Brasil.<\/p>\n\n\n\n<p><\/p>\n\n\n\n<p><strong><u>SERVI\u00c7O<\/u><\/strong>\u202f<\/p>\n\n\n\n<p><strong>ABRIN 2024 \u2013 40\u00aa Feira Internacional de Brinquedos<\/strong>\u202f<\/p>\n\n\n\n<p><strong>Dias e hor\u00e1rios:&nbsp;<\/strong>De 03 a 05 de mar\u00e7o, das 10h \u00e0s 20h \/ 06 de mar\u00e7o, das 10h \u00e0s 18h.\u202f<\/p>\n\n\n\n<p><strong>Local: Expo Center Norte &#8211;&nbsp;<\/strong>Rua Jos\u00e9 Bernardo Pinto, 333, S\u00e3o Paulo \u2013 SP<\/p>\n\n\n\n<p><strong>Site oficial ABRIN 2024 \u2013<\/strong>&nbsp;<a href=\"https:\/\/s2401.imxsnd02.com\/link.php?code=bDpodHRwcyUzQSUyRiUyRmFicmluLmNvbS5iciUyRiUzRnV0bV9zb3VyY2UlM0Rhc3Nlc3NvcmlhLWRlLWltcHJlbnNhJTI2dXRtX21lZGl1bSUzRGFzc2Vzc29yaWEtZGUtaW1wcmVuc2ElMjZ1dG1fY2FtcGFpZ24lM0Rhc3Nlc3NvcmlhLWRlLWltcHJlbnNhOjIxMzgwNDc0NjpyZWRhY2FvdHZldmVudG9zQGdtYWlsLmNvbTo2MjgwYzk%0D6NmM=\" target=\"_blank\" rel=\"noreferrer noopener\"><u>clique aqui<\/u><\/a>&nbsp;<\/p>\n\n\n\n<p><strong>P\u00e1gina oficial para credenciamento ABRIN 2024<\/strong>\u00a0\u2013\u00a0<a href=\"https:\/\/s2401.imxsnd02.com\/link.php?code=bDpodHRwcyUzQSUyRiUyRmFicmluLmNvbS5iciUyRmNyZWRlbmNpYW1lbnRvJTJGJTNGdXRtX3NvdXJjZSUzRGFzc2Vzc29yaWEtZGUtaW1wcmVuc2ElMjZ1dG1fbWVkaXVtJTNEYXNzZXNzb3JpYS1kZS1pbXByZW5zYSUyNnV0bV9jYW1wYWlnbiUzRGFzc2Vzc29yaWEtZGUtaW1wcmVuc2E6MjEzODA0NzQ2OnJlZGFjYW90dmV2ZW50b3N%0DAZ21haWwuY29tOjgxMjllZTo2Yw==\" target=\"_blank\" rel=\"noreferrer noopener\"><u>clique aqui<\/u><\/a>\u00a0<\/p>\n\n\n\n<p><em><strong>Evento voltado para lojistas e profissionais do setor. N\u00e3o \u00e9 permitida a entrada de menores de 12 anos, mesmo acompanhados (exceto lactentes com at\u00e9 24 meses e influenciadores autorizados pela organiza\u00e7\u00e3o).<\/strong><\/em>\u00a0<\/p>\n\n\n\n<p><em><strong>Sobre a ABRIN<\/strong>\u202f\u202f<\/em>&nbsp;<\/p>\n\n\n\n<p><em>Ao longo das d\u00e9cadas, a Feira Abrin fomentou o mercado nacional ao trazer as mais recentes novidades e importantes pautas do setor de brinquedos. Agora, algo igualmente grandioso est\u00e1 por vir: a edi\u00e7\u00e3o especial em comemora\u00e7\u00e3o \u00e0s 40\u00aa edi\u00e7\u00f5es do principal evento de brinquedos da Am\u00e9rica Latina! Em 2024, vamos reunir milhares de visitantes, mais de 150 expositores e 1.500 lan\u00e7amentos no encontro que abre a temporada de neg\u00f3cios no ano.\u202f<\/em>&nbsp;<\/p>\n\n\n\n<p><em>Acesse o site oficial da&nbsp;<\/em><a href=\"https:\/\/s2401.imxsnd02.com\/link.php?code=bDpodHRwcyUzQSUyRiUyRmFicmluLmNvbS5iciUyRiUzRnV0bV9zb3VyY2UlM0Rhc3Nlc3NvcmlhLWRlLWltcHJlbnNhJTI2dXRtX21lZGl1bSUzRGFzc2Vzc29yaWEtZGUtaW1wcmVuc2ElMjZ1dG1fY2FtcGFpZ24lM0Rhc3Nlc3NvcmlhLWRlLWltcHJlbnNhOjIxMzgwNDc0NjpyZWRhY2FvdHZldmVudG9zQGdtYWlsLmNvbTo2MjgwYzk%0D6NmM=\" target=\"_blank\" rel=\"noreferrer noopener\"><u>Feira ABRIN 2024<\/u><\/a><em>&nbsp;e confira a programa\u00e7\u00e3o deste ano&nbsp;<\/em><a href=\"https:\/\/s2401.imxsnd02.com\/link.php?code=bDpodHRwcyUzQSUyRiUyRmFicmluLmNvbS5iciUyRnByb2dyYW1hY2FvJTJGJTNGdXRtX3NvdXJjZSUzRGFzc2Vzc29yaWEtZGUtaW1wcmVuc2ElMjZ1dG1fbWVkaXVtJTNEYXNzZXNzb3JpYS1kZS1pbXByZW5zYSUyNnV0bV9jYW1wYWlnbiUzRGFzc2Vzc29yaWEtZGUtaW1wcmVuc2E6MjEzODA0NzQ2OnJlZGFjYW90dmV2ZW50b3NAZ21%0DhaWwuY29tOmY1MDQ4MTo2Yw==\" target=\"_blank\" rel=\"noreferrer noopener\"><u>clicando aqui.<\/u><\/a>&nbsp;<\/p>\n\n\n\n<p><em><strong>Sobre a Francal<\/strong>&nbsp;<\/em>&nbsp;<\/p>\n\n\n\n<p><em>Desde 1969, a Francal Feiras \u00e9 sin\u00f4nimo de neg\u00f3cios e pioneirismo. Com mais de cinco d\u00e9cadas de atua\u00e7\u00e3o, \u00e9 uma das maiores e mais tradicionais promotoras de eventos do pa\u00eds, com capital 100% nacional. Os neg\u00f3cios originados pelos 15 eventos de seu portf\u00f3lio movimentam a economia e contribuem para o desenvolvimento de todas as regi\u00f5es do Brasil.<\/em>&nbsp;<\/p>\n\n\n\n<p><em>\u202f<\/em>&nbsp;<\/p>\n\n\n\n<p><em><strong>Sobre a ABRINQ\u202f\u202f<\/strong>\u202f\u202f<\/em>&nbsp;<\/p>\n\n\n\n<p><em>A Associa\u00e7\u00e3o Brasileira dos Fabricantes de Brinquedos &#8211; ABRINQ \u00e9 a entidade de classe de representa\u00e7\u00e3o da ind\u00fastria e do setor de brinquedos e realizadora da ABRIN.<\/em><\/p>\n","protected":false},"excerpt":{"rendered":"<p>J\u00e1 est\u00e1 aberto o credenciamento de p\u00fablico para a maior feira da ind\u00fastria de brinquedos da Am\u00e9rica Latina; imprensa e influenciadores podem se credenciar a partir de 05 de fevereiro A aguardada&nbsp;Feira ABRIN 2024, principal evento do setor de brinquedos e entretenimento infantil da Am\u00e9rica Latina, anuncia a abertura do processo de credenciamento de profissionais [&hellip;]<\/p>\n","protected":false},"author":2,"featured_media":650,"comment_status":"open","ping_status":"open","sticky":false,"template":"","format":"standard","meta":{"footnotes":""},"categories":[1],"tags":[],"class_list":{"0":"post-648","1":"post","2":"type-post","3":"status-publish","4":"format-standard","5":"has-post-thumbnail","7":"category-workshopsepalestras"},"_links":{"self":[{"href":"https:\/\/tveventos.tv.br\/index.php?rest_route=\/wp\/v2\/posts\/648","targetHints":{"allow":["GET"]}}],"collection":[{"href":"https:\/\/tveventos.tv.br\/index.php?rest_route=\/wp\/v2\/posts"}],"about":[{"href":"https:\/\/tveventos.tv.br\/index.php?rest_route=\/wp\/v2\/types\/post"}],"author":[{"embeddable":true,"href":"https:\/\/tveventos.tv.br\/index.php?rest_route=\/wp\/v2\/users\/2"}],"replies":[{"embeddable":true,"href":"https:\/\/tveventos.tv.br\/index.php?rest_route=%2Fwp%2Fv2%2Fcomments&post=648"}],"version-history":[{"count":2,"href":"https:\/\/tveventos.tv.br\/index.php?rest_route=\/wp\/v2\/posts\/648\/revisions"}],"predecessor-version":[{"id":652,"href":"https:\/\/tveventos.tv.br\/index.php?rest_route=\/wp\/v2\/posts\/648\/revisions\/652"}],"wp:featuredmedia":[{"embeddable":true,"href":"https:\/\/tveventos.tv.br\/index.php?rest_route=\/wp\/v2\/media\/650"}],"wp:attachment":[{"href":"https:\/\/tveventos.tv.br\/index.php?rest_route=%2Fwp%2Fv2%2Fmedia&parent=648"}],"wp:term":[{"taxonomy":"category","embeddable":true,"href":"https:\/\/tveventos.tv.br\/index.php?rest_route=%2Fwp%2Fv2%2Fcategories&post=648"},{"taxonomy":"post_tag","embeddable":true,"href":"https:\/\/tveventos.tv.br\/index.php?rest_route=%2Fwp%2Fv2%2Ftags&post=648"}],"curies":[{"name":"wp","href":"https:\/\/api.w.org\/{rel}","templated":true}]}}