{"id":654,"date":"2024-01-31T13:18:31","date_gmt":"2024-01-31T16:18:31","guid":{"rendered":"https:\/\/tveventos.tv.br\/?p=654"},"modified":"2024-01-31T14:11:16","modified_gmt":"2024-01-31T17:11:16","slug":"mt-expo-sera-a-principal-plataforma-de-lancamentos-de-equipamentos-de-movimentacao-de-terra-em-2024","status":"publish","type":"post","link":"https:\/\/tveventos.tv.br\/?p=654","title":{"rendered":"M&#038;T Expo ser\u00e1 a principal plataforma de lan\u00e7amentos de equipamentos de movimenta\u00e7\u00e3o de terra em 2024"},"content":{"rendered":"\n<p class=\"has-text-align-center\"><em>Com investimentos constantes em inova\u00e7\u00e3o e tecnologia, os principais fabricantes mostrar\u00e3o como o setor est\u00e1 preparado para atender demandas por produtividade, seguran\u00e7a e neutralidade de carbono<\/em><\/p>\n\n\n\n<p>Um ano de boas perspectivas para o mercado de equipamentos da linha amarela (movimenta\u00e7\u00e3o de terra), com a estimativa de crescimento de cerca de 7% nas vendas de m\u00e1quinas em 2024 ante 2023, chegando a mais de 33 mil unidades comercializadas, segundo o Estudo Sobratema do Mercado Brasileiro de Equipamentos para Constru\u00e7\u00e3o. Esse montante contar\u00e1 com a contribui\u00e7\u00e3o da&nbsp;<strong>M&amp;T Expo \u2013 part of bauma NETWORK, principal feira de m\u00e1quinas e equipamentos para constru\u00e7\u00e3o e minera\u00e7\u00e3o da Am\u00e9rica Latina<\/strong>, que ser\u00e1 realizada de&nbsp;<strong>23 a 26 de abril de 2024<\/strong>, no&nbsp;<strong>S\u00e3o Paulo Expo<\/strong>, e que, ao longo de quase tr\u00eas d\u00e9cadas tem contribu\u00eddo para fomentar o desenvolvimento sustent\u00e1vel do setor na Am\u00e9rica Latina.<\/p>\n\n\n\n<p>De acordo com o Estudo da Sobratema, 76% das empresas participantes avaliaram que o mercado deve crescer em 2024. Esse otimismo est\u00e1 em sinergia com a expectativa dos mais de 35 mil visitantes da feira, em conhecer os principais lan\u00e7amentos em equipamentos para constru\u00e7\u00e3o e minera\u00e7\u00e3o, que ser\u00e3o apresentados pelos principais fabricantes do setor: BMC Hyundai, Case Construction Equipment, Caterpillar, Develon, John Deere, Wirtgen, Komatsu, Liebherr, LiuGong, Manitowoc, M\u00fcller, New Holland Construction, Romanelli, Sany, SDLG, Volvo Construction Equipment, XCMG, Yanmar e Zoomlion.<\/p>\n\n\n\n<p>Rolf Pickert, CEO da&nbsp;<strong>Messe Muenchen do Brasil<\/strong>, organizadora e promotora da&nbsp;<strong>12\u00aa edi\u00e7\u00e3o da M&amp;T Expo<\/strong>, destaca que o p\u00fablico ter\u00e1 a oportunidade de conhecer o futuro do mercado para constru\u00e7\u00e3o e minera\u00e7\u00e3o, uma vez que os fabricantes realizam investimentos constantes para atender as demandas dos mercados de constru\u00e7\u00e3o, infraestrutura, minera\u00e7\u00e3o, agroneg\u00f3cio, florestal e ind\u00fastria.<\/p>\n\n\n\n<p>\u201cOs equipamentos est\u00e3o cada vez mais modernos, com alta tecnologia embarcada, que vem revolucionando a forma de operar as m\u00e1quinas, contribuindo para a maior produtividade, seguran\u00e7a, qualidade e efici\u00eancia. Atualmente, tamb\u00e9m estamos acompanhando as novidades em eletrifica\u00e7\u00e3o e outros tipos de motoriza\u00e7\u00e3o para diminuir as emiss\u00f5es de carbono durante a opera\u00e7\u00e3o\u201d, comenta Pickert.<\/p>\n\n\n\n<p>Com o apoio institucional da Associa\u00e7\u00e3o Brasileira da Tecnologia para Constru\u00e7\u00e3o e Minera\u00e7\u00e3o (Sobratema), a&nbsp;<strong>M&amp;T Expo 2024 \u2013 part of bauma NETWORK<\/strong>, ser\u00e1 palco ainda de lan\u00e7amentos nas \u00e1reas de i\u00e7amento e movimenta\u00e7\u00e3o de cargas e pessoas, concreto e asfalto e de componentes e servi\u00e7os. O credenciamento para visitar a feira est\u00e1 aberto e pode ser feito por meio deste<a href=\"https:\/\/sigevent.pro\/mtexpo\/visitantes\/index.php?id_edicao=133&amp;linguagem=portugues&amp;id_categoria=\" target=\"_blank\" rel=\"noreferrer noopener\">&nbsp;link<\/a>.<\/p>\n\n\n\n<p><strong>Atra\u00e7\u00f5es 2024<\/strong><\/p>\n\n\n\n<p>O p\u00fablico participante tamb\u00e9m ter\u00e1 a chance de conferir as atra\u00e7\u00f5es programadas para esta edi\u00e7\u00e3o do evento, como a&nbsp;<strong>Arena de Demonstra\u00e7\u00e3o<\/strong>, com m\u00e1quinas dos expositores em opera\u00e7\u00e3o em tempo real, uma s\u00e9rie de atividades de conte\u00fado, cursos gratuitos para treinamento de operadores, e o&nbsp;<strong>Museu de M\u00e1quinas do Brasil<\/strong>, ativa\u00e7\u00e3o in\u00e9dita no pa\u00eds.<\/p>\n\n\n\n<p>Para aprimorar o conhecimento e a troca de informa\u00e7\u00f5es, a&nbsp;<strong>M&amp;T Expo<\/strong>&nbsp;tamb\u00e9m est\u00e1 preparando uma s\u00e9rie de eventos de conte\u00fado, realizados por importantes entidades nacionais e por parceiros estrat\u00e9gicos, como o&nbsp;<strong>Congresso Nacional de Valoriza\u00e7\u00e3o do Rental<\/strong>, uma iniciativa da Associa\u00e7\u00e3o Brasileira dos Sindicatos e Associa\u00e7\u00f5es Representantes dos Locadores de Equipamentos, M\u00e1quinas e Ferramentas (Analoc), o&nbsp;<strong>Semin\u00e1rio de Minera\u00e7\u00e3o de Agregados<\/strong>, em parceria com a ANEPAC &#8211; Associa\u00e7\u00e3o Nacional das Entidades De Produtores de Agregados para Constru\u00e7\u00e3o, CSCM &#8211; C\u00e2mara Setorial de M\u00e1quinas e Equipamentos para Minera\u00e7\u00e3o e Cimento da ABIMAQ &#8211;&nbsp; Associa\u00e7\u00e3o Brasileira da Ind\u00fastria de M\u00e1quinas e Equipamentos e Revista Brasil Mineral; o&nbsp;<strong>F\u00f3rum \u201cESG na Constru\u00e7\u00e3o e Minera\u00e7\u00e3o \u2013 As melhores pr\u00e1ticas para a sustentabilidade aliada \u00e0 competitividade\u201d,<\/strong>&nbsp;em parceria com os portais de not\u00edcias Conex\u00e3o Mineral e Conex\u00e3o Constru\u00e7\u00e3o, apoio institucional do IBRAM &#8211; Instituto Brasileiro de Minera\u00e7\u00e3o e patroc\u00ednio da METSO;&nbsp;<strong>ABRASFE Tech Talks&nbsp;<\/strong>&#8211; Associa\u00e7\u00e3o Brasileira de F\u00f4rmas, Escoramentos e Acesso e<strong>&nbsp;Simp\u00f3sio VDMA<\/strong>&nbsp;&#8211; Associa\u00e7\u00e3o Alem\u00e3 de Fabricantes de M\u00e1quinas e Instala\u00e7\u00f5es Industriais.<\/p>\n\n\n\n<p>Na \u00e1rea de capacita\u00e7\u00e3o profissional, ser\u00e3o ofertados&nbsp;<strong>cursos gratuitos para treinamento de operadore<\/strong><strong>s<\/strong>&nbsp;durante o evento, em parceria com a Associa\u00e7\u00e3o Paulista dos Empreiteiros e Locadores de M\u00e1quinas de Terraplenagem, Ar Comprimido, Hidr\u00e1ulico e Equipamentos de Constru\u00e7\u00e3o Civil (Apelmat). Ser\u00e3o duas turmas que contar\u00e3o com aulas te\u00f3ricas e pr\u00e1ticas e receber\u00e3o certificado NR12 ap\u00f3s a conclus\u00e3o e o projeto&nbsp;<strong>M&amp;T Capacita<\/strong>, um projeto que promove e incentiva o desenvolvimento de profissionais para atender as diversas demandas do setor de equipamentos para constru\u00e7\u00e3o e minera\u00e7\u00e3o. Em parceria com institui\u00e7\u00f5es estrat\u00e9gicas, como&nbsp;<strong>3X Mais Treinamentos, APELMAT e Instituto Opus<\/strong>, visitantes e expositores ter\u00e3o condi\u00e7\u00f5es exclusivas de acesso a diversas modalidades de treinamentos para atualiza\u00e7\u00e3o e forma\u00e7\u00e3o de novos profissionais.<\/p>\n\n\n\n<p>O credenciamento de visitantes \u00e9 obrigat\u00f3rio para entrada no evento e j\u00e1 est\u00e1 dispon\u00edvel neste<a href=\"https:\/\/www.mtexpo.com.br\/credenciamento\" target=\"_blank\" rel=\"noreferrer noopener\">&nbsp;link<\/a>.<\/p>\n\n\n\n<p><strong>Servi\u00e7o:<br><\/strong><strong>Data:<\/strong>&nbsp;23 a 26 de abril de 2024&nbsp;<br><strong>Hor\u00e1rio:<\/strong>&nbsp;13h \u00e0s 20h&nbsp;<br><strong>Local:<\/strong>&nbsp;S\u00e3o Paulo Expo, SP&nbsp;<br><strong>Credenciamento gratuito:&nbsp;<\/strong><a href=\"https:\/\/www.mtexpo.com.br\/credenciamento\" target=\"_blank\" rel=\"noreferrer noopener\">https:\/\/www.mtexpo.com.br\/credenciamento<\/a>&nbsp;<br><strong>Expositores confirmados:<\/strong>&nbsp;<a href=\"https:\/\/vitrinedenegocios.mtexpo.com.br\/event\/mt-expo\/exhibitors\" target=\"_blank\" rel=\"noreferrer noopener\">https:\/\/vitrinedenegocios.mtexpo.com.br\/event\/mt-expo\/exhibitors<\/a>&nbsp;&nbsp;<\/p>\n\n\n\n<p><strong>Sobre a Messe M\u00fcnchen<\/strong><\/p>\n\n\n\n<p>Como uma das maiores empresas de feiras do mundo, com cerca de 50 feiras de bens de capital, bens de consumo e novas tecnologias, a Messe M\u00fcnchen estabelece novos padr\u00f5es para inova\u00e7\u00e3o, flexibilidade e networking. Juntamente com as principais feiras internacionais, como bauma, electronica, IFAT e BAU, a Messe M\u00fcnchen est\u00e1 constantemente expandindo seu portf\u00f3lio, adicionando, por exemplo, formatos digitais. Em sua sede em Munique, realiza feiras, confer\u00eancias e eventos de alta qualidade. Atua em todos os importantes mercados em crescimento, como a China, \u00cdndia, Brasil e Turquia. Com sua rede de empresas associadas e ag\u00eancias estrangeiras, est\u00e1 presente em mais de 100 pa\u00edses.<\/p>\n\n\n\n<p><strong>Sobre a Messe&nbsp;Muenchen&nbsp;do Brasil<\/strong>&nbsp;<\/p>\n\n\n\n<p>Como parte da estrat\u00e9gia de expans\u00e3o internacional, em 2017 foi fundada a subsidi\u00e1ria Messe Muenchen do Brasil com o prop\u00f3sito de trazer para o mercado nacional os n\u00edveis de excel\u00eancia e inova\u00e7\u00e3o estabelecidos na sede da Alemanha e apoiar o desenvolvimento de feiras de neg\u00f3cios em uma dire\u00e7\u00e3o especializada e internacionalizada.<\/p>\n\n\n\n<p><strong>Sobre a Sobratema<\/strong><\/p>\n\n\n\n<p>A Associa\u00e7\u00e3o Brasileira de Tecnologia para Constru\u00e7\u00e3o e Minera\u00e7\u00e3o (Sobratema) atua h\u00e1 mais de 34 anos na gera\u00e7\u00e3o de neg\u00f3cios e no desenvolvimento dos setores da constru\u00e7\u00e3o, minera\u00e7\u00e3o, rental, agroneg\u00f3cio e sustentabilidade do meio ambiente. Com mais de 600 associados, os programas da entidade contemplam diferente aspectos desses segmentos, incluindo a dissemina\u00e7\u00e3o de conte\u00fado qualificado e in\u00e9dito sobre o mercado, a divulga\u00e7\u00e3o de conhecimento t\u00e9cnico e tecnol\u00f3gico, a intera\u00e7\u00e3o entre os profissionais do setor, o oferecimento de ferramentas estrat\u00e9gicas usadas nesses segmentos, o interc\u00e2mbio com tecnologias inovadoras internacionais e a capacita\u00e7\u00e3o e certifica\u00e7\u00e3o profissional.<\/p>\n","protected":false},"excerpt":{"rendered":"<p>Com investimentos constantes em inova\u00e7\u00e3o e tecnologia, os principais fabricantes mostrar\u00e3o como o setor est\u00e1 preparado para atender demandas por produtividade, seguran\u00e7a e neutralidade de carbono Um ano de boas perspectivas para o mercado de equipamentos da linha amarela (movimenta\u00e7\u00e3o de terra), com a estimativa de crescimento de cerca de 7% nas vendas de m\u00e1quinas [&hellip;]<\/p>\n","protected":false},"author":2,"featured_media":655,"comment_status":"open","ping_status":"open","sticky":false,"template":"","format":"standard","meta":{"footnotes":""},"categories":[1],"tags":[],"class_list":{"0":"post-654","1":"post","2":"type-post","3":"status-publish","4":"format-standard","5":"has-post-thumbnail","7":"category-workshopsepalestras"},"_links":{"self":[{"href":"https:\/\/tveventos.tv.br\/index.php?rest_route=\/wp\/v2\/posts\/654","targetHints":{"allow":["GET"]}}],"collection":[{"href":"https:\/\/tveventos.tv.br\/index.php?rest_route=\/wp\/v2\/posts"}],"about":[{"href":"https:\/\/tveventos.tv.br\/index.php?rest_route=\/wp\/v2\/types\/post"}],"author":[{"embeddable":true,"href":"https:\/\/tveventos.tv.br\/index.php?rest_route=\/wp\/v2\/users\/2"}],"replies":[{"embeddable":true,"href":"https:\/\/tveventos.tv.br\/index.php?rest_route=%2Fwp%2Fv2%2Fcomments&post=654"}],"version-history":[{"count":1,"href":"https:\/\/tveventos.tv.br\/index.php?rest_route=\/wp\/v2\/posts\/654\/revisions"}],"predecessor-version":[{"id":656,"href":"https:\/\/tveventos.tv.br\/index.php?rest_route=\/wp\/v2\/posts\/654\/revisions\/656"}],"wp:featuredmedia":[{"embeddable":true,"href":"https:\/\/tveventos.tv.br\/index.php?rest_route=\/wp\/v2\/media\/655"}],"wp:attachment":[{"href":"https:\/\/tveventos.tv.br\/index.php?rest_route=%2Fwp%2Fv2%2Fmedia&parent=654"}],"wp:term":[{"taxonomy":"category","embeddable":true,"href":"https:\/\/tveventos.tv.br\/index.php?rest_route=%2Fwp%2Fv2%2Fcategories&post=654"},{"taxonomy":"post_tag","embeddable":true,"href":"https:\/\/tveventos.tv.br\/index.php?rest_route=%2Fwp%2Fv2%2Ftags&post=654"}],"curies":[{"name":"wp","href":"https:\/\/api.w.org\/{rel}","templated":true}]}}