{"id":658,"date":"2024-01-31T13:22:21","date_gmt":"2024-01-31T16:22:21","guid":{"rendered":"https:\/\/tveventos.tv.br\/?p=658"},"modified":"2024-01-31T13:22:24","modified_gmt":"2024-01-31T16:22:24","slug":"encontro-abelheiro-ja-tem-data-em-2024","status":"publish","type":"post","link":"https:\/\/tveventos.tv.br\/?p=658","title":{"rendered":"Encontro Abelheiro j\u00e1 tem data em 2024"},"content":{"rendered":"\n<p><\/p>\n\n\n\n<p>Marcado para acontecer no in\u00edcio da nova safra de mel, o<strong>&nbsp;Encontro Abelheiro&nbsp;<\/strong>segunda edi\u00e7\u00e3o, vai acontecer entre os<strong>&nbsp;dias 27 e 29 de setembro de 2024<\/strong>, em Carazinho, no Rio Grande do Sul. Al\u00e9m de Rodadas de Neg\u00f3cios o evento pretende ter inova\u00e7\u00f5es como uma Arena 360\u00ba onde haver\u00e1 um time de especialistas do setor, Espa\u00e7o BeeConnect para abrigar startups ligadas ao agroneg\u00f3cio e exposi\u00e7\u00e3o de produtos derivados das abelhas, como mel, pr\u00f3polis, cera e p\u00f3len.<\/p>\n\n\n\n<p>Segundo o idealizador do evento, C\u00e9sar Souza, o Encontro Abelheiro tem como objetivo proporcionar aos participantes uma experi\u00eancia no universo das Abelhas. Pretende ainda reunir todo o agroneg\u00f3cio da apicultura e meliponicultura nacional que, segundo dados de 2021 do IBGE, produziu cerca de 55,8 mil toneladas e movimentou em torno de R$ 854,4 milh\u00f5es. A edi\u00e7\u00e3o de 2023 contou com a participa\u00e7\u00e3o de 70 expositores, 3500 participantes e movimentou neg\u00f3cios em torno de R$ 400 mil.<\/p>\n\n\n\n<p>&nbsp;O Encontro Abelheiro \u00e9 uma Idealiza\u00e7\u00e3o da empresa V\u00e9dera, e conta como a co-realiza\u00e7\u00e3o da Uni\u00e3o Carazinhense de Apicultores e Meliponicultores (Ucapi) e dever\u00e1 atrair visitantes de v\u00e1rias regi\u00f5es dos estados do Sul do Brasil. O p\u00fablico poder\u00e1 conferir in\u00fameros exemplos de produtos oriundos da cria\u00e7\u00e3o de abelhas. Informa\u00e7\u00f5es sobre o evento:&nbsp;<a href=\"http:\/\/www.encontroabelheiro.com.br\/\" target=\"_blank\" rel=\"noreferrer noopener\"><u>www.encontroabelheiro.com.br<\/u><\/a><\/p>\n","protected":false},"excerpt":{"rendered":"<p>Marcado para acontecer no in\u00edcio da nova safra de mel, o&nbsp;Encontro Abelheiro&nbsp;segunda edi\u00e7\u00e3o, vai acontecer entre os&nbsp;dias 27 e 29 de setembro de 2024, em Carazinho, no Rio Grande do Sul. Al\u00e9m de Rodadas de Neg\u00f3cios o evento pretende ter inova\u00e7\u00f5es como uma Arena 360\u00ba onde haver\u00e1 um time de especialistas do setor, Espa\u00e7o BeeConnect [&hellip;]<\/p>\n","protected":false},"author":2,"featured_media":659,"comment_status":"open","ping_status":"open","sticky":false,"template":"","format":"standard","meta":{"footnotes":""},"categories":[1],"tags":[],"class_list":{"0":"post-658","1":"post","2":"type-post","3":"status-publish","4":"format-standard","5":"has-post-thumbnail","7":"category-workshopsepalestras"},"_links":{"self":[{"href":"https:\/\/tveventos.tv.br\/index.php?rest_route=\/wp\/v2\/posts\/658","targetHints":{"allow":["GET"]}}],"collection":[{"href":"https:\/\/tveventos.tv.br\/index.php?rest_route=\/wp\/v2\/posts"}],"about":[{"href":"https:\/\/tveventos.tv.br\/index.php?rest_route=\/wp\/v2\/types\/post"}],"author":[{"embeddable":true,"href":"https:\/\/tveventos.tv.br\/index.php?rest_route=\/wp\/v2\/users\/2"}],"replies":[{"embeddable":true,"href":"https:\/\/tveventos.tv.br\/index.php?rest_route=%2Fwp%2Fv2%2Fcomments&post=658"}],"version-history":[{"count":1,"href":"https:\/\/tveventos.tv.br\/index.php?rest_route=\/wp\/v2\/posts\/658\/revisions"}],"predecessor-version":[{"id":660,"href":"https:\/\/tveventos.tv.br\/index.php?rest_route=\/wp\/v2\/posts\/658\/revisions\/660"}],"wp:featuredmedia":[{"embeddable":true,"href":"https:\/\/tveventos.tv.br\/index.php?rest_route=\/wp\/v2\/media\/659"}],"wp:attachment":[{"href":"https:\/\/tveventos.tv.br\/index.php?rest_route=%2Fwp%2Fv2%2Fmedia&parent=658"}],"wp:term":[{"taxonomy":"category","embeddable":true,"href":"https:\/\/tveventos.tv.br\/index.php?rest_route=%2Fwp%2Fv2%2Fcategories&post=658"},{"taxonomy":"post_tag","embeddable":true,"href":"https:\/\/tveventos.tv.br\/index.php?rest_route=%2Fwp%2Fv2%2Ftags&post=658"}],"curies":[{"name":"wp","href":"https:\/\/api.w.org\/{rel}","templated":true}]}}