{"id":668,"date":"2024-02-01T17:28:10","date_gmt":"2024-02-01T20:28:10","guid":{"rendered":"https:\/\/tveventos.tv.br\/?p=668"},"modified":"2024-02-01T17:28:15","modified_gmt":"2024-02-01T20:28:15","slug":"dia-do-publicitario","status":"publish","type":"post","link":"https:\/\/tveventos.tv.br\/?p=668","title":{"rendered":"Dia do Publicit\u00e1rio"},"content":{"rendered":"\n<p>O Dia do Publicit\u00e1rio, comemorado em 1\u00ba de fevereiro, tem uma hist\u00f3ria que se mistura com as origens da publicidade. Essa data surgiu como uma maneira de valorizar o esfor\u00e7o e a dedica\u00e7\u00e3o desses profissionais incr\u00edveis, que s\u00e3o pe\u00e7as-chave na divulga\u00e7\u00e3o de produtos, servi\u00e7os e ideias. Mais do que apenas uma celebra\u00e7\u00e3o, o dia destaca o papel vital da publicidade na constru\u00e7\u00e3o de marcas, na influ\u00eancia que exerce sobre as escolhas dos consumidores e na capacidade de criar uma conex\u00e3o emocional profunda entre as empresas e seu p\u00fablico. \u00c9 uma oportunidade de reconhecer a import\u00e2ncia desse trabalho criativo e estrat\u00e9gico que molda a maneira como percebemos e nos conectamos com o mundo ao nosso redor.<\/p>\n","protected":false},"excerpt":{"rendered":"<p>O Dia do Publicit\u00e1rio, comemorado em 1\u00ba de fevereiro, tem uma hist\u00f3ria que se mistura com as origens da publicidade. Essa data surgiu como uma maneira de valorizar o esfor\u00e7o e a dedica\u00e7\u00e3o desses profissionais incr\u00edveis, que s\u00e3o pe\u00e7as-chave na divulga\u00e7\u00e3o de produtos, servi\u00e7os e ideias. Mais do que apenas uma celebra\u00e7\u00e3o, o dia destaca [&hellip;]<\/p>\n","protected":false},"author":2,"featured_media":669,"comment_status":"open","ping_status":"open","sticky":false,"template":"","format":"standard","meta":{"footnotes":""},"categories":[1],"tags":[],"class_list":{"0":"post-668","1":"post","2":"type-post","3":"status-publish","4":"format-standard","5":"has-post-thumbnail","7":"category-workshopsepalestras"},"_links":{"self":[{"href":"https:\/\/tveventos.tv.br\/index.php?rest_route=\/wp\/v2\/posts\/668","targetHints":{"allow":["GET"]}}],"collection":[{"href":"https:\/\/tveventos.tv.br\/index.php?rest_route=\/wp\/v2\/posts"}],"about":[{"href":"https:\/\/tveventos.tv.br\/index.php?rest_route=\/wp\/v2\/types\/post"}],"author":[{"embeddable":true,"href":"https:\/\/tveventos.tv.br\/index.php?rest_route=\/wp\/v2\/users\/2"}],"replies":[{"embeddable":true,"href":"https:\/\/tveventos.tv.br\/index.php?rest_route=%2Fwp%2Fv2%2Fcomments&post=668"}],"version-history":[{"count":1,"href":"https:\/\/tveventos.tv.br\/index.php?rest_route=\/wp\/v2\/posts\/668\/revisions"}],"predecessor-version":[{"id":670,"href":"https:\/\/tveventos.tv.br\/index.php?rest_route=\/wp\/v2\/posts\/668\/revisions\/670"}],"wp:featuredmedia":[{"embeddable":true,"href":"https:\/\/tveventos.tv.br\/index.php?rest_route=\/wp\/v2\/media\/669"}],"wp:attachment":[{"href":"https:\/\/tveventos.tv.br\/index.php?rest_route=%2Fwp%2Fv2%2Fmedia&parent=668"}],"wp:term":[{"taxonomy":"category","embeddable":true,"href":"https:\/\/tveventos.tv.br\/index.php?rest_route=%2Fwp%2Fv2%2Fcategories&post=668"},{"taxonomy":"post_tag","embeddable":true,"href":"https:\/\/tveventos.tv.br\/index.php?rest_route=%2Fwp%2Fv2%2Ftags&post=668"}],"curies":[{"name":"wp","href":"https:\/\/api.w.org\/{rel}","templated":true}]}}