{"id":672,"date":"2024-02-01T17:50:52","date_gmt":"2024-02-01T20:50:52","guid":{"rendered":"https:\/\/tveventos.tv.br\/?p=672"},"modified":"2024-02-01T17:50:55","modified_gmt":"2024-02-01T20:50:55","slug":"em-sua-11a-edicao-forum-de-inovacao-impulsiona-estrategias-no-mercado-de-credito-e-cobranca","status":"publish","type":"post","link":"https:\/\/tveventos.tv.br\/?p=672","title":{"rendered":"Em sua 11\u00aa edi\u00e7\u00e3o F\u00f3rum de Inova\u00e7\u00e3o impulsiona estrat\u00e9gias no mercado de cr\u00e9dito e cobran\u00e7a"},"content":{"rendered":"\n<p class=\"has-text-align-center\"><em>Promovido pelo Instituto GEOC, o evento traz solu\u00e7\u00f5es para enfrentar os desafios do setor<\/em><\/p>\n\n\n\n<p>Em uma \u00e9poca marcada por r\u00e1pidas mudan\u00e7as econ\u00f4micas e tecnol\u00f3gicas, o Instituto GEOC se destaca, buscando solu\u00e7\u00f5es inovadoras para enfrentar os desafios do mercado de cr\u00e9dito e cobran\u00e7a. A 11\u00aa edi\u00e7\u00e3o do F\u00f3rum de Inova\u00e7\u00e3o, que acontecer\u00e1 no Centro de Conven\u00e7\u00f5es Rebou\u00e7as no dia 19 de junho, \u00e9 a express\u00e3o mais recente desse esfor\u00e7o.<\/p>\n\n\n\n<p>Focado em discutir temas relevantes do mercado de recupera\u00e7\u00e3o de cr\u00e9dito, reunir\u00e1 os principais nomes do ramo, incluindo empresas associadas ao IGEOC, fornecedores e convidados especiais. &#8220;Ap\u00f3s o sucesso do ano passado, estamos empenhados em trazer conte\u00fados ainda mais importantes e impactantes para esse setor de servi\u00e7os&#8221;, relata Edemilson Koji Motoda, presidente do instituto.<\/p>\n\n\n\n<p>O F\u00f3rum deste ano visa otimizar o processo produtivo dos neg\u00f3cios e fortalecer as rela\u00e7\u00f5es de network. A iniciativa do IGEOC em promover este encontro reflete uma estrat\u00e9gia bem planejada para enfrentar as dificuldades enfrentadas pelas empresas de cr\u00e9dito e cobran\u00e7a, utilizando ferramentas tecnol\u00f3gicas e an\u00e1lises de mercado para prevenir quedas nos resultados.<\/p>\n\n\n\n<p>Uma das metas principais do F\u00f3rum \u00e9 elucidar e impulsionar a forma como as empresas e os consumidores lidam com o cr\u00e9dito atualmente. &#8220;Buscamos apresentar as \u00faltimas tend\u00eancias, promovendo uma melhor intera\u00e7\u00e3o entre o mercado e seus clientes&#8221;, declara Motoda. Isso, atrav\u00e9s uma grande troca de experi\u00eancias, benchmarking e networking entre os grandes players do mercado.<\/p>\n\n\n\n<p>A 11\u00aa edi\u00e7\u00e3o do encontro contar\u00e1 com a participa\u00e7\u00e3o de palestrantes experts e executivos de destaque. Com 11 anos de hist\u00f3ria, o F\u00f3rum de Inova\u00e7\u00e3o do IGEOC tem sido fundamental para o crescimento de empresas, atraindo novos parceiros e destacando o potencial do mercado de cr\u00e9dito e cobran\u00e7a no Brasil.<\/p>\n\n\n\n<p><strong>Sobre o IGEOC<\/strong><\/p>\n\n\n\n<p>Com 17 anos de atua\u00e7\u00e3o, o Instituto GEOC e suas associadas se diferenciam no mercado pelas solu\u00e7\u00f5es inovadoras, atendimento humano qualificado e pelo incessante investimento em tecnologias, na busca ininterrupta pelas melhores pr\u00e1ticas, representando e lutando pelo segmento em diversas inst\u00e2ncias. As associadas do IGEOC atuam em diversos segmentos, como cart\u00f5es de cr\u00e9dito, cons\u00f3rcio, educa\u00e7\u00e3o, produtos banc\u00e1rios para pessoa f\u00edsica e jur\u00eddica, ve\u00edculos, utilities, grandes redes de varejo, cobran\u00e7a mercantil, com abrang\u00eancia em todo territ\u00f3rio nacional.<\/p>\n","protected":false},"excerpt":{"rendered":"<p>Promovido pelo Instituto GEOC, o evento traz solu\u00e7\u00f5es para enfrentar os desafios do setor Em uma \u00e9poca marcada por r\u00e1pidas mudan\u00e7as econ\u00f4micas e tecnol\u00f3gicas, o Instituto GEOC se destaca, buscando solu\u00e7\u00f5es inovadoras para enfrentar os desafios do mercado de cr\u00e9dito e cobran\u00e7a. A 11\u00aa edi\u00e7\u00e3o do F\u00f3rum de Inova\u00e7\u00e3o, que acontecer\u00e1 no Centro de Conven\u00e7\u00f5es [&hellip;]<\/p>\n","protected":false},"author":2,"featured_media":673,"comment_status":"open","ping_status":"open","sticky":false,"template":"","format":"standard","meta":{"footnotes":""},"categories":[1],"tags":[],"class_list":{"0":"post-672","1":"post","2":"type-post","3":"status-publish","4":"format-standard","5":"has-post-thumbnail","7":"category-workshopsepalestras"},"_links":{"self":[{"href":"https:\/\/tveventos.tv.br\/index.php?rest_route=\/wp\/v2\/posts\/672","targetHints":{"allow":["GET"]}}],"collection":[{"href":"https:\/\/tveventos.tv.br\/index.php?rest_route=\/wp\/v2\/posts"}],"about":[{"href":"https:\/\/tveventos.tv.br\/index.php?rest_route=\/wp\/v2\/types\/post"}],"author":[{"embeddable":true,"href":"https:\/\/tveventos.tv.br\/index.php?rest_route=\/wp\/v2\/users\/2"}],"replies":[{"embeddable":true,"href":"https:\/\/tveventos.tv.br\/index.php?rest_route=%2Fwp%2Fv2%2Fcomments&post=672"}],"version-history":[{"count":1,"href":"https:\/\/tveventos.tv.br\/index.php?rest_route=\/wp\/v2\/posts\/672\/revisions"}],"predecessor-version":[{"id":674,"href":"https:\/\/tveventos.tv.br\/index.php?rest_route=\/wp\/v2\/posts\/672\/revisions\/674"}],"wp:featuredmedia":[{"embeddable":true,"href":"https:\/\/tveventos.tv.br\/index.php?rest_route=\/wp\/v2\/media\/673"}],"wp:attachment":[{"href":"https:\/\/tveventos.tv.br\/index.php?rest_route=%2Fwp%2Fv2%2Fmedia&parent=672"}],"wp:term":[{"taxonomy":"category","embeddable":true,"href":"https:\/\/tveventos.tv.br\/index.php?rest_route=%2Fwp%2Fv2%2Fcategories&post=672"},{"taxonomy":"post_tag","embeddable":true,"href":"https:\/\/tveventos.tv.br\/index.php?rest_route=%2Fwp%2Fv2%2Ftags&post=672"}],"curies":[{"name":"wp","href":"https:\/\/api.w.org\/{rel}","templated":true}]}}