{"id":675,"date":"2024-02-05T16:44:05","date_gmt":"2024-02-05T19:44:05","guid":{"rendered":"https:\/\/tveventos.tv.br\/?p=675"},"modified":"2024-02-05T16:44:08","modified_gmt":"2024-02-05T19:44:08","slug":"indices-do-governo-federal-confirma-mais-uma-vez-o-setor-de-eventos-como-maior-gerador-de-novos-empregos-e-reforcam-os-impactos-positivos-do-perse","status":"publish","type":"post","link":"https:\/\/tveventos.tv.br\/?p=675","title":{"rendered":"\u00cdndices do Governo Federal confirma, mais uma vez, o setor de eventos como maior gerador de novos empregos e refor\u00e7am os impactos positivos do PERSE"},"content":{"rendered":"\n<p class=\"has-text-align-center\"><em>No ano passado, o segmento teve um crescimento de 61,3%, enquanto outras \u00e1reas como agropecu\u00e1ria (- 45,2%), ind\u00fastria (-41,1%) e constru\u00e7\u00e3o civil (-17,5%) registraram um decr\u00e9scimo, comparado ao mesmo per\u00edodo em 2022<\/em><\/p>\n\n\n\n<p>O setor de eventos de cultura e entretenimento continua sendo o maior gerador de novos empregos no pa\u00eds, apontam os dados do IBGE e do Minist\u00e9rio do Trabalho e Previd\u00eancia que constam do Radar Econ\u00f4mico, estudo realizado pela Associa\u00e7\u00e3o Brasileira dos Promotores de Eventos &#8211; ABRAPE. Em 2023, o segmento teve um crescimento de 61,3 %, enquanto outras \u00e1reas como agropecu\u00e1ria (- 45,2%), ind\u00fastria (-41,1%)&nbsp; e constru\u00e7\u00e3o civil (-17,5%)&nbsp; registraram um decr\u00e9scimo, comparado ao mesmo per\u00edodo do ano anterior. A m\u00e9dia nacional, envolvendo todas as atividades econ\u00f4micas, foi de queda: &#8211; 26,3%.<\/p>\n\n\n\n<p>O \u00edndice foi impulsionado pelo desempenho do core business do setor, que abrange atividades como organiza\u00e7\u00e3o de eventos; atividades art\u00edsticas, criativas e de espet\u00e1culos; atividades ligadas ao patrim\u00f4nio cultural e ambiental; atividades de recrea\u00e7\u00e3o e lazer; e produ\u00e7\u00e3o e promo\u00e7\u00e3o de eventos esportivos. Foram geradas 29.927 vagas de empregos, com crescimento de 61,3% sobre o mesmo per\u00edodo de 2022 (18.548). S\u00f3 no m\u00eas de dezembro foram geradas 1.863 vagas.&nbsp;<\/p>\n\n\n\n<p>A estimativa de consumo no setor chegou, em 2023, a R$ 118.4 bilh\u00f5es, resultado 11,5% superior ao mesmo per\u00edodo de 2022 (R$ 106.144). Em dezembro, o \u00edndice foi de R$10,39 bilh\u00f5es, o melhor m\u00eas desde que a s\u00e9rie hist\u00f3rica deste indicador iniciou em 2019.&nbsp;<\/p>\n\n\n\n<p>\u201cEstes resultados refletem a import\u00e2ncia de se manter as conquistas do Programa Emergencial de Retomada do Setor de Eventos (PERSE), que permitiu uma r\u00e1pida retomada do setor ap\u00f3s o longo per\u00edodo de paralisa\u00e7\u00e3o provocado pela pandemia. \u00c9 fundamental que os avan\u00e7os do programa sejam mantidos.\u201d, refor\u00e7a&nbsp;o empres\u00e1rio Doreni Caramori J\u00fanior, presidente da ABRAPE.&nbsp;Com isso, ele aponta, mais uma vez, a incoer\u00eancia da Medida Provis\u00f3ria 1202 que tenta restringir e acabar com os benef\u00edcios do PERSE: \u201cOs n\u00fameros comprovam que o programa promove a gera\u00e7\u00e3o de empregos, portanto, o Governo Federal deveria procurar outras alternativas para equilibrar as contas p\u00fablicas que n\u00e3o estejam trazendo o mesmo resultado social&nbsp; como o PERSE\u201d.&nbsp;<\/p>\n\n\n\n<p><strong>Ato pelo PERSE&nbsp;<\/strong>Delega\u00e7\u00f5es com mais 500 empres\u00e1rios e profissionais do setor de turismo, cultura e entretenimento estar\u00e3o em Bras\u00edlia na pr\u00f3xima quarta (7) para participar do&nbsp;<strong>Ato de Mobiliza\u00e7\u00e3o Nacional em Defesa do PERSE,&nbsp;<\/strong>promovido por parlamentares de todas as esferas partid\u00e1rias e ideol\u00f3gicas. A concentra\u00e7\u00e3o acontecer\u00e1 a partir das 15 horas no Plen\u00e1rio 2 da C\u00e2mara dos Deputados, em Bras\u00edlia, e tem o objetivo de conscientizar sobre a import\u00e2ncia de se manter as conquistas do Programa Emergencial de Retomada do Setor de Eventos, amea\u00e7ado de extin\u00e7\u00e3o pela Medida Provis\u00f3ria (MP) 1.202\/2023 encaminhada pelo ministro da Fazenda, Fernando Haddad, ao congresso.<\/p>\n\n\n\n<p><strong>Sobre a ABRAPE<\/strong><\/p>\n\n\n\n<p>Criada em 1992 com o prop\u00f3sito de promover o desenvolvimento e a valoriza\u00e7\u00e3o das empresas produtoras e promotoras de eventos culturais e de entretenimento no Brasil, a Associa\u00e7\u00e3o Brasileira dos Promotores de Eventos &#8211; ABRAPE tem, atualmente,&nbsp;mais de 750 associados,&nbsp;sediados em todos os Estados da Federa\u00e7\u00e3o, que s\u00e3o verdadeiros expoentes nacionais na oferta de empregos diretos e indiretos e na gera\u00e7\u00e3o de renda, movimentando bilh\u00f5es de reais anualmente. A entidade congrega as principais lideran\u00e7as regionais e nacionais do segmento, tem no portf\u00f3lio de associados empresas como a Live Nation, Opus Entretenimento, T4F e mega eventos, como o Festival de Ver\u00e3o de Salvador e a Festa do Pe\u00e3o de Boiadeiros de Barretos.<\/p>\n","protected":false},"excerpt":{"rendered":"<p>No ano passado, o segmento teve um crescimento de 61,3%, enquanto outras \u00e1reas como agropecu\u00e1ria (- 45,2%), ind\u00fastria (-41,1%) e constru\u00e7\u00e3o civil (-17,5%) registraram um decr\u00e9scimo, comparado ao mesmo per\u00edodo em 2022 O setor de eventos de cultura e entretenimento continua sendo o maior gerador de novos empregos no pa\u00eds, apontam os dados do IBGE [&hellip;]<\/p>\n","protected":false},"author":2,"featured_media":0,"comment_status":"open","ping_status":"open","sticky":false,"template":"","format":"standard","meta":{"footnotes":""},"categories":[1],"tags":[],"class_list":{"0":"post-675","1":"post","2":"type-post","3":"status-publish","4":"format-standard","6":"category-workshopsepalestras"},"_links":{"self":[{"href":"https:\/\/tveventos.tv.br\/index.php?rest_route=\/wp\/v2\/posts\/675","targetHints":{"allow":["GET"]}}],"collection":[{"href":"https:\/\/tveventos.tv.br\/index.php?rest_route=\/wp\/v2\/posts"}],"about":[{"href":"https:\/\/tveventos.tv.br\/index.php?rest_route=\/wp\/v2\/types\/post"}],"author":[{"embeddable":true,"href":"https:\/\/tveventos.tv.br\/index.php?rest_route=\/wp\/v2\/users\/2"}],"replies":[{"embeddable":true,"href":"https:\/\/tveventos.tv.br\/index.php?rest_route=%2Fwp%2Fv2%2Fcomments&post=675"}],"version-history":[{"count":1,"href":"https:\/\/tveventos.tv.br\/index.php?rest_route=\/wp\/v2\/posts\/675\/revisions"}],"predecessor-version":[{"id":676,"href":"https:\/\/tveventos.tv.br\/index.php?rest_route=\/wp\/v2\/posts\/675\/revisions\/676"}],"wp:attachment":[{"href":"https:\/\/tveventos.tv.br\/index.php?rest_route=%2Fwp%2Fv2%2Fmedia&parent=675"}],"wp:term":[{"taxonomy":"category","embeddable":true,"href":"https:\/\/tveventos.tv.br\/index.php?rest_route=%2Fwp%2Fv2%2Fcategories&post=675"},{"taxonomy":"post_tag","embeddable":true,"href":"https:\/\/tveventos.tv.br\/index.php?rest_route=%2Fwp%2Fv2%2Ftags&post=675"}],"curies":[{"name":"wp","href":"https:\/\/api.w.org\/{rel}","templated":true}]}}