{"id":683,"date":"2024-02-06T13:19:02","date_gmt":"2024-02-06T16:19:02","guid":{"rendered":"https:\/\/tveventos.tv.br\/?p=683"},"modified":"2024-02-06T13:19:08","modified_gmt":"2024-02-06T16:19:08","slug":"feira-do-cerrado-comeca-nesta-quarta-feira-dia-7","status":"publish","type":"post","link":"https:\/\/tveventos.tv.br\/?p=683","title":{"rendered":"\u00a0Feira do Cerrado come\u00e7a nesta quarta-feira, dia 7"},"content":{"rendered":"\n<p><em>Evento de m\u00e1quinas, implementos e insumos agr\u00edcolas realizado pela Cooxup\u00e9 acontece at\u00e9 quinta-feira, dia 8, em Monte Carmelo\/MG<\/em><\/p>\n\n\n\n<p>Trazendo o tema \u201cCooperativismo: Construindo o Futuro Sustent\u00e1vel das Gera\u00e7\u00f5es\u201d, a&nbsp;<a href=\"https:\/\/s2402.imxsnd20.com\/link.php?code=bDpodHRwcyUzQSUyRiUyRnd3dy5jb294dXBlLmNvbS5iciUyRmZlaXJhY2VycmFkbyUyRjoxMjIwMzE1NjM6cmVkYWNhb3R2ZXZlbnRvc0BnbWFpbC5jb206ZDllMGMwOjZk\" target=\"_blank\" rel=\"noreferrer noopener\">Feira do Cerrado<\/a>, realizada pela Cooxup\u00e9, come\u00e7a amanh\u00e3, dia 7, em Monte Carmelo\/MG. A Feira de M\u00e1quinas, Implementos e Insumos Agr\u00edcolas termina na quinta-feira, dia 8, e funcionar\u00e1 nos dois dias das 8h \u00e0s 18h.<\/p>\n\n\n\n<p>A abertura oficial do evento est\u00e1 marcada para as 10h de amanh\u00e3, em frente ao estande da Diretoria Cooxup\u00e9. Convidados, autoridades e a diretoria da cooperativa participar\u00e3o deste momento especial junto aos produtores rurais.<\/p>\n\n\n\n<p>S\u00e3o esperados 6 mil visitantes, que v\u00e3o poder conhecer mais de 60 expositores distribu\u00eddos em uma \u00e1rea total de 50 mil metros quadrados, com 11 mil metros quadrados cobertos. Realizada para cooperados da Cooxup\u00e9, a feira tem papel fundamental para os produtores do Cerrado Mineiro, por apresentar inova\u00e7\u00f5es do mercado e tecnologias avan\u00e7adas em m\u00e1quinas, implementos e insumos agr\u00edcolas.<\/p>\n\n\n\n<p>\u201cA Feira do Cerrado \u00e9 um grande acontecimento para atender aos nossos cooperados da regi\u00e3o. Todos os anos, buscamos os principais avan\u00e7os do campo e as melhores solu\u00e7\u00f5es para apresentar aos produtores rurais\u201d, afirma o presidente da cooperativa, Carlos Augusto Rodrigues de Melo.<\/p>\n\n\n\n<p><strong>Estrutura e novidades<\/strong><\/p>\n\n\n\n<p>A estrutura do evento ainda conta com a participa\u00e7\u00e3o do Emp\u00f3rio Cooxup\u00e9 e da SMC Specialty Coffees, empresa da cooperativa que atua no mercado de caf\u00e9s especiais. Al\u00e9m de outras solu\u00e7\u00f5es da Cooxup\u00e9, como Seguros, Protocolo Gera\u00e7\u00f5es, Torrefa\u00e7\u00e3o e Master Expresso.<\/p>\n\n\n\n<p>Para completar, a feira tamb\u00e9m oferece aos visitantes uma pra\u00e7a de alimenta\u00e7\u00e3o, ilhas de caf\u00e9 e Espa\u00e7o de Beleza e Kids.<\/p>\n\n\n\n<p>Outra novidade \u00e9 o Espa\u00e7o Pecu\u00e1ria, que chega reformulado e vai apresentar tecnologia e manejo de gr\u00e3os e gado. Anexo \u00e0 feira, o local contar\u00e1 com a f\u00e1brica de ra\u00e7\u00f5es Cooxup\u00e9, o Laborat\u00f3rio de An\u00e1lise, exposi\u00e7\u00e3o de gado e \u00e1rea de plantio de milho para gr\u00e3os e silagem.<\/p>\n\n\n\n<p>Os cooperados e visitantes v\u00e3o acompanhar demonstra\u00e7\u00f5es de performance de gado de leite e corte. Tamb\u00e9m v\u00e3o conferir uma \u00e1rea irrigada, realizada com o parceiro NETAFIM, para demonstrar os sistemas de gotejamento e fertirriga\u00e7\u00e3o.<\/p>\n\n\n\n<p>Al\u00e9m disso, a Feira do Cerrado vai receber o selo Evento Neutro pela primeira vez. Emitida pela Eccaplan (consultoria em sustentabilidade), a certifica\u00e7\u00e3o atesta que o evento compensa suas emiss\u00f5es de carbono apoiando projetos ambientais.<\/p>\n\n\n\n<p>O evento ser\u00e1 realizado no N\u00facleo da Cooxup\u00e9 de Monte Carmelo, \u00e0s margens da Rodovia MG 190 Km 3, s\/n\u00ba. A entrada e o estacionamento s\u00e3o gratuitos.<\/p>\n\n\n\n<p><strong>Servi\u00e7o<\/strong><\/p>\n\n\n\n<p><em>Feira do Cerrado 2024<\/em><\/p>\n\n\n\n<p><strong>Quando:<\/strong>&nbsp;Quarta e quinta-feira<\/p>\n\n\n\n<p><strong>Local:<\/strong>&nbsp;N\u00facleo da Cooxup\u00e9 de Monte Carmelo, \u00e0s margens da Rodovia MG 190, Km 3, s\/n<\/p>\n\n\n\n<p><strong>Hor\u00e1rio:<\/strong>&nbsp;das 8h \u00e0s 18h<\/p>\n\n\n\n<p>Entrada e estacionamento gratuitos.<\/p>\n","protected":false},"excerpt":{"rendered":"<p>Evento de m\u00e1quinas, implementos e insumos agr\u00edcolas realizado pela Cooxup\u00e9 acontece at\u00e9 quinta-feira, dia 8, em Monte Carmelo\/MG Trazendo o tema \u201cCooperativismo: Construindo o Futuro Sustent\u00e1vel das Gera\u00e7\u00f5es\u201d, a&nbsp;Feira do Cerrado, realizada pela Cooxup\u00e9, come\u00e7a amanh\u00e3, dia 7, em Monte Carmelo\/MG. A Feira de M\u00e1quinas, Implementos e Insumos Agr\u00edcolas termina na quinta-feira, dia 8, e [&hellip;]<\/p>\n","protected":false},"author":2,"featured_media":684,"comment_status":"open","ping_status":"open","sticky":false,"template":"","format":"standard","meta":{"footnotes":""},"categories":[23],"tags":[],"class_list":{"0":"post-683","1":"post","2":"type-post","3":"status-publish","4":"format-standard","5":"has-post-thumbnail","7":"category-feirasdenegocios"},"_links":{"self":[{"href":"https:\/\/tveventos.tv.br\/index.php?rest_route=\/wp\/v2\/posts\/683","targetHints":{"allow":["GET"]}}],"collection":[{"href":"https:\/\/tveventos.tv.br\/index.php?rest_route=\/wp\/v2\/posts"}],"about":[{"href":"https:\/\/tveventos.tv.br\/index.php?rest_route=\/wp\/v2\/types\/post"}],"author":[{"embeddable":true,"href":"https:\/\/tveventos.tv.br\/index.php?rest_route=\/wp\/v2\/users\/2"}],"replies":[{"embeddable":true,"href":"https:\/\/tveventos.tv.br\/index.php?rest_route=%2Fwp%2Fv2%2Fcomments&post=683"}],"version-history":[{"count":1,"href":"https:\/\/tveventos.tv.br\/index.php?rest_route=\/wp\/v2\/posts\/683\/revisions"}],"predecessor-version":[{"id":685,"href":"https:\/\/tveventos.tv.br\/index.php?rest_route=\/wp\/v2\/posts\/683\/revisions\/685"}],"wp:featuredmedia":[{"embeddable":true,"href":"https:\/\/tveventos.tv.br\/index.php?rest_route=\/wp\/v2\/media\/684"}],"wp:attachment":[{"href":"https:\/\/tveventos.tv.br\/index.php?rest_route=%2Fwp%2Fv2%2Fmedia&parent=683"}],"wp:term":[{"taxonomy":"category","embeddable":true,"href":"https:\/\/tveventos.tv.br\/index.php?rest_route=%2Fwp%2Fv2%2Fcategories&post=683"},{"taxonomy":"post_tag","embeddable":true,"href":"https:\/\/tveventos.tv.br\/index.php?rest_route=%2Fwp%2Fv2%2Ftags&post=683"}],"curies":[{"name":"wp","href":"https:\/\/api.w.org\/{rel}","templated":true}]}}