{"id":687,"date":"2024-02-06T14:35:44","date_gmt":"2024-02-06T17:35:44","guid":{"rendered":"https:\/\/tveventos.tv.br\/?p=687"},"modified":"2024-02-06T14:35:47","modified_gmt":"2024-02-06T17:35:47","slug":"18a-edicao-da-febratex-esta-confirmada-para-2024","status":"publish","type":"post","link":"https:\/\/tveventos.tv.br\/?p=687","title":{"rendered":"18\u00aa edi\u00e7\u00e3o da Febratex est\u00e1 confirmada para 2024"},"content":{"rendered":"\n<p class=\"has-text-align-center\"><em>Considerada a terceira maior feira mundial do setor t\u00eaxtil, o evento ocorre de 20 a 23 de agosto, em Blumenau (SC).<\/em><\/p>\n\n\n\n<p>Considerada a maior feira das Am\u00e9ricas para a ind\u00fastria t\u00eaxtil e a terceira maior do mundo no segmento t\u00eaxtil, a Febratex j\u00e1 tem data marcada para sua 18\u00aa edi\u00e7\u00e3o: de 20 a 23 de agosto. O evento ocorre no Parque Vila Germ\u00e2nica, em Blumenau (SC).&nbsp;<\/p>\n\n\n\n<p>A Febratex Group, uma das principais promotoras de feiras t\u00eaxteis da Am\u00e9rica Latina, anuncia que o evento ter\u00e1 mais de 30 mil m\u00b2, com destaque ao Febratex 360\u00ba, que promover\u00e1 uma imers\u00e3o em economia circular, sustentabilidade e inova\u00e7\u00e3o. O evento \u00e9 estrategicamente esperado pelo mercado para exibi\u00e7\u00e3o de lan\u00e7amentos para a ind\u00fastria de confec\u00e7\u00e3o e moda, al\u00e9m de contar com amplo reconhecimento nacional e regional, pois movimenta toda a ind\u00fastria de m\u00e1quinas e equipamentos para o setor t\u00eaxtil.<\/p>\n\n\n\n<p>O presidente do Febratex Group,&nbsp;<strong>H\u00e9lvio Roberto Pompeo Madeira<\/strong>, destaca que a 18\u00aa edi\u00e7\u00e3o j\u00e1 est\u00e1 sendo um sucesso. \u201cFaltam cerca de seis meses para o evento e contamos com cerca de 480 estandes confirmados dos variados segmentos da ind\u00fastria t\u00eaxtil. Al\u00e9m disso, para a edi\u00e7\u00e3o de 2026, j\u00e1 contamos com fila de espera para novos expositores\u201d.&nbsp;<\/p>\n\n\n\n<p>H\u00e9lvio Pompeo J\u00fanior, diretor de comunica\u00e7\u00e3o e marketing da Febratex, revela que nesta edi\u00e7\u00e3o o evento contar\u00e1 com in\u00fameras novidades. \u201cUma das novidades \u00e9 a reforma do pavilh\u00e3o 5, deixando-o mais amplo aos expositores e visitantes. Al\u00e9m disso, teremos o preview do Febratex Summit &#8211; espa\u00e7o de confer\u00eancias nacionais e internacionais com temas relevantes para o setor t\u00eaxtil &#8211; e o podcast Febratex\u201d.<\/p>\n\n\n\n<p>H\u00e9lvio Junior ainda destaca que na \u00faltima edi\u00e7\u00e3o, p\u00f3s-pandemia, o evento movimentou mais de R$ 2 bilh\u00f5es em neg\u00f3cios aos expositores e visitantes. \u201c\u00c9 importante lembrar que mais de 70% do p\u00fablico visitante \u00e9 composto por empres\u00e1rios e profissionais de cargos de alta gest\u00e3o, dos quais mais de 40% aprova ou executa a compra. Nosso p\u00fablico \u00e9 mundial, com visitantes e expositores de 45 pa\u00edses, entre eles Argentina, Paraguai, Peru, \u00cdndia, Bol\u00edvia e Col\u00f4mbia\u201d.&nbsp;<\/p>\n\n\n\n<p>Esta edi\u00e7\u00e3o contar\u00e1 tamb\u00e9m com o Startup Corner, um espa\u00e7o que nasceu na 1\u00aa edi\u00e7\u00e3o do Febratex Summit, em 2019, com o objetivo de promover solu\u00e7\u00f5es de inova\u00e7\u00e3o para a ind\u00fastria da moda brasileira. \u201cEsse espa\u00e7o promove um ambiente exclusivo e acess\u00edvel para as startups que est\u00e3o iniciando a jornada do empreendedorismo e precisam de apoiadores\u201d, explica H\u00e9lvio.&nbsp;<\/p>\n\n\n\n<p>Para mais informa\u00e7\u00f5es, acesse as redes sociais do evento ou o&nbsp;<a href=\"https:\/\/febratex.com.br\/\" target=\"_blank\" rel=\"noreferrer noopener\">site<\/a>&nbsp;oficial.&nbsp;<\/p>\n\n\n\n<p><strong>Sobre a Febratex<\/strong><\/p>\n\n\n\n<p>A Febratex \u00e9 a maior feira de m\u00e1quinas e tecnologias t\u00eaxteis das Am\u00e9ricas. \u00c9 reconhecida como a terceira maior&nbsp;feira mundial do setor t\u00eaxtil e estrategicamente esperada pelo mercado para exibi\u00e7\u00e3o de lan\u00e7amentos da ind\u00fastria e de confec\u00e7\u00e3o. O evento ocorre a cada dois anos.&nbsp;<\/p>\n\n\n\n<p>Na \u00faltima edi\u00e7\u00e3o, em 2022, foram mais de 400 expositores representando 2,5 mil marcas, em 30 mil m\u00b2 de evento. Cerca de 55 mil visitantes passaram pela Vila Germ\u00e2nica, em Blumenau\u2013SC, nos quatro dias de feira. Todos os segmentos da ind\u00fastria s\u00e3o contemplados, como fia\u00e7\u00e3o, tecelagem, malharia, beneficiamento e confec\u00e7\u00e3o.&nbsp;<\/p>\n\n\n\n<p>Em 2024, a Febratex realizar\u00e1 a sua 18\u00aa edi\u00e7\u00e3o, contando com amplo reconhecimento internacional, pois movimenta toda a ind\u00fastria de m\u00e1quinas e equipamentos para o setor t\u00eaxtil do Brasil e das Am\u00e9ricas.&nbsp;<\/p>\n\n\n\n<p>Apoio: ABIT, Abramaco, ABTT, ABVTEX, AMPE Blumenau, Abimaq, Sintex SC.<\/p>\n\n\n\n<p><strong>Agenda Febratex 2024&nbsp;<\/strong><\/p>\n\n\n\n<p>Data: 20 a 23 de agosto de 2024, das 14h \u00e0s 21h.&nbsp;<\/p>\n\n\n\n<p>Local: Parque Vila Germ\u00e2nica, Blumenau\/SC.<\/p>\n","protected":false},"excerpt":{"rendered":"<p>Considerada a terceira maior feira mundial do setor t\u00eaxtil, o evento ocorre de 20 a 23 de agosto, em Blumenau (SC). Considerada a maior feira das Am\u00e9ricas para a ind\u00fastria t\u00eaxtil e a terceira maior do mundo no segmento t\u00eaxtil, a Febratex j\u00e1 tem data marcada para sua 18\u00aa edi\u00e7\u00e3o: de 20 a 23 de [&hellip;]<\/p>\n","protected":false},"author":2,"featured_media":688,"comment_status":"open","ping_status":"open","sticky":false,"template":"","format":"standard","meta":{"footnotes":""},"categories":[23],"tags":[],"class_list":{"0":"post-687","1":"post","2":"type-post","3":"status-publish","4":"format-standard","5":"has-post-thumbnail","7":"category-feirasdenegocios"},"_links":{"self":[{"href":"https:\/\/tveventos.tv.br\/index.php?rest_route=\/wp\/v2\/posts\/687","targetHints":{"allow":["GET"]}}],"collection":[{"href":"https:\/\/tveventos.tv.br\/index.php?rest_route=\/wp\/v2\/posts"}],"about":[{"href":"https:\/\/tveventos.tv.br\/index.php?rest_route=\/wp\/v2\/types\/post"}],"author":[{"embeddable":true,"href":"https:\/\/tveventos.tv.br\/index.php?rest_route=\/wp\/v2\/users\/2"}],"replies":[{"embeddable":true,"href":"https:\/\/tveventos.tv.br\/index.php?rest_route=%2Fwp%2Fv2%2Fcomments&post=687"}],"version-history":[{"count":1,"href":"https:\/\/tveventos.tv.br\/index.php?rest_route=\/wp\/v2\/posts\/687\/revisions"}],"predecessor-version":[{"id":689,"href":"https:\/\/tveventos.tv.br\/index.php?rest_route=\/wp\/v2\/posts\/687\/revisions\/689"}],"wp:featuredmedia":[{"embeddable":true,"href":"https:\/\/tveventos.tv.br\/index.php?rest_route=\/wp\/v2\/media\/688"}],"wp:attachment":[{"href":"https:\/\/tveventos.tv.br\/index.php?rest_route=%2Fwp%2Fv2%2Fmedia&parent=687"}],"wp:term":[{"taxonomy":"category","embeddable":true,"href":"https:\/\/tveventos.tv.br\/index.php?rest_route=%2Fwp%2Fv2%2Fcategories&post=687"},{"taxonomy":"post_tag","embeddable":true,"href":"https:\/\/tveventos.tv.br\/index.php?rest_route=%2Fwp%2Fv2%2Ftags&post=687"}],"curies":[{"name":"wp","href":"https:\/\/api.w.org\/{rel}","templated":true}]}}