{"id":691,"date":"2024-02-06T15:27:31","date_gmt":"2024-02-06T18:27:31","guid":{"rendered":"https:\/\/tveventos.tv.br\/?p=691"},"modified":"2024-02-06T15:27:33","modified_gmt":"2024-02-06T18:27:33","slug":"feninjer-2024","status":"publish","type":"post","link":"https:\/\/tveventos.tv.br\/?p=691","title":{"rendered":"FENINJER+ 2024"},"content":{"rendered":"\n<p>A Feira Nacional da Ind\u00fastria de Joias, Rel\u00f3gios e Afins \u00e9 o maior e mais importante evento do setor joalheiro na Am\u00e9rica do Sul.<\/p>\n\n\n\n<p>Sua 78\u00aa edi\u00e7\u00e3o acontecer\u00e1 entre os dias 19 e 22 de fevereiro de 2024 das 10h \u00e0s 20h. Quinta das 10h \u00e0s 18h no Transam\u00e9rica Expo Center-SP<\/p>\n","protected":false},"excerpt":{"rendered":"<p>A Feira Nacional da Ind\u00fastria de Joias, Rel\u00f3gios e Afins \u00e9 o maior e mais importante evento do setor joalheiro na Am\u00e9rica do Sul. Sua 78\u00aa edi\u00e7\u00e3o acontecer\u00e1 entre os dias 19 e 22 de fevereiro de 2024 das 10h \u00e0s 20h. Quinta das 10h \u00e0s 18h no Transam\u00e9rica Expo Center-SP<\/p>\n","protected":false},"author":2,"featured_media":692,"comment_status":"open","ping_status":"open","sticky":false,"template":"","format":"standard","meta":{"footnotes":""},"categories":[25],"tags":[],"class_list":{"0":"post-691","1":"post","2":"type-post","3":"status-publish","4":"format-standard","5":"has-post-thumbnail","7":"category-calendariodeeventos"},"_links":{"self":[{"href":"https:\/\/tveventos.tv.br\/index.php?rest_route=\/wp\/v2\/posts\/691","targetHints":{"allow":["GET"]}}],"collection":[{"href":"https:\/\/tveventos.tv.br\/index.php?rest_route=\/wp\/v2\/posts"}],"about":[{"href":"https:\/\/tveventos.tv.br\/index.php?rest_route=\/wp\/v2\/types\/post"}],"author":[{"embeddable":true,"href":"https:\/\/tveventos.tv.br\/index.php?rest_route=\/wp\/v2\/users\/2"}],"replies":[{"embeddable":true,"href":"https:\/\/tveventos.tv.br\/index.php?rest_route=%2Fwp%2Fv2%2Fcomments&post=691"}],"version-history":[{"count":2,"href":"https:\/\/tveventos.tv.br\/index.php?rest_route=\/wp\/v2\/posts\/691\/revisions"}],"predecessor-version":[{"id":694,"href":"https:\/\/tveventos.tv.br\/index.php?rest_route=\/wp\/v2\/posts\/691\/revisions\/694"}],"wp:featuredmedia":[{"embeddable":true,"href":"https:\/\/tveventos.tv.br\/index.php?rest_route=\/wp\/v2\/media\/692"}],"wp:attachment":[{"href":"https:\/\/tveventos.tv.br\/index.php?rest_route=%2Fwp%2Fv2%2Fmedia&parent=691"}],"wp:term":[{"taxonomy":"category","embeddable":true,"href":"https:\/\/tveventos.tv.br\/index.php?rest_route=%2Fwp%2Fv2%2Fcategories&post=691"},{"taxonomy":"post_tag","embeddable":true,"href":"https:\/\/tveventos.tv.br\/index.php?rest_route=%2Fwp%2Fv2%2Ftags&post=691"}],"curies":[{"name":"wp","href":"https:\/\/api.w.org\/{rel}","templated":true}]}}