{"id":695,"date":"2024-02-07T12:35:52","date_gmt":"2024-02-07T15:35:52","guid":{"rendered":"https:\/\/tveventos.tv.br\/?p=695"},"modified":"2024-02-07T12:35:56","modified_gmt":"2024-02-07T15:35:56","slug":"especialista-revela-o-impacto-das-feiras-de-negocios-na-criacao-de-oportunidades-e-experiencias-marcantes","status":"publish","type":"post","link":"https:\/\/tveventos.tv.br\/?p=695","title":{"rendered":"Especialista revela o impacto das feiras de neg\u00f3cios na cria\u00e7\u00e3o de oportunidades e experi\u00eancias marcantes"},"content":{"rendered":"\n<p class=\"has-text-align-center\"><em>O prop\u00f3sito n\u00e3o deve ser apenas expor, o espa\u00e7o deve servir tamb\u00e9m para gerar conex\u00f5es significativas, com \u00e1reas de networking confort\u00e1veis e convidativas<\/em><\/p>\n\n\n\n<p>Um stand vai al\u00e9m da simples presen\u00e7a em um evento. Trata-se de&nbsp; um verdadeiro \u00edm\u00e3 para os visitantes, criando um ambiente din\u00e2mico e memor\u00e1vel. Com um design inovador e visualmente cativante, a proposta do espa\u00e7o deve ser a de transformar a experi\u00eancia de quem chega at\u00e9 o local. O prop\u00f3sito, no entanto, n\u00e3o deve ser apenas expor, mas sim criar um cen\u00e1rio tem\u00e1tico que possa revelar a hist\u00f3ria de uma marca.<\/p>\n\n\n\n<p>Natalie Acera, CEO do Grupo Plus Stands, empresa que atua h\u00e1 mais de 12 anos no segmento de feiras e eventos, explica que \u00e9 preciso pensar em um ambiente cuidadosamente projetado para atrair, cativar e inspirar.&nbsp; O espa\u00e7o deve servir, tamb\u00e9m, para gerar novos neg\u00f3cios e conex\u00f5es significativas, com \u00e1reas de networking confort\u00e1veis e convidativas em um ambiente prop\u00edcio para conversas informais. \u201cOs visitantes podem desfrutar de bebidas e lanches enquanto constroem um s\u00f3lido relacionamento, que pode gerar oportunidades que ir\u00e3o al\u00e9m desse encontro\u201d, aponta a especialista.<\/p>\n\n\n\n<p>Concursos, sorteios e ativa\u00e7\u00f5es podem criar uma atmosfera de empolga\u00e7\u00e3o enquanto os visitantes interagem. \u201cA presen\u00e7a de personalidades influentes, que podem proporcionar uma experi\u00eancia mais enriquecedora, tamb\u00e9m \u00e9 uma \u00f3tima aposta\u201d, ressalta a CEO.<\/p>\n\n\n\n<p>Integrar tecnologias de \u00faltima gera\u00e7\u00e3o, como realidade virtual ou aumentada, pode provocar uma imers\u00e3o que vai al\u00e9m do convencional. \u201cAs atividades interativas precisam ser envolventes. Seja atrav\u00e9s de jogos que desafiam o conhecimento, demonstra\u00e7\u00f5es pr\u00e1ticas de produtos ou simula\u00e7\u00f5es, cada atra\u00e7\u00e3o deve ser \u00fanica e participativa\u201d, destaca.<\/p>\n\n\n\n<p>Caso a marca aponte a necessidade de realizar um workshop, a fundadora do Grupo Plus Stands recomenda que as apresenta\u00e7\u00f5es ao vivo n\u00e3o sejam apenas informativas, mas que realmente prendam a aten\u00e7\u00e3o. \u201cDemonstra\u00e7\u00f5es din\u00e2micas e especialistas compartilhando cases de sucesso causam um impacto positivo imediato\u201d, revela.<\/p>\n\n\n\n<p><strong>E o brinde?<\/strong><\/p>\n\n\n\n<p>Mais do que apenas lembran\u00e7as do evento, esses itens devem ser exclusivos e \u00fateis, funcionando como extens\u00f5es tang\u00edveis da marca. Cada visitante deve levar um artigo especial, capaz de refor\u00e7ar mem\u00f3rias sobre as experi\u00eancias \u00fanicas que foram proporcionadas enquanto o visitante esteve no stand.<\/p>\n\n\n\n<p><strong>Design e experi\u00eancia sensorial<\/strong><\/p>\n\n\n\n<p>A ergonomia do espa\u00e7o \u00e9 um aspecto muitas vezes subestimado, mas crucial para o sucesso de um stand. \u201cO layout deve ser pensado para facilitar a circula\u00e7\u00e3o dos visitantes, proporcionando uma experi\u00eancia fluida e agrad\u00e1vel. M\u00f3veis confort\u00e1veis, \u00e1reas de descanso e espa\u00e7os para intera\u00e7\u00e3o s\u00e3o elementos que contribuem para a sensa\u00e7\u00e3o de acolhimento\u201d, declara.<\/p>\n\n\n\n<p>Estimular os sentidos dos visitantes \u00e9 uma maneira eficaz de criar mem\u00f3rias duradouras. \u201cA inclus\u00e3o de elementos como aromas espec\u00edficos, m\u00fasica ambiente e texturas diferentes pode criar uma experi\u00eancia sensorial \u00fanica, associando a marca a sentimentos positivos na mente do p\u00fablico\u201d, relata.<\/p>\n\n\n\n<p><strong>Sobre o Grupo Plus Stands<\/strong><\/p>\n\n\n\n<p>O Grupo Plus Stands, muito al\u00e9m de uma montadora de Stands, gera solu\u00e7\u00f5es inovadoras para feiras de neg\u00f3cios, proporcionando ao expositor tudo o que precisa no formato 360\u00ba , sem necessitar de outros fornecedores no stand. Com 12 anos de expertise, a marca sabe o que o expositor busca: solu\u00e7\u00f5es pr\u00e1ticas que visam facilitar a exposi\u00e7\u00e3o de sua marca, produtos ou servi\u00e7os, sem preocupa\u00e7\u00f5es burocr\u00e1ticas.<\/p>\n\n\n\n<p>Para mais informa\u00e7\u00f5es, acesse o&nbsp;<a href=\"https:\/\/grupoplusstands.com.br\/\" target=\"_blank\" rel=\"noreferrer noopener\">site<\/a>&nbsp;ou o&nbsp;<a href=\"https:\/\/www.instagram.com\/plusstands\/\" target=\"_blank\" rel=\"noreferrer noopener\">instagram<\/a>.<\/p>\n\n\n\n<p><strong>Sobre Natalie Acera<\/strong><\/p>\n\n\n\n<p>Natalie Acera \u00e9 uma eterna produtora de eventos, no qual, hoje lidera como CEO de seu grupo de empresas dedicadas a organizar e promover feiras de neg\u00f3cios e eventos corporativos. Entusiasta nata, m\u00e3e do pequeno Pedro Andr\u00e9s, que \u00e9 o principal fio condutor de sua felicidade, \u00e9 impar\u00e1vel e dedicada na miss\u00e3o de transformar as pessoas que passam por suas empresas.&nbsp;<\/p>\n\n\n\n<p>Chief Happiness Officer certificada, Natalie segue os passos de seu pai desde os 12 anos, que tamb\u00e9m atua no mercado de feiras de neg\u00f3cios lidando diretamente com pessoas.&nbsp;<\/p>\n\n\n\n<p>Para mais informa\u00e7\u00f5es, acesse o&nbsp;<a href=\"https:\/\/www.instagram.com\/natyacera\/\" target=\"_blank\" rel=\"noreferrer noopener\">instagram<\/a>.<\/p>\n\n\n\n<p><\/p>\n","protected":false},"excerpt":{"rendered":"<p>O prop\u00f3sito n\u00e3o deve ser apenas expor, o espa\u00e7o deve servir tamb\u00e9m para gerar conex\u00f5es significativas, com \u00e1reas de networking confort\u00e1veis e convidativas Um stand vai al\u00e9m da simples presen\u00e7a em um evento. Trata-se de&nbsp; um verdadeiro \u00edm\u00e3 para os visitantes, criando um ambiente din\u00e2mico e memor\u00e1vel. Com um design inovador e visualmente cativante, a [&hellip;]<\/p>\n","protected":false},"author":2,"featured_media":697,"comment_status":"open","ping_status":"open","sticky":false,"template":"","format":"standard","meta":{"footnotes":""},"categories":[23],"tags":[],"class_list":{"0":"post-695","1":"post","2":"type-post","3":"status-publish","4":"format-standard","5":"has-post-thumbnail","7":"category-feirasdenegocios"},"_links":{"self":[{"href":"https:\/\/tveventos.tv.br\/index.php?rest_route=\/wp\/v2\/posts\/695","targetHints":{"allow":["GET"]}}],"collection":[{"href":"https:\/\/tveventos.tv.br\/index.php?rest_route=\/wp\/v2\/posts"}],"about":[{"href":"https:\/\/tveventos.tv.br\/index.php?rest_route=\/wp\/v2\/types\/post"}],"author":[{"embeddable":true,"href":"https:\/\/tveventos.tv.br\/index.php?rest_route=\/wp\/v2\/users\/2"}],"replies":[{"embeddable":true,"href":"https:\/\/tveventos.tv.br\/index.php?rest_route=%2Fwp%2Fv2%2Fcomments&post=695"}],"version-history":[{"count":1,"href":"https:\/\/tveventos.tv.br\/index.php?rest_route=\/wp\/v2\/posts\/695\/revisions"}],"predecessor-version":[{"id":698,"href":"https:\/\/tveventos.tv.br\/index.php?rest_route=\/wp\/v2\/posts\/695\/revisions\/698"}],"wp:featuredmedia":[{"embeddable":true,"href":"https:\/\/tveventos.tv.br\/index.php?rest_route=\/wp\/v2\/media\/697"}],"wp:attachment":[{"href":"https:\/\/tveventos.tv.br\/index.php?rest_route=%2Fwp%2Fv2%2Fmedia&parent=695"}],"wp:term":[{"taxonomy":"category","embeddable":true,"href":"https:\/\/tveventos.tv.br\/index.php?rest_route=%2Fwp%2Fv2%2Fcategories&post=695"},{"taxonomy":"post_tag","embeddable":true,"href":"https:\/\/tveventos.tv.br\/index.php?rest_route=%2Fwp%2Fv2%2Ftags&post=695"}],"curies":[{"name":"wp","href":"https:\/\/api.w.org\/{rel}","templated":true}]}}