{"id":700,"date":"2024-02-07T12:42:56","date_gmt":"2024-02-07T15:42:56","guid":{"rendered":"https:\/\/tveventos.tv.br\/?p=700"},"modified":"2024-02-07T12:42:59","modified_gmt":"2024-02-07T15:42:59","slug":"1a-expo-pet-brasil-acontece-em-fevereiro-na-paulista","status":"publish","type":"post","link":"https:\/\/tveventos.tv.br\/?p=700","title":{"rendered":"1\u00aa Expo Pet Brasil acontece em fevereiro na Paulista"},"content":{"rendered":"\n<p class=\"has-text-align-center\"><em>Com entrada gratuita, o evento \u00e9 mais uma realiza\u00e7\u00e3o da ONG Ajude o Pantanal Oficial e ser\u00e1 na Pra\u00e7a Osvaldo Cruz no dia 25, juntamente a 4\u00aa Expo Mel Brasil, das 11h \u00e0s 17h\u00a0<\/em><\/p>\n\n\n\n<p>O passeio para todos e gratuito est\u00e1 garantido no dia 25 de fevereiro: v\u00eam a\u00ed a 1\u00aa Expo Pet Brasil na Avenida Paulista. Promovido pela ONG Ajude o Pantanal Oficial que na mesma data realizar\u00e1 a 4\u00aa Expo Mel Brasil tamb\u00e9m na Pra\u00e7a Osvaldo Cruz, o \u201cevento animal de S\u00e3o Paulo destinado ao Mercado Pet\u201d ser\u00e1 das 11h \u00e0s 17h e promete muitas divers\u00f5es.<\/p>\n\n\n\n<p>Dentre os expositores da Expo Pet estar\u00e3o&nbsp;<a href=\"https:\/\/www.instagram.com\/bedogloveroficial\/?igsh=MXBwYjB4YTRxbmxx\" target=\"_blank\" rel=\"noreferrer noopener\">Be Dog Lover<\/a>,&nbsp;<a href=\"https:\/\/www.instagram.com\/fredocas_petfood\/?igsh=MW8zdnRyb3R0bHFkdQ%3D%3D\" target=\"_blank\" rel=\"noreferrer noopener\">Fredoca\u2019s Pet Food<\/a>,&nbsp;<a href=\"https:\/\/www.instagram.com\/pets_patinha_suave\/?igsh=bGZ0bm1odHF2ZGVu\" target=\"_blank\" rel=\"noreferrer noopener\">Pets Patinha Suave<\/a>&nbsp;e&nbsp;<a href=\"https:\/\/www.instagram.com\/zampeoficial\/?igsh=MTR1YWlodjlrOHZ3ZQ%3D%3D\" target=\"_blank\" rel=\"noreferrer noopener\">Zampe Oficial<\/a>. J\u00e1 na Expo Mel ser\u00e3o&nbsp;<a href=\"https:\/\/www.instagram.com\/amoartes.cosmeticosnaturais\/?igsh=MWUxcWUzandvcmxxdQ%3D%3D\" target=\"_blank\" rel=\"noreferrer noopener\">Amo Artes Cosm\u00e9ticos Naturais e Veganos<\/a>,&nbsp;<a href=\"https:\/\/www.instagram.com\/boleriaafetiva\/?igsh=bDhiMnhpajN4bTNj\" target=\"_blank\" rel=\"noreferrer noopener\">Boleria Afetiva<\/a>,&nbsp;<a href=\"https:\/\/www.instagram.com\/cocadaka\/?igsh=MW5vcTBrcmh1cGJlYQ%3D%3D\" target=\"_blank\" rel=\"noreferrer noopener\">Cocadaka<\/a>,&nbsp;<a href=\"https:\/\/www.instagram.com\/deborabove_velas\/?igsh=MTV4aGV5Mm9lMmw5ZQ%3D%3D\" target=\"_blank\" rel=\"noreferrer noopener\">Debora Bove Velas<\/a>,&nbsp;<a href=\"https:\/\/www.instagram.com\/doucemascavo.oficial\/?igsh=dTMzZDUyZnk1M255\" target=\"_blank\" rel=\"noreferrer noopener\">Douce Mascavo Oficial<\/a>,&nbsp;<a href=\"https:\/\/www.instagram.com\/doterrabr\/?igsh=MWZmcmh0eDBpcjEyMw%3D%3D\" target=\"_blank\" rel=\"noreferrer noopener\">Do Terra Essential Oils<\/a>,&nbsp;<a href=\"https:\/\/www.instagram.com\/hidromelphilipmead\/?igsh=MXRiOTc4dXFhOXdiOQ%3D%3D\" target=\"_blank\" rel=\"noreferrer noopener\">Hidromel Philip Mead<\/a>,&nbsp;<a href=\"https:\/\/www.instagram.com\/maosdebrigadeiroo\/?igsh=OHNpZTVhbDl3dmEw\" target=\"_blank\" rel=\"noreferrer noopener\">M\u00e3os de Brigadeiro<\/a>,&nbsp;<a href=\"https:\/\/www.instagram.com\/paperdogpapelaria\/?igsh=eHVuMDE2Y3J4cHgz\" target=\"_blank\" rel=\"noreferrer noopener\">Paper Dog Papelaria<\/a>,&nbsp;<a href=\"https:\/\/www.instagram.com\/robeer_cervejas\/?igsh=MTdtc3d1d280dTV1Ng%3D%3D\" target=\"_blank\" rel=\"noreferrer noopener\">Robeer Cervejas Artesanais<\/a>,&nbsp;<a href=\"https:\/\/www.instagram.com\/queijoearte\/?igsh=ZHQ4OW14cGQ4bXk0\" target=\"_blank\" rel=\"noreferrer noopener\">Queijo e Arte<\/a>&nbsp;e&nbsp;<a href=\"https:\/\/www.instagram.com\/viladasjoias\/?igsh=MXduY2NsdDV6NmMybA%3D%3D\" target=\"_blank\" rel=\"noreferrer noopener\">Vila das Joias<\/a>.<\/p>\n\n\n\n<p>Conforme conta Rita Pescuma, da ONG Ajude o Pantanal, a ideia de unir as feiras em uma s\u00f3 \u00e9 justamente pelo fato das tr\u00eas edi\u00e7\u00f5es anteriores da Expo Mel n\u00e3o s\u00f3 ter sido um sucesso, mas tamb\u00e9m ter tido visitas de pets acompanhados de seus \u201cpais\u201d. \u201cA inten\u00e7\u00e3o \u00e9 fazermos um dia n\u00e3o s\u00f3 de divulgar o mel dos biomas brasileiros e o trabalho de produtores gastron\u00f4micos artesanais, mas ser um dia de passeio para todos, que une conhecimento, gastronomia, produtos artesanais e alegria.<\/p>\n\n\n\n<p>Para mais informa\u00e7\u00f5es, as p\u00e1ginas oficiais s\u00e3o&nbsp;<a href=\"https:\/\/www.instagram.com\/expopetsbrasil\/\" target=\"_blank\" rel=\"noreferrer noopener\">https:\/\/www.instagram.com\/expopetsbrasil\/<\/a>&nbsp;e&nbsp;<a href=\"https:\/\/www.instagram.com\/expomelbrasil\/\" target=\"_blank\" rel=\"noreferrer noopener\">https:\/\/www.instagram.com\/expomelbrasil\/<\/a><\/p>\n\n\n\n<p><strong>Servi\u00e7o 4\u00aa Expo Mel Brasil e 1\u00aa Expo Pets Brasil e 4\u00aa Expo Mel Brasil<\/strong><\/p>\n\n\n\n<p>Data: 25 de fevereiro, domingo<\/p>\n\n\n\n<p>Hor\u00e1rio: 11h \u00e0s 17h<\/p>\n\n\n\n<p>Local: Pra\u00e7a Oswaldo Cruz \u2013 Para\u00edso \u2013 S\u00e3o Paulo (SP)<\/p>\n\n\n\n<p>Mais informa\u00e7\u00f5es:&nbsp;<a href=\"https:\/\/www.instagram.com\/expomelbrasil\/\" target=\"_blank\" rel=\"noreferrer noopener\">https:\/\/www.instagram.com\/expomelbrasil\/<\/a>&nbsp;e&nbsp;<a href=\"https:\/\/www.instagram.com\/expopetsbrasil\/\" target=\"_blank\" rel=\"noreferrer noopener\">https:\/\/www.instagram.com\/expopetsbrasil\/<\/a><\/p>\n","protected":false},"excerpt":{"rendered":"<p>Com entrada gratuita, o evento \u00e9 mais uma realiza\u00e7\u00e3o da ONG Ajude o Pantanal Oficial e ser\u00e1 na Pra\u00e7a Osvaldo Cruz no dia 25, juntamente a 4\u00aa Expo Mel Brasil, das 11h \u00e0s 17h\u00a0 O passeio para todos e gratuito est\u00e1 garantido no dia 25 de fevereiro: v\u00eam a\u00ed a 1\u00aa Expo Pet Brasil na [&hellip;]<\/p>\n","protected":false},"author":2,"featured_media":701,"comment_status":"open","ping_status":"open","sticky":false,"template":"","format":"standard","meta":{"footnotes":""},"categories":[1],"tags":[],"class_list":{"0":"post-700","1":"post","2":"type-post","3":"status-publish","4":"format-standard","5":"has-post-thumbnail","7":"category-workshopsepalestras"},"_links":{"self":[{"href":"https:\/\/tveventos.tv.br\/index.php?rest_route=\/wp\/v2\/posts\/700","targetHints":{"allow":["GET"]}}],"collection":[{"href":"https:\/\/tveventos.tv.br\/index.php?rest_route=\/wp\/v2\/posts"}],"about":[{"href":"https:\/\/tveventos.tv.br\/index.php?rest_route=\/wp\/v2\/types\/post"}],"author":[{"embeddable":true,"href":"https:\/\/tveventos.tv.br\/index.php?rest_route=\/wp\/v2\/users\/2"}],"replies":[{"embeddable":true,"href":"https:\/\/tveventos.tv.br\/index.php?rest_route=%2Fwp%2Fv2%2Fcomments&post=700"}],"version-history":[{"count":1,"href":"https:\/\/tveventos.tv.br\/index.php?rest_route=\/wp\/v2\/posts\/700\/revisions"}],"predecessor-version":[{"id":702,"href":"https:\/\/tveventos.tv.br\/index.php?rest_route=\/wp\/v2\/posts\/700\/revisions\/702"}],"wp:featuredmedia":[{"embeddable":true,"href":"https:\/\/tveventos.tv.br\/index.php?rest_route=\/wp\/v2\/media\/701"}],"wp:attachment":[{"href":"https:\/\/tveventos.tv.br\/index.php?rest_route=%2Fwp%2Fv2%2Fmedia&parent=700"}],"wp:term":[{"taxonomy":"category","embeddable":true,"href":"https:\/\/tveventos.tv.br\/index.php?rest_route=%2Fwp%2Fv2%2Fcategories&post=700"},{"taxonomy":"post_tag","embeddable":true,"href":"https:\/\/tveventos.tv.br\/index.php?rest_route=%2Fwp%2Fv2%2Ftags&post=700"}],"curies":[{"name":"wp","href":"https:\/\/api.w.org\/{rel}","templated":true}]}}