{"id":708,"date":"2024-02-09T13:04:22","date_gmt":"2024-02-09T16:04:22","guid":{"rendered":"https:\/\/tveventos.tv.br\/?p=708"},"modified":"2024-02-09T13:04:24","modified_gmt":"2024-02-09T16:04:24","slug":"cafeicultor-prioriza-negociacoes-com-troca-de-cafe-na-9a-feira-do-cerrado","status":"publish","type":"post","link":"https:\/\/tveventos.tv.br\/?p=708","title":{"rendered":"\u00a0Cafeicultor prioriza negocia\u00e7\u00f5es com troca de caf\u00e9 na 9\u00aa   Feira do Cerrado"},"content":{"rendered":"\n<p class=\"has-text-align-center\"><em>Opera\u00e7\u00f5es utilizando caf\u00e9 como moeda de troca superaram as expectativas. Evento organizado pela cooperativa mineira, a Cooxup\u00e9, recebeu mais de 4,5 mil produtores cooperados, nos dias 07 e 08 de fevereiro<\/em>.<\/p>\n\n\n\n<p>O balan\u00e7o da 9\u00aa edi\u00e7\u00e3o da Feira do Cerrado mostra que os produtores de caf\u00e9, cooperados da Cooxup\u00e9, est\u00e3o mais atentos \u00e0s rela\u00e7\u00f5es de troca de caf\u00e9, encontrando nesta modalidade mais seguran\u00e7a em suas negocia\u00e7\u00f5es.<br>&nbsp;<\/p>\n\n\n\n<p>\u201cMais do que nunca o produtor mostrou maior aten\u00e7\u00e3o \u00e0 troca do caf\u00e9. Pois, em 2024, este tipo de opera\u00e7\u00e3o superou os resultados obtidos em rela\u00e7\u00e3o \u00e0s demais edi\u00e7\u00f5es da Feira do Cerrado. O cafeicultor entendeu que o momento \u00e9 bom e prop\u00edcio, levando-o a optar por esta negocia\u00e7\u00e3o. Isso significa que o cooperado est\u00e1 atento e n\u00e3o quer ficar exposto \u00e0s varia\u00e7\u00f5es do caf\u00e9, evitando surpresas. Al\u00e9m disso, consegue travar seus custos com insumos e maquin\u00e1rios\u201d, explica o superintendente de Desenvolvimento do Cooperado da Cooxup\u00e9, Jos\u00e9 Eduardo Santos J\u00fanior.<br>&nbsp;<\/p>\n\n\n\n<p>Al\u00e9m de buscar seguran\u00e7a nas negocia\u00e7\u00f5es, o produtor tamb\u00e9m evidenciou a busca em elevar sua produtividade com a aquisi\u00e7\u00e3o de tecnologias e, principalmente, ganhar escala em sustentabilidade em suas produ\u00e7\u00f5es. \u201cO cooperado est\u00e1 empenhado com as pr\u00e1ticas sustent\u00e1veis e os resultados parciais da Feira do Cerrado demonstram este comprometimento\u201d, refor\u00e7a Santos J\u00fanior.<br>&nbsp;<\/p>\n\n\n\n<p>Com o tema \u201cCooperativismo: construindo o futuro sustent\u00e1vel das gera\u00e7\u00f5es\u201d, a 9\u00aa edi\u00e7\u00e3o da Feira do Cerrado recebeu mais de 4,5 mil produtores de caf\u00e9 e visitantes. Os n\u00fameros parciais mostram que mais de 4 mil or\u00e7amentos foram solicitados durante o evento.<br>&nbsp;<\/p>\n\n\n\n<p>\u201cSem d\u00favida, a Feira do Cerrado \u00e9 muito importante, pois traz conhecimento, informa\u00e7\u00e3o, al\u00e9m de oportunidade de fazer bons neg\u00f3cios. Tudo isso \u00e9 interessante demais para o cooperado e para todos cafeicultores da regi\u00e3o\u201d, considera o cooperado de Campos Altos (MG), Gabriel dos Reis.<br>&nbsp;<\/p>\n\n\n\n<p>J\u00e1 o cooperado de Monte Carmelo, Jos\u00e9 Ant\u00f4nio Padial Posso, se surpreendeu em rela\u00e7\u00e3o \u00e0 plataforma de tecnologia exposta. \u201cOs equipamentos v\u00e3o naturalmente ficando mais modernos, completos, ent\u00e3o temos que estar atentos a essas atualiza\u00e7\u00f5es\u201d, avalia.<br>&nbsp;<\/p>\n\n\n\n<p>A Feira do Cerrado foi realizada no N\u00facleo da Cooxup\u00e9 em Monte Carmelo, nos dias 07 e 08 de fevereiro, contando com a presen\u00e7a de mais de 60 marcas do agroneg\u00f3cio brasileiro.<\/p>\n","protected":false},"excerpt":{"rendered":"<p>Opera\u00e7\u00f5es utilizando caf\u00e9 como moeda de troca superaram as expectativas. Evento organizado pela cooperativa mineira, a Cooxup\u00e9, recebeu mais de 4,5 mil produtores cooperados, nos dias 07 e 08 de fevereiro. O balan\u00e7o da 9\u00aa edi\u00e7\u00e3o da Feira do Cerrado mostra que os produtores de caf\u00e9, cooperados da Cooxup\u00e9, est\u00e3o mais atentos \u00e0s rela\u00e7\u00f5es de [&hellip;]<\/p>\n","protected":false},"author":2,"featured_media":709,"comment_status":"open","ping_status":"open","sticky":false,"template":"","format":"standard","meta":{"footnotes":""},"categories":[1],"tags":[],"class_list":{"0":"post-708","1":"post","2":"type-post","3":"status-publish","4":"format-standard","5":"has-post-thumbnail","7":"category-workshopsepalestras"},"_links":{"self":[{"href":"https:\/\/tveventos.tv.br\/index.php?rest_route=\/wp\/v2\/posts\/708","targetHints":{"allow":["GET"]}}],"collection":[{"href":"https:\/\/tveventos.tv.br\/index.php?rest_route=\/wp\/v2\/posts"}],"about":[{"href":"https:\/\/tveventos.tv.br\/index.php?rest_route=\/wp\/v2\/types\/post"}],"author":[{"embeddable":true,"href":"https:\/\/tveventos.tv.br\/index.php?rest_route=\/wp\/v2\/users\/2"}],"replies":[{"embeddable":true,"href":"https:\/\/tveventos.tv.br\/index.php?rest_route=%2Fwp%2Fv2%2Fcomments&post=708"}],"version-history":[{"count":1,"href":"https:\/\/tveventos.tv.br\/index.php?rest_route=\/wp\/v2\/posts\/708\/revisions"}],"predecessor-version":[{"id":710,"href":"https:\/\/tveventos.tv.br\/index.php?rest_route=\/wp\/v2\/posts\/708\/revisions\/710"}],"wp:featuredmedia":[{"embeddable":true,"href":"https:\/\/tveventos.tv.br\/index.php?rest_route=\/wp\/v2\/media\/709"}],"wp:attachment":[{"href":"https:\/\/tveventos.tv.br\/index.php?rest_route=%2Fwp%2Fv2%2Fmedia&parent=708"}],"wp:term":[{"taxonomy":"category","embeddable":true,"href":"https:\/\/tveventos.tv.br\/index.php?rest_route=%2Fwp%2Fv2%2Fcategories&post=708"},{"taxonomy":"post_tag","embeddable":true,"href":"https:\/\/tveventos.tv.br\/index.php?rest_route=%2Fwp%2Fv2%2Ftags&post=708"}],"curies":[{"name":"wp","href":"https:\/\/api.w.org\/{rel}","templated":true}]}}