{"id":718,"date":"2024-02-14T14:45:39","date_gmt":"2024-02-14T17:45:39","guid":{"rendered":"https:\/\/tveventos.tv.br\/?p=718"},"modified":"2024-02-14T14:45:41","modified_gmt":"2024-02-14T17:45:41","slug":"we-expo-campinas-recebe-a-primeira-feira-canabica-da-regiao","status":"publish","type":"post","link":"https:\/\/tveventos.tv.br\/?p=718","title":{"rendered":"We Expo: Campinas recebe a primeira feira can\u00e1bica da regi\u00e3o"},"content":{"rendered":"\n<p>Nos dias 2 e 3 de mar\u00e7o, a cidade de Campinas (SP) se tornar\u00e1 o epicentro das discuss\u00f5es e da cultura relacionada \u00e0 cannabis. A We Expo, primeira edi\u00e7\u00e3o de uma feira can\u00e1bica na regi\u00e3o, promete oferecer uma experi\u00eancia \u00fanica em meio \u00e0 natureza, em um evento de dois dias dedicado \u00e0 promo\u00e7\u00e3o de debates, educa\u00e7\u00e3o e entretenimento.<\/p>\n\n\n\n<p>A We Expo foi idealizada com o objetivo de trazer uma experi\u00eancia in\u00e9dita para as feiras can\u00e1bicas brasileiras. Inspirada nas viv\u00eancias que os fundadores do evento tiveram em Amsterdam e na Calif\u00f3rnia, a We Expo nasceu para unir o que existe de melhor fora do Pa\u00eds, com a atmosfera \u00fanica que s\u00f3 \u00e9 encontrada no Brasil. O evento ser\u00e1 enriquecido com palestras e debates que contar\u00e3o com a participa\u00e7\u00e3o de especialistas em diversos setores relacionados \u00e0 planta. Os temas incluem o uso medicinal da cannabis, impactos sociais, avan\u00e7os nas pesquisas cient\u00edficas, a evolu\u00e7\u00e3o das pol\u00edticas p\u00fablicas relacionadas \u00e0 cannabis, entre outros; recebendo palestrantes que v\u00e3o desde m\u00e9dicos, pol\u00edticos e advogados a pesquisadores e empreendedores da ind\u00fastria.<\/p>\n\n\n\n<p>Marcelo Freire, um dos organizadores da We Expo, destaca que o evento tem como objetivo central promover discuss\u00f5es construtivas sobre a planta e promover um dia repleto de cultura e divers\u00e3o. \u201cAl\u00e9m de expositores, palestras e workshops, contaremos com uma programa\u00e7\u00e3o cultural diversificada, incluindo shows de diversos artistas do reggae, rap, rock e eletr\u00f4nico nacionais, entre eles a banda Mato Seco, apresenta\u00e7\u00e3o de stand up comedy, tatuagem, graffiti, desfile de roupas, pra\u00e7a de alimenta\u00e7\u00e3o e muito mais\u201d, enfatiza Freire.<\/p>\n\n\n\n<p>O organizador complementa que a We Expo ser\u00e1 uma oportunidade \u00fanica para a constru\u00e7\u00e3o de redes de contatos e intera\u00e7\u00f5es entre profissionais, pesquisadores e membros da sociedade civil interessados na tem\u00e1tica, com uma \u00e1rea exclusiva no evento para fomentar o networking entre marcas, empresas e palestrantes presentes.<\/p>\n\n\n\n<p>Um dos principais diferenciais que a feira promete entregar ao p\u00fablico \u00e9 uma estrutura, decora\u00e7\u00e3o e cenografia diferenciados. Todas as \u00e1reas do evento, como estandes, palco, \u00e1rea de palestras e bares, est\u00e3o sendo cuidadosamente pensados para entregar uma experi\u00eancia \u00fanica para os convidados do evento, contando com diversas ativa\u00e7\u00f5es de marcas distribu\u00eddas pela feira e estandes tem\u00e1ticos, como o Amsterdam District, inspirado em uma das cidades mais famosas do mundo, e o Santa Monica Village, idealizado a partir de refer\u00eancias art\u00edsticas da Calif\u00f3rnia.<\/p>\n\n\n\n<p>Para completar a experi\u00eancia, a feira contar\u00e1 com uma ampla variedade de produtos e marcas, que abrangem \u00e1reas como medicina terap\u00eautica, moda, gastronomia, economia criativa, itens de tabacaria, entre outros.<\/p>\n\n\n\n<p>Os ingressos para a We Expo est\u00e3o dispon\u00edveis no site oficial da venda de ingressos do evento e custam a partir de R$ 60,00.<\/p>\n\n\n\n<p><font _mstmutation=\"1\"><\/font><\/p>\n\n\n\n<p><strong>Servi\u00e7o<\/strong><\/p>\n\n\n\n<p>Evento:&nbsp;<a href=\"https:\/\/www.instagram.com\/weexpo_\/\" target=\"_blank\" rel=\"noreferrer noopener\">We Expo<\/a><\/p>\n\n\n\n<p>Data: 02 e 03 de mar\u00e7o de 2024<\/p>\n\n\n\n<p>Hor\u00e1rio: 02.03 (s\u00e1bado), das 12h \u00e0s 22h, e 03.03 (domingo), das 11h \u00e0s 22h.<\/p>\n\n\n\n<p>Local: Rua Rubens Gomes Balsas, 2.300, Joaquim Eg\u00eddio \u2013 Campinas, SP<\/p>\n\n\n\n<p>Ingressos: R$ 60,00 (1 dia) e R$ 95,00 (pacote 2 dias) &#8211; dispon\u00edveis em&nbsp;<a href=\"https:\/\/byma.com.br\/event\/6553ffe2e40d9500085398fe\" target=\"_blank\" rel=\"noreferrer noopener\">https:\/\/byma.com.br\/event\/<wbr>6553ffe2e40d9500085398fe<\/a><\/p>\n","protected":false},"excerpt":{"rendered":"<p>Nos dias 2 e 3 de mar\u00e7o, a cidade de Campinas (SP) se tornar\u00e1 o epicentro das discuss\u00f5es e da cultura relacionada \u00e0 cannabis. A We Expo, primeira edi\u00e7\u00e3o de uma feira can\u00e1bica na regi\u00e3o, promete oferecer uma experi\u00eancia \u00fanica em meio \u00e0 natureza, em um evento de dois dias dedicado \u00e0 promo\u00e7\u00e3o de debates, [&hellip;]<\/p>\n","protected":false},"author":2,"featured_media":720,"comment_status":"open","ping_status":"open","sticky":false,"template":"","format":"standard","meta":{"footnotes":""},"categories":[1],"tags":[],"class_list":{"0":"post-718","1":"post","2":"type-post","3":"status-publish","4":"format-standard","5":"has-post-thumbnail","7":"category-workshopsepalestras"},"_links":{"self":[{"href":"https:\/\/tveventos.tv.br\/index.php?rest_route=\/wp\/v2\/posts\/718","targetHints":{"allow":["GET"]}}],"collection":[{"href":"https:\/\/tveventos.tv.br\/index.php?rest_route=\/wp\/v2\/posts"}],"about":[{"href":"https:\/\/tveventos.tv.br\/index.php?rest_route=\/wp\/v2\/types\/post"}],"author":[{"embeddable":true,"href":"https:\/\/tveventos.tv.br\/index.php?rest_route=\/wp\/v2\/users\/2"}],"replies":[{"embeddable":true,"href":"https:\/\/tveventos.tv.br\/index.php?rest_route=%2Fwp%2Fv2%2Fcomments&post=718"}],"version-history":[{"count":2,"href":"https:\/\/tveventos.tv.br\/index.php?rest_route=\/wp\/v2\/posts\/718\/revisions"}],"predecessor-version":[{"id":722,"href":"https:\/\/tveventos.tv.br\/index.php?rest_route=\/wp\/v2\/posts\/718\/revisions\/722"}],"wp:featuredmedia":[{"embeddable":true,"href":"https:\/\/tveventos.tv.br\/index.php?rest_route=\/wp\/v2\/media\/720"}],"wp:attachment":[{"href":"https:\/\/tveventos.tv.br\/index.php?rest_route=%2Fwp%2Fv2%2Fmedia&parent=718"}],"wp:term":[{"taxonomy":"category","embeddable":true,"href":"https:\/\/tveventos.tv.br\/index.php?rest_route=%2Fwp%2Fv2%2Fcategories&post=718"},{"taxonomy":"post_tag","embeddable":true,"href":"https:\/\/tveventos.tv.br\/index.php?rest_route=%2Fwp%2Fv2%2Ftags&post=718"}],"curies":[{"name":"wp","href":"https:\/\/api.w.org\/{rel}","templated":true}]}}