{"id":727,"date":"2024-02-16T11:03:35","date_gmt":"2024-02-16T14:03:35","guid":{"rendered":"https:\/\/tveventos.tv.br\/?p=727"},"modified":"2024-02-16T11:03:38","modified_gmt":"2024-02-16T14:03:38","slug":"consolidada-no-mercado-feira-de-arte-arpa-chega-a-sua-terceira-edicao-com-curadores-renomados","status":"publish","type":"post","link":"https:\/\/tveventos.tv.br\/?p=727","title":{"rendered":"\u00a0Consolidada no mercado, feira de arte ArPa chega a sua terceira edi\u00e7\u00e3o com curadores renomados"},"content":{"rendered":"\n<p class=\"has-text-align-center\"><em>vento volta acontecer no Complexo Pacaembu entre 5 e 9 de junho e contar\u00e1 com curadoria de nomes como Ana Carolina Ralston, Germano Dush\u00e1, Jos\u00e9 Esparza Chong Cuy e Raphael Fonseca<\/em>.<\/p>\n\n\n\n<p>Ap\u00f3s dois anos de realiza\u00e7\u00e3o bem-sucedida e reconhecida pelo mercado, a feira de arte ArPa chega a sua terceira edi\u00e7\u00e3o em 2024 e acontecer\u00e1 entre 5 e 9 de junho no Complexo Pacaembu. O evento contar\u00e1 com uma renomada equipe de curadores, que possuem bastante experi\u00eancia no campo art\u00edstico. Assim como nos anos anteriores, cada curador assumir\u00e1 um setor.<\/p>\n\n\n\n<p>O setor Sat\u00e9lite, dedicado \u00e0 produ\u00e7\u00e3o audiovisual e aberto gratuitamente ao p\u00fablico, contar\u00e1 com a curadoria de Raphael Fonseca, um dos poucos brasileiros a figurar na prestigiosa lista Power 100, da ArtReview, que elenca os 100 principais nomes do universo da arte contempor\u00e2nea mundial neste ano. Al\u00e9m de ser curador de arte latino-americana moderna e contempor\u00e2nea no Denver Art Museum, nos Estados Unidos, Fonseca tamb\u00e9m ser\u00e1 um dos curadores da Bienal do Mercosul, que acontecer\u00e1 neste ano em Porto Alegre.<\/p>\n\n\n\n<p>Germano Dush\u00e1 ser\u00e1 o curador do Setor UNI, dedicado a estandes solo de artistas promissores da cena contempor\u00e2nea, que, nesta edi\u00e7\u00e3o receber\u00e1 uma abordagem multifacetada. Dush\u00e1 ser\u00e1 um dos curadores do Panorama da Arte Brasileira no MAM S\u00e3o Paulo neste ano. Atualmente, Germano coordena a organiza\u00e7\u00e3o Fora, focada em pr\u00e1ticas art\u00edsticas contempor\u00e2neas.<\/p>\n\n\n\n<p>A Sala de Conversas, em que uma s\u00e9rie de convidados debatem temas relativos \u00e0 arte contempor\u00e2nea, ficar\u00e1 sob a responsabilidade de Ana Carolina Ralston, jornalista cultural, pesquisadora e curadora de arte independente. Ana tem experi\u00eancia na organiza\u00e7\u00e3o e realiza\u00e7\u00e3o e projetos para galerias e institui\u00e7\u00f5es, entre elas Pavilh\u00e3o da Bienal, MIS-SP, Centro Cultural Correios, MuBA, Pra\u00e7a das Artes e Biblioteca M\u00e1rio de Andrade. Atualmente, dedica-se \u00e0 pesquisa sobre arte natureza e a rela\u00e7\u00e3o entre o universo ambiental, feminino e tecnol\u00f3gico.<\/p>\n\n\n\n<p>J\u00e1 o mexicano Jos\u00e9 Esparza Chong Cuy, que tamb\u00e9m foi curador da feira em edi\u00e7\u00f5es passadas, ficar\u00e1 respons\u00e1vel pelo setor Arte em Campo, um setor especial que leva esculturas e instala\u00e7\u00f5es \u00e0s \u00e1reas comuns do Complexo do Pacaembu e poder\u00e1 ser visitado por todas as pessoas, gratuitamente. Jos\u00e9 \u00e9 Diretor Executivo e Curador Chefe da Storefront for Art and Architecture em Nova York e foi curador do Museum of Contemporary Art Chicago: MCA, organizando nos Estados Unidos exposi\u00e7\u00f5es importantes de artistas brasileiros como Jonathas de Andrade e Marcelo Cidade.<\/p>\n\n\n\n<p><strong>Sobre a ArPa<\/strong><\/p>\n\n\n\n<p>A ArPa \u00e9 uma feira de arte focada em expandir a comunidade da arte contempor\u00e2nea nacional e internacional. A Feira re\u00fane diferentes abordagens e perspectivas em busca de um olhar descentralizado a fim de fomentar interc\u00e2mbios comerciais e criativos. Acontece anualmente no Complexo do Pacaembu, organizada em quatro setores expositivos: Principal, UNI, Sat\u00e9lite e Arte em Campo.<\/p>\n","protected":false},"excerpt":{"rendered":"<p>vento volta acontecer no Complexo Pacaembu entre 5 e 9 de junho e contar\u00e1 com curadoria de nomes como Ana Carolina Ralston, Germano Dush\u00e1, Jos\u00e9 Esparza Chong Cuy e Raphael Fonseca. Ap\u00f3s dois anos de realiza\u00e7\u00e3o bem-sucedida e reconhecida pelo mercado, a feira de arte ArPa chega a sua terceira edi\u00e7\u00e3o em 2024 e acontecer\u00e1 [&hellip;]<\/p>\n","protected":false},"author":2,"featured_media":728,"comment_status":"open","ping_status":"open","sticky":false,"template":"","format":"standard","meta":{"footnotes":""},"categories":[1],"tags":[],"class_list":{"0":"post-727","1":"post","2":"type-post","3":"status-publish","4":"format-standard","5":"has-post-thumbnail","7":"category-workshopsepalestras"},"_links":{"self":[{"href":"https:\/\/tveventos.tv.br\/index.php?rest_route=\/wp\/v2\/posts\/727","targetHints":{"allow":["GET"]}}],"collection":[{"href":"https:\/\/tveventos.tv.br\/index.php?rest_route=\/wp\/v2\/posts"}],"about":[{"href":"https:\/\/tveventos.tv.br\/index.php?rest_route=\/wp\/v2\/types\/post"}],"author":[{"embeddable":true,"href":"https:\/\/tveventos.tv.br\/index.php?rest_route=\/wp\/v2\/users\/2"}],"replies":[{"embeddable":true,"href":"https:\/\/tveventos.tv.br\/index.php?rest_route=%2Fwp%2Fv2%2Fcomments&post=727"}],"version-history":[{"count":1,"href":"https:\/\/tveventos.tv.br\/index.php?rest_route=\/wp\/v2\/posts\/727\/revisions"}],"predecessor-version":[{"id":729,"href":"https:\/\/tveventos.tv.br\/index.php?rest_route=\/wp\/v2\/posts\/727\/revisions\/729"}],"wp:featuredmedia":[{"embeddable":true,"href":"https:\/\/tveventos.tv.br\/index.php?rest_route=\/wp\/v2\/media\/728"}],"wp:attachment":[{"href":"https:\/\/tveventos.tv.br\/index.php?rest_route=%2Fwp%2Fv2%2Fmedia&parent=727"}],"wp:term":[{"taxonomy":"category","embeddable":true,"href":"https:\/\/tveventos.tv.br\/index.php?rest_route=%2Fwp%2Fv2%2Fcategories&post=727"},{"taxonomy":"post_tag","embeddable":true,"href":"https:\/\/tveventos.tv.br\/index.php?rest_route=%2Fwp%2Fv2%2Ftags&post=727"}],"curies":[{"name":"wp","href":"https:\/\/api.w.org\/{rel}","templated":true}]}}