{"id":732,"date":"2024-02-16T17:05:32","date_gmt":"2024-02-16T20:05:32","guid":{"rendered":"https:\/\/tveventos.tv.br\/?p=732"},"modified":"2024-02-16T17:05:35","modified_gmt":"2024-02-16T20:05:35","slug":"dia-do-reporter","status":"publish","type":"post","link":"https:\/\/tveventos.tv.br\/?p=732","title":{"rendered":"Dia do Rep\u00f3rter"},"content":{"rendered":"\n<p class=\"has-text-align-center\">O Dia do Rep\u00f3rter \u00e9 uma data comemorativa celebrada de maneira informal no dia 16 de fevereiro.<\/p>\n\n\n\n<p>Feliz Dia do Rep\u00f3rter para todos aqueles que enfrentam desafios, buscam a verdade e compartilham hist\u00f3rias que precisam ser ouvidas, os rep\u00f3rteres encontram as hist\u00f3rias que precisam ser contadas. Hoje celebramos esses contadores de hist\u00f3rias incans\u00e1veis.<\/p>\n","protected":false},"excerpt":{"rendered":"<p>O Dia do Rep\u00f3rter \u00e9 uma data comemorativa celebrada de maneira informal no dia 16 de fevereiro. Feliz Dia do Rep\u00f3rter para todos aqueles que enfrentam desafios, buscam a verdade e compartilham hist\u00f3rias que precisam ser ouvidas, os rep\u00f3rteres encontram as hist\u00f3rias que precisam ser contadas. Hoje celebramos esses contadores de hist\u00f3rias incans\u00e1veis.<\/p>\n","protected":false},"author":2,"featured_media":733,"comment_status":"open","ping_status":"open","sticky":false,"template":"","format":"standard","meta":{"footnotes":""},"categories":[1],"tags":[],"class_list":{"0":"post-732","1":"post","2":"type-post","3":"status-publish","4":"format-standard","5":"has-post-thumbnail","7":"category-workshopsepalestras"},"_links":{"self":[{"href":"https:\/\/tveventos.tv.br\/index.php?rest_route=\/wp\/v2\/posts\/732","targetHints":{"allow":["GET"]}}],"collection":[{"href":"https:\/\/tveventos.tv.br\/index.php?rest_route=\/wp\/v2\/posts"}],"about":[{"href":"https:\/\/tveventos.tv.br\/index.php?rest_route=\/wp\/v2\/types\/post"}],"author":[{"embeddable":true,"href":"https:\/\/tveventos.tv.br\/index.php?rest_route=\/wp\/v2\/users\/2"}],"replies":[{"embeddable":true,"href":"https:\/\/tveventos.tv.br\/index.php?rest_route=%2Fwp%2Fv2%2Fcomments&post=732"}],"version-history":[{"count":1,"href":"https:\/\/tveventos.tv.br\/index.php?rest_route=\/wp\/v2\/posts\/732\/revisions"}],"predecessor-version":[{"id":734,"href":"https:\/\/tveventos.tv.br\/index.php?rest_route=\/wp\/v2\/posts\/732\/revisions\/734"}],"wp:featuredmedia":[{"embeddable":true,"href":"https:\/\/tveventos.tv.br\/index.php?rest_route=\/wp\/v2\/media\/733"}],"wp:attachment":[{"href":"https:\/\/tveventos.tv.br\/index.php?rest_route=%2Fwp%2Fv2%2Fmedia&parent=732"}],"wp:term":[{"taxonomy":"category","embeddable":true,"href":"https:\/\/tveventos.tv.br\/index.php?rest_route=%2Fwp%2Fv2%2Fcategories&post=732"},{"taxonomy":"post_tag","embeddable":true,"href":"https:\/\/tveventos.tv.br\/index.php?rest_route=%2Fwp%2Fv2%2Ftags&post=732"}],"curies":[{"name":"wp","href":"https:\/\/api.w.org\/{rel}","templated":true}]}}