{"id":735,"date":"2024-02-19T14:45:34","date_gmt":"2024-02-19T17:45:34","guid":{"rendered":"https:\/\/tveventos.tv.br\/?p=735"},"modified":"2024-02-19T14:48:51","modified_gmt":"2024-02-19T17:48:51","slug":"fce-pharma-e-fce-cosmetique-abrem-credenciamento-para-visitantes","status":"publish","type":"post","link":"https:\/\/tveventos.tv.br\/?p=735","title":{"rendered":"FCE Pharma e FCE Cosmetique abrem credenciamento para visitantes"},"content":{"rendered":"\n<p class=\"has-text-align-center\"><em>Ap\u00f3s recorde de p\u00fablico ano passado, feiras dos setores farmac\u00eautico e cosm\u00e9tico t\u00eam expectativas ainda mais altas para 2024<\/em><\/p>\n\n\n\n<p>A N\u00fcrnbergMesse Brasil, uma das maiores promotoras de eventos do pa\u00eds, anunciou nesta segunda-feira, 19, a abertura do credenciamento para os visitantes da FCE Pharma e FCE Cosmetique 2024, realizadas simultaneamente entre os dias 4 e 6 de junho, no S\u00e3o Paulo Expo, na capital paulista.<\/p>\n\n\n\n<p>A expectativa da empresa \u00e9 que, este ano, as feiras consideradas, as mais importantes dos segmentos farmac\u00eautico e cosm\u00e9tico da Am\u00e9rica Latina recebam 21 mil visitantes. Proje\u00e7\u00e3o maior que a do ano passado, quando a promotora esperava atrair 18 mil pessoas e bateu recorde de p\u00fablico. Nesta edi\u00e7\u00e3o, mais de 600 marcas estar\u00e3o presentes, entre elas as gigantes Siemens, Merck, Givaudan Active Beauty, Innovapacking, Polar, Teva API, Nortec e MCassab.<\/p>\n\n\n\n<p>Nadja Bento, Diretora do Portf\u00f3lio de Life Science da companhia, se diz otimista. &#8220;Ao longo dos anos, temos priorizado a hospitalidade e isso se reflete em um crescimento cont\u00ednuo e em feedbacks muito positivos tanto de expositores quanto de visitantes. Esperamos nos aproximar cada vez mais das necessidades dos setores em que atuamos e facilitar ainda mais as rela\u00e7\u00f5es comerciais&#8221;.<\/p>\n\n\n\n<p>Sete meses depois da \u00faltima edi\u00e7\u00e3o, de 2023, as duas feiras j\u00e1 contavam com mais de 1000 m\u00b2 de espa\u00e7o em lista de espera, com fabricantes e fornecedores interessados em expor. Em 2024, a FCE Pharma vem com um aumento de 12% no n\u00famero de novos expositores, enquanto a FCE Cosmetique registra 24%.<\/p>\n\n\n\n<p>A alta procura fez com que o Pavilh\u00e3o Mat\u00e9ria-Prima, da FCE Cosmetique, tivesse sua \u00e1rea ampliada. O espa\u00e7o alcan\u00e7ou uma taxa de vendas de 100% na edi\u00e7\u00e3o de 2024 e a proje\u00e7\u00e3o tamb\u00e9m \u00e9 de crescimento para 2025. Outro destaque da feira \u00e9 o aumento de 30% na presen\u00e7a de estandes internacionais, que demonstra um not\u00e1vel interesse global no mercado cosm\u00e9tico brasileiro.<\/p>\n\n\n\n<p>Os dois eventos re\u00fanem os principais players do mercado para apresentar o que h\u00e1 de mais inovador nos segmentos. Dessa forma, ambos s\u00e3o considerados pontos de encontro obrigat\u00f3rios para profissionais do setor, que j\u00e1 podem garantir a presen\u00e7a atrav\u00e9s do credenciamento pr\u00e9vio nos links abaixo:<\/p>\n\n\n\n<p>Credenciamento FCE Pharma (<a href=\"https:\/\/www.fcepharma.com.br\/\">https:\/\/www.fcepharma.com.br\/<\/a>).<br>Credenciamento FCE Cosmetique (<a href=\"https:\/\/www.fcecosmetique.com.br\/\">https:\/\/www.fcecosmetique.com.br\/<\/a>).<\/p>\n\n\n\n<p><strong>Servi\u00e7o:<br>FCE Pharma e FCE Cosmetique<\/strong><\/p>\n\n\n\n<p>Dia: 04 a 06 de junho<br>Hor\u00e1rio: 11 \u00e0s 19hs<br>Local: S\u00e3o Paulo Expo &#8211; Rodovia dos Imigrantes, 1,5 km &#8211; Vila \u00c1gua Funda, S\u00e3o Paulo &#8211; SP,<br>04329-900<\/p>\n","protected":false},"excerpt":{"rendered":"<p>Ap\u00f3s recorde de p\u00fablico ano passado, feiras dos setores farmac\u00eautico e cosm\u00e9tico t\u00eam expectativas ainda mais altas para 2024 A N\u00fcrnbergMesse Brasil, uma das maiores promotoras de eventos do pa\u00eds, anunciou nesta segunda-feira, 19, a abertura do credenciamento para os visitantes da FCE Pharma e FCE Cosmetique 2024, realizadas simultaneamente entre os dias 4 e [&hellip;]<\/p>\n","protected":false},"author":2,"featured_media":0,"comment_status":"open","ping_status":"open","sticky":false,"template":"","format":"standard","meta":{"footnotes":""},"categories":[1],"tags":[],"class_list":{"0":"post-735","1":"post","2":"type-post","3":"status-publish","4":"format-standard","6":"category-workshopsepalestras"},"_links":{"self":[{"href":"https:\/\/tveventos.tv.br\/index.php?rest_route=\/wp\/v2\/posts\/735","targetHints":{"allow":["GET"]}}],"collection":[{"href":"https:\/\/tveventos.tv.br\/index.php?rest_route=\/wp\/v2\/posts"}],"about":[{"href":"https:\/\/tveventos.tv.br\/index.php?rest_route=\/wp\/v2\/types\/post"}],"author":[{"embeddable":true,"href":"https:\/\/tveventos.tv.br\/index.php?rest_route=\/wp\/v2\/users\/2"}],"replies":[{"embeddable":true,"href":"https:\/\/tveventos.tv.br\/index.php?rest_route=%2Fwp%2Fv2%2Fcomments&post=735"}],"version-history":[{"count":1,"href":"https:\/\/tveventos.tv.br\/index.php?rest_route=\/wp\/v2\/posts\/735\/revisions"}],"predecessor-version":[{"id":737,"href":"https:\/\/tveventos.tv.br\/index.php?rest_route=\/wp\/v2\/posts\/735\/revisions\/737"}],"wp:attachment":[{"href":"https:\/\/tveventos.tv.br\/index.php?rest_route=%2Fwp%2Fv2%2Fmedia&parent=735"}],"wp:term":[{"taxonomy":"category","embeddable":true,"href":"https:\/\/tveventos.tv.br\/index.php?rest_route=%2Fwp%2Fv2%2Fcategories&post=735"},{"taxonomy":"post_tag","embeddable":true,"href":"https:\/\/tveventos.tv.br\/index.php?rest_route=%2Fwp%2Fv2%2Ftags&post=735"}],"curies":[{"name":"wp","href":"https:\/\/api.w.org\/{rel}","templated":true}]}}