{"id":747,"date":"2024-02-22T15:48:08","date_gmt":"2024-02-22T18:48:08","guid":{"rendered":"https:\/\/tveventos.tv.br\/?p=747"},"modified":"2024-02-22T15:48:12","modified_gmt":"2024-02-22T18:48:12","slug":"3a-edicao-do-festival-cidade-do-futuro-tera-20-arenas-para-debater-a-economia-do-futuro","status":"publish","type":"post","link":"https:\/\/tveventos.tv.br\/?p=747","title":{"rendered":"3\u00aa edi\u00e7\u00e3o do Festival Cidade do Futuro ter\u00e1 20 arenas  para debater a economia do futuro"},"content":{"rendered":"\n<p>Provocar lideran\u00e7as a pensar no futuro das cidades, combinando neg\u00f3cios, sustentabilidade e inova\u00e7\u00e3o. Esse \u00e9 um dos prop\u00f3sitos do<a href=\"https:\/\/www.cidadedofuturo.com\/\"> Festival Cidade do Futuro<\/a>, que acontece entre os dias 14 a 16 de mar\u00e7o em S\u00e3o Paulo, trazendo ao palco a discuss\u00e3o sobre o papel das grandes cidades para impulsionar o desenvolvimento sustent\u00e1vel do pa\u00eds.<\/p>\n\n\n\n<p>Inspirado no SXSW, a iniciativa promove a ocupa\u00e7\u00e3o de locais ic\u00f4nicos do centro hist\u00f3rico da capital, trazendo as principais tend\u00eancias globais de inova\u00e7\u00e3o e sustentabilidade corporativa. Durante os tr\u00eas dias, o evento receber\u00e1 especialistas de diversas partes do Brasil e do mundo para participa\u00e7\u00e3o em rodadas de neg\u00f3cios, demoday para investidores, sess\u00f5es de mentoria, workshops pr\u00e1ticos, casas de conex\u00e3o e pain\u00e9is interativos.&nbsp;<\/p>\n\n\n\n<p>Todo conte\u00fado do evento \u00e9 gratuito e est\u00e1 relacionado aos ODS da ONU, com mais de 20 arenas simult\u00e2neas, 500 palestrantes, 200 horas de programa\u00e7\u00e3o e mais de 10 mil participantes de todo pa\u00eds.<\/p>\n\n\n\n<p>\u201cQueremos gerar novos neg\u00f3cios envolvendo sustentabilidade e a inova\u00e7\u00e3o nos territ\u00f3rios, valorizando o papel das pessoas e empresas na transforma\u00e7\u00e3o da economia do futuro. Vamos reunir as lideran\u00e7as que v\u00e3o criar empresas mais sustent\u00e1veis, com novos modelos de neg\u00f3cios orientados a redu\u00e7\u00e3o das emiss\u00f5es de carbono e mais adaptados \u00e0s mudan\u00e7as clim\u00e1ticas\u201d, afirma Michel Porcino, idealizador do evento e CEO do OFuturo.<\/p>\n\n\n\n<p>O Festival est\u00e1 sendo realizado pela CNB, entidade gestora, e pela empresa OFuturo, idealizadora do evento, em parceria com a Secretaria Municipal de Inova\u00e7\u00e3o e Tecnologia da Prefeitura de S\u00e3o Paulo. Al\u00e9m de contar com a participa\u00e7\u00e3o de mais de 50 parceiros do ecossistema de inova\u00e7\u00e3o e sustentabilidade do Brasil.<\/p>\n\n\n\n<p>\u201cS\u00e3o Paulo \u00e9 o ber\u00e7o das startups na Am\u00e9rica Latina e capital econ\u00f4mica. Cada vez mais queremos colocar essa pot\u00eancia lado a lado com a sustentabilidade para construir hoje o futuro que queremos para nossa cidade\u201d, diz o Secret\u00e1rio Adj. de Inova\u00e7\u00e3o e Tecnologia do Munic\u00edpio de S\u00e3o Paulo, Humberto de Alencar.<\/p>\n\n\n\n<p>Com o mote de \u201cConstruir um futuro sustent\u00e1vel para o Brasil\u201d, a 3\u00aa edi\u00e7\u00e3o Festival Cidade do Futuro ser\u00e1 composta por 11 verticais principais: futuro da <strong>economia verde<\/strong>; futuro da <strong>ind\u00fastria<\/strong>; futuro da <strong>energia<\/strong>;<strong> <\/strong>futuro das <strong>finan\u00e7as<\/strong>; futuro do <strong>agro<\/strong>; futuro da <strong>mobilidade<\/strong>, <strong>sa\u00fade <\/strong>e <strong>educa\u00e7\u00e3o<\/strong>; <strong>ESG<\/strong>, <strong>diversidade <\/strong>e <strong>inclus\u00e3o<\/strong>; <strong>cultura<\/strong> e <strong>sociedade do futuro; inova\u00e7\u00e3o em governos<\/strong>; futuro de <strong>SP<\/strong> e futuro dos <strong>centros<\/strong>.&nbsp;<\/p>\n\n\n\n<p>Quem quiser contribuir com projetos de impacto poder\u00e1 adquirir o ingresso FuturoSP que, al\u00e9m de garantir kit especial, destinar\u00e1 recursos para financiar projetos de sustentabilidade, resili\u00eancia e justi\u00e7a clim\u00e1tica. Al\u00e9m disso, os participantes poder\u00e3o acessar ingressos para shows, experi\u00eancias exclusivas no centro, imers\u00f5es de conte\u00fado e acesso \u00e0s casas de networking, voltadas \u00e0 gera\u00e7\u00e3o de neg\u00f3cios para lideran\u00e7as e grandes empresas.<\/p>\n\n\n\n<p>As inscri\u00e7\u00f5es podem ser realizadas por meio<a href=\"https:\/\/www.sympla.com.br\/evento\/festival-cidade-do-futuro-2024-negocios-inovacao-e-sustentabilidade\/2316903?_gl=1*1cy4q4u*_ga*MTEzOTgyMDM1LjE3MDUzMzg4Nzk.*_ga_KXH10SQTZF*MTcwNTk2NjQ2NC4zLjEuMTcwNTk2NzkxMS41NS4wLjUzNDA0NTIxNg\"> deste link<\/a>.\u00a0<\/p>\n\n\n\n<p><\/p>\n","protected":false},"excerpt":{"rendered":"<p>Provocar lideran\u00e7as a pensar no futuro das cidades, combinando neg\u00f3cios, sustentabilidade e inova\u00e7\u00e3o. Esse \u00e9 um dos prop\u00f3sitos do Festival Cidade do Futuro, que acontece entre os dias 14 a 16 de mar\u00e7o em S\u00e3o Paulo, trazendo ao palco a discuss\u00e3o sobre o papel das grandes cidades para impulsionar o desenvolvimento sustent\u00e1vel do pa\u00eds. Inspirado [&hellip;]<\/p>\n","protected":false},"author":2,"featured_media":748,"comment_status":"open","ping_status":"open","sticky":false,"template":"","format":"standard","meta":{"footnotes":""},"categories":[23],"tags":[],"class_list":{"0":"post-747","1":"post","2":"type-post","3":"status-publish","4":"format-standard","5":"has-post-thumbnail","7":"category-feirasdenegocios"},"_links":{"self":[{"href":"https:\/\/tveventos.tv.br\/index.php?rest_route=\/wp\/v2\/posts\/747","targetHints":{"allow":["GET"]}}],"collection":[{"href":"https:\/\/tveventos.tv.br\/index.php?rest_route=\/wp\/v2\/posts"}],"about":[{"href":"https:\/\/tveventos.tv.br\/index.php?rest_route=\/wp\/v2\/types\/post"}],"author":[{"embeddable":true,"href":"https:\/\/tveventos.tv.br\/index.php?rest_route=\/wp\/v2\/users\/2"}],"replies":[{"embeddable":true,"href":"https:\/\/tveventos.tv.br\/index.php?rest_route=%2Fwp%2Fv2%2Fcomments&post=747"}],"version-history":[{"count":1,"href":"https:\/\/tveventos.tv.br\/index.php?rest_route=\/wp\/v2\/posts\/747\/revisions"}],"predecessor-version":[{"id":749,"href":"https:\/\/tveventos.tv.br\/index.php?rest_route=\/wp\/v2\/posts\/747\/revisions\/749"}],"wp:featuredmedia":[{"embeddable":true,"href":"https:\/\/tveventos.tv.br\/index.php?rest_route=\/wp\/v2\/media\/748"}],"wp:attachment":[{"href":"https:\/\/tveventos.tv.br\/index.php?rest_route=%2Fwp%2Fv2%2Fmedia&parent=747"}],"wp:term":[{"taxonomy":"category","embeddable":true,"href":"https:\/\/tveventos.tv.br\/index.php?rest_route=%2Fwp%2Fv2%2Fcategories&post=747"},{"taxonomy":"post_tag","embeddable":true,"href":"https:\/\/tveventos.tv.br\/index.php?rest_route=%2Fwp%2Fv2%2Ftags&post=747"}],"curies":[{"name":"wp","href":"https:\/\/api.w.org\/{rel}","templated":true}]}}