{"id":750,"date":"2024-02-22T16:08:19","date_gmt":"2024-02-22T19:08:19","guid":{"rendered":"https:\/\/tveventos.tv.br\/?p=750"},"modified":"2024-02-22T16:10:36","modified_gmt":"2024-02-22T19:10:36","slug":"lacte-19a","status":"publish","type":"post","link":"https:\/\/tveventos.tv.br\/?p=750","title":{"rendered":"LACTE &#8211; 19\u00aa Edi\u00e7\u00e3o"},"content":{"rendered":"\n<p>O prop\u00f3sito do LACTE \u00e9 criar conex\u00f5es significativas e duradouras entre os profissionais de viagens, eventos e mobilidade corporativa, visando um setor mais equilibrado, \u00e9tico e transparente.<\/p>\n\n\n\n<p>O evento ocorrer\u00e1 nos dias 26 e 27 de fevereiro, das 10h \u00e0s 20h30, no WTC EVENTS CENTER.<\/p>\n\n\n\n<p>Endere\u00e7o: Av. das Na\u00e7\u00f5es Unidas, 12551 &#8211; Brooklin Novo, S\u00e3o Paulo &#8211; SP, CEP: 04578-903.<\/p>\n","protected":false},"excerpt":{"rendered":"<p>O prop\u00f3sito do LACTE \u00e9 criar conex\u00f5es significativas e duradouras entre os profissionais de viagens, eventos e mobilidade corporativa, visando um setor mais equilibrado, \u00e9tico e transparente. O evento ocorrer\u00e1 nos dias 26 e 27 de fevereiro, das 10h \u00e0s 20h30, no WTC EVENTS CENTER. Endere\u00e7o: Av. das Na\u00e7\u00f5es Unidas, 12551 &#8211; Brooklin Novo, S\u00e3o [&hellip;]<\/p>\n","protected":false},"author":2,"featured_media":751,"comment_status":"open","ping_status":"open","sticky":false,"template":"","format":"standard","meta":{"footnotes":""},"categories":[25],"tags":[],"class_list":{"0":"post-750","1":"post","2":"type-post","3":"status-publish","4":"format-standard","5":"has-post-thumbnail","7":"category-calendariodeeventos"},"_links":{"self":[{"href":"https:\/\/tveventos.tv.br\/index.php?rest_route=\/wp\/v2\/posts\/750","targetHints":{"allow":["GET"]}}],"collection":[{"href":"https:\/\/tveventos.tv.br\/index.php?rest_route=\/wp\/v2\/posts"}],"about":[{"href":"https:\/\/tveventos.tv.br\/index.php?rest_route=\/wp\/v2\/types\/post"}],"author":[{"embeddable":true,"href":"https:\/\/tveventos.tv.br\/index.php?rest_route=\/wp\/v2\/users\/2"}],"replies":[{"embeddable":true,"href":"https:\/\/tveventos.tv.br\/index.php?rest_route=%2Fwp%2Fv2%2Fcomments&post=750"}],"version-history":[{"count":2,"href":"https:\/\/tveventos.tv.br\/index.php?rest_route=\/wp\/v2\/posts\/750\/revisions"}],"predecessor-version":[{"id":753,"href":"https:\/\/tveventos.tv.br\/index.php?rest_route=\/wp\/v2\/posts\/750\/revisions\/753"}],"wp:featuredmedia":[{"embeddable":true,"href":"https:\/\/tveventos.tv.br\/index.php?rest_route=\/wp\/v2\/media\/751"}],"wp:attachment":[{"href":"https:\/\/tveventos.tv.br\/index.php?rest_route=%2Fwp%2Fv2%2Fmedia&parent=750"}],"wp:term":[{"taxonomy":"category","embeddable":true,"href":"https:\/\/tveventos.tv.br\/index.php?rest_route=%2Fwp%2Fv2%2Fcategories&post=750"},{"taxonomy":"post_tag","embeddable":true,"href":"https:\/\/tveventos.tv.br\/index.php?rest_route=%2Fwp%2Fv2%2Ftags&post=750"}],"curies":[{"name":"wp","href":"https:\/\/api.w.org\/{rel}","templated":true}]}}