{"id":754,"date":"2024-02-22T16:18:43","date_gmt":"2024-02-22T19:18:43","guid":{"rendered":"https:\/\/tveventos.tv.br\/?p=754"},"modified":"2024-02-22T16:18:46","modified_gmt":"2024-02-22T19:18:46","slug":"confira-os-19-motivos-para-participar-do-lacte-mais-importante-encontro-de-gestao-de-eventos-e-viagens-corporativas-da-america-latina","status":"publish","type":"post","link":"https:\/\/tveventos.tv.br\/?p=754","title":{"rendered":"Confira os 19 motivos para participar do LACTE, mais importante encontro de gest\u00e3o de eventos e viagens corporativas da Am\u00e9rica Latina"},"content":{"rendered":"\n<p class=\"has-text-align-center\"><em>Profissionais que desejam participar desta edi\u00e7\u00e3o devem realizar as inscri\u00e7\u00f5es no site oficial do evento<\/em><\/p>\n\n\n\n<p>As<a href=\"https:\/\/alagev.org\/lacte19\/inscricoes\"> inscri\u00e7\u00f5es para participar do <\/a>&nbsp;LACTE &#8211; 19\u00aa edi\u00e7\u00e3o, podem ser feitas at\u00e9 esta quinta-feira (22), diretamente no site do evento. O encontro \u00e9 um dos mais importantes para o turismo da Am\u00e9rica Latina. Confira, abaixo, os 19 motivos para confirmar a presen\u00e7a no evento, que acontece nos dias 26 e 27 de fevereiro, no Golden Hall do WTC Events Center, em S\u00e3o Paulo.<\/p>\n\n\n\n<p><strong>1. Tema principal <\/strong><strong><br><\/strong>Neste ano, a tem\u00e1tica principal do LACTE ser\u00e1 \u201cInspire\u201d. O objetivo deste assunto \u00e9 criar la\u00e7os fortes e duradouros entre os profissionais de viagens, eventos e mobilidade corporativa, para que eles se conectem, aprendam e fa\u00e7am neg\u00f3cios, estimulando um mercado justo, \u00e9tico e transparente.<\/p>\n\n\n\n<p><strong>2. Causa Social<\/strong><strong><br><\/strong>A cada ano, o encontro apoia uma causa social, e este ano n\u00e3o ser\u00e1 diferente. Em 2024, o LACTE incentiva sua comunidade a uma transforma\u00e7\u00e3o cultural, convidando para o enfrentamento dos estere\u00f3tipos negativos ligados ao etarismo. A miss\u00e3o \u00e9 fomentar, valorizar e respeitar a sabedoria e a experi\u00eancia dos mais velhos, e tamb\u00e9m lutar por uma maior diversidade et\u00e1ria no setor, assegurando que as pessoas de mais idade sigam compartilhando suas hist\u00f3rias, conhecimentos e habilidades ativamente. Da mesma forma, \u00e9 lan\u00e7ado o olhar para os mais jovens, que tamb\u00e9m precisam ter oportunidades para entrar no mercado de trabalho.<\/p>\n\n\n\n<p><strong>3. Aplicativo LACTE &#8211; Comunica\u00e7\u00e3o direta com o usu\u00e1rio<\/strong><strong><br><\/strong>Com o sucesso do aplicativo em edi\u00e7\u00f5es anteriores, a plataforma mant\u00e9m-se como o principal elo de liga\u00e7\u00e3o entre todos os profissionais antes, durante e ap\u00f3s o LACTE, desempenhando um papel crucial em v\u00e1rias atividades, gera\u00e7\u00e3o de neg\u00f3cios e networking. Em breve, os usu\u00e1rios ter\u00e3o a oportunidade de fazer o <em>download <\/em>do app e interagir com outros participantes.&nbsp;<\/p>\n\n\n\n<p><strong>4. Premia\u00e7\u00e3o &#8220;Voc\u00ea Inspira&#8221;<\/strong><strong><br><\/strong>No primeiro dia do evento (26), os melhores <em>cases <\/em>de eventos e viagens corporativas ser\u00e3o reconhecidos. A premia\u00e7\u00e3o \u00e9 distribu\u00edda em tr\u00eas pilares: inova\u00e7\u00e3o, ESG e parceria. O objetivo ser\u00e1 compartilhar com o mercado pr\u00e1ticas de sucesso que possam contribuir com a cria\u00e7\u00e3o de novas ideias. Os finalistas ser\u00e3o apresentados e a vota\u00e7\u00e3o ser\u00e1 realizada durante o pr\u00f3prio evento, por meio do aplicativo. A inten\u00e7\u00e3o \u00e9 que os participantes tenham a oportunidade de decidir quem ser\u00e3o os vencedores.<\/p>\n\n\n\n<p>Confira a lista dos finalistas:<\/p>\n\n\n\n<p><strong>Categoria ESG<\/strong><strong><br><\/strong>:: AeroShark, da Lufthansa Group;<br>:: Vai Voando &#8211; Promovendo a pot\u00eancia das favelas, da BeFly;<br>:: Viagem de Incentivo \u00e0 Amaz\u00f4nia, da PepsiCo &#8211; DMC.<\/p>\n\n\n\n<p><strong>Categoria Inova\u00e7\u00e3o<\/strong><strong><br><\/strong>:: AeroShark, da Lufthansa Group;<br>:: ESG Pulse, da ESG Pulse;<br>:: Gest\u00e3o da comercializa\u00e7\u00e3o dos apartamentos em eventos por ades\u00e3o, do Cost\u00e3o do Santinho.<\/p>\n\n\n\n<p><strong>Categoria Parceria<\/strong><strong><br><\/strong>:: Acolhida BRF, da BRF;<br>:: Um novo olhar para o futuro &#8211; Capacita\u00e7\u00e3o atrav\u00e9s do Club Med School, do Club Med.<\/p>\n\n\n\n<p><strong>5. Pitch Show &#8211; apresenta\u00e7\u00e3o de cases que n\u00e3o foram finalistas da premia\u00e7\u00e3o<\/strong><strong><br><\/strong>Neste ano, por conta das inscri\u00e7\u00f5es de muitos projetos interessantes que tiveram uma boa classifica\u00e7\u00e3o, a entidade abriu a oportunidade de apresenta\u00e7\u00e3o para aqueles que n\u00e3o ficaram entre os finalistas. No Pitch Show, momento em que ser\u00e3o mostradas essas a\u00e7\u00f5es, as marcas poder\u00e3o compartilhar com o p\u00fablico suas ideias.<\/p>\n\n\n\n<p>Confira a lista de projetos e empresas que ser\u00e3o apresentados no Pitch Show:&nbsp;<\/p>\n\n\n\n<p>:: \u201cControle Or\u00e7ament\u00e1rio de Viagens\u201d, do Mc Donald\u2019s;<br>:: \u201cImplementa\u00e7\u00e3o de novo cart\u00e3o para pagamento de despesas com combust\u00edvel na Cimento Apodi\u201d, da Cimento APODI;<br>:: \u201cMandala ESG\u201d, da Maring\u00e1;<br>:: \u201cGirls in Aviation Day\u201d, da United.<\/p>\n\n\n\n<p><strong>6. Minilabs<\/strong><strong><br><\/strong>Com a ideia de \u201c<em>Shall we dance<\/em>\u201d,\u201cVamos dan\u00e7ar\u201d, na tradu\u00e7\u00e3o para o portugu\u00eas, a ALAGEV convida todos a participar e promover a\u00e7\u00f5es em conjunto. Os <em>minilabs<\/em> ser\u00e3o compostos por 16 sess\u00f5es, sendo oito no palco principal e oito em salas especiais. A ideia \u00e9 unir duas ou mais comunidades para debater temas pol\u00eamicos do mercado. O audit\u00f3rio tamb\u00e9m ter\u00e1 din\u00e2micas diferentes com cocria\u00e7\u00f5es de <em>case memorandum, workshops<\/em> e roda viva.&nbsp;<\/p>\n\n\n\n<p><strong>7. Sess\u00f5es educacionais<\/strong><strong><br><\/strong>As sess\u00f5es oferecem uma variedade de t\u00f3picos, incluindo a cria\u00e7\u00e3o de neg\u00f3cios, obten\u00e7\u00e3o de resultados, inova\u00e7\u00e3o e desenvolvimento de carreira. Com dura\u00e7\u00e3o de uma hora, os debates visam promover discuss\u00f5es menos did\u00e1ticas e mais aprofundadas e interativas, incentivando a troca de experi\u00eancias entre os participantes.<\/p>\n\n\n\n<p><strong>8. Conte\u00fado diferenciado e p\u00fablico selecionado<\/strong><strong><br><\/strong>O p\u00fablico do LACTE \u00e9 selecionado e o evento conta com oradores que trazem <em>insights<\/em> \u00fanicos sobre as principais tend\u00eancias do setor.<\/p>\n\n\n\n<p><strong>9. Networking<\/strong><strong><br><\/strong>A ALAGEV oferece, ao longo do evento, <em>coffee-breaks<\/em> e almo\u00e7os estendidos, bem como um <em>happy hour<\/em> ao t\u00e9rmino do primeiro dia, criando mais vantagens para estabelecer conex\u00f5es com novos profissionais.<\/p>\n\n\n\n<p><strong>10. Gamification<\/strong><strong><br><\/strong>Para promover ainda mais envolvimento entre os usu\u00e1rios, o evento retoma o <em>gamification.<\/em> Nesta edi\u00e7\u00e3o, as atividades acontecer\u00e3o em momentos estrat\u00e9gicos para favorecer a absor\u00e7\u00e3o dos conte\u00fados.&nbsp;<\/p>\n\n\n\n<p><strong>11. 5K LACTE Desafio &#8211; Correr com prop\u00f3sitos<\/strong><strong><br><\/strong>A 2\u00aa edi\u00e7\u00e3o do 5K LACTE Desafio, organizado pela ALAGEV e pela Correr Com Prop\u00f3sitos, acontece em 25 de fevereiro (domingo), um dia antes do in\u00edcio do LACTE. O participante tem duas op\u00e7\u00f5es de inscri\u00e7\u00e3o: a virtual e a presencial, que ter\u00e1 como local de largada o Marriott Executive Apartments (Vila Nova Concei\u00e7\u00e3o, em S\u00e3o Paulo), \u00e0s 7h30.<\/p>\n\n\n\n<p>O evento, aberto ao p\u00fablico em geral, re\u00fane uma comunidade de esportistas e entusiastas para uma corrida\/caminhada e contempla uma a\u00e7\u00e3o solid\u00e1ria com o objetivo de promover a sa\u00fade e conex\u00e3o entre os participantes.&nbsp;<\/p>\n\n\n\n<p><strong>12. Multissetorial &#8211; foco na coconstru\u00e7\u00e3o em conjunto entre clientes e fornecedores<\/strong><strong><br><\/strong>Com um networking especializado e competente, o participante ter\u00e1 a chance de fomentar novas parcerias e consolidar conex\u00f5es assertivas entre clientes e fornecedores de eventos e viagens corporativas. Como a \u00fanica associa\u00e7\u00e3o multissetorial do mercado, o foco ser\u00e1 promover a\u00e7\u00f5es inovadoras vanguardistas para a adapta\u00e7\u00e3o cont\u00ednua de um segmento que, acima de tudo, une pessoas para transformar o mundo.<\/p>\n\n\n\n<p><strong>13. Parceria e apoio de grandes marcas<\/strong><strong><br><\/strong>O LACTE conta com patrocinadores e apoiadores que t\u00eam participa\u00e7\u00e3o ativa para tornar o evento um sucesso. Acesse o<a href=\"https:\/\/alagev.org\/lacte19\/patrocinadores\"> link<\/a> e conhe\u00e7a quem vai fazer parte do encontro.<\/p>\n\n\n\n<p><strong>14. Menos expositivo e mais participativo &#8211; juntos na constru\u00e7\u00e3o de solu\u00e7\u00f5es<\/strong><strong><br><\/strong>O objetivo central desta edi\u00e7\u00e3o ser\u00e1 a coopera\u00e7\u00e3o entre todos os participantes, incentivando o envolvimento entre os profissionais de eventos e viagens corporativas para que, em conjunto, eles possam colaborar para a elabora\u00e7\u00e3o de solu\u00e7\u00f5es sustent\u00e1veis.<\/p>\n\n\n\n<p><strong>15. Conte\u00fado de alto impacto<\/strong><strong><br><\/strong>O LACTE convidou palestrantes renomados do setor com o objetivo de debater diversos assuntos relacionados a viagens corporativas, eventos, neg\u00f3cios no segmento, gest\u00e3o corporativa, carreira e inova\u00e7\u00e3o.&nbsp;<\/p>\n\n\n\n<p><strong>16. Novidade: ALAGEV Educa<\/strong><strong><br><\/strong>A associa\u00e7\u00e3o lan\u00e7ou as novas solu\u00e7\u00f5es da ALAGEV Educa. Com o foco de fornecer uma educa\u00e7\u00e3o de alta qualidade para os profissionais do mercado de turismo, viagens corporativas e eventos, e potencializar uma capacita\u00e7\u00e3o ainda maior dos profissionais, este programa fornece conte\u00fados educativos sobre o setor. O projeto conta com as seguintes ramifica\u00e7\u00f5es: educa\u00e7\u00e3o online; educa\u00e7\u00e3o in company e workshops. No LACTE ser\u00e3o anunciadas novidades sobre o programa..<\/p>\n\n\n\n<p><strong>17. Lan\u00e7amento de produtos e ideias de grandes marcas<\/strong><strong><br><\/strong>Ao longo do evento, os patrocinadores do LACTE anunciaram produtos in\u00e9ditos no mercado.<\/p>\n\n\n\n<p><strong>18. Mentorias diversas<\/strong><strong><br><\/strong>Com sess\u00f5es pr\u00e9-agendadas pelo aplicativo LACTE, os convidados poder\u00e3o receber uma mentoria de grandes nomes do segmento. As metodologias s\u00e3o baseadas na somat\u00f3ria da necessidade do mentorado e a orquestra\u00e7\u00e3o do mentor para cocriar um caminho novo, que se alinha \u00e0 resolu\u00e7\u00e3o do problema\/dilema colocado.<\/p>\n\n\n\n<p><strong>19.Happy hour<\/strong><strong><br><\/strong>Ao final do primeiro dia do evento, os convidados poder\u00e3o prestigiar um <em>happy hour <\/em>completo do LACTE.<\/p>\n\n\n\n<p><strong>Sobre o LACTE &#8211; 19\u00aa edi\u00e7\u00e3o<\/strong><strong><br><\/strong>Com o tema \u201cInspire\u201d, o encontro tem como prop\u00f3sito criar conex\u00f5es significativas e longevas entre os profissionais de viagens, eventos e mobilidade corporativa para que interajam, aprendam e gerem neg\u00f3cios, fomentando um mercado equilibrado, \u00e9tico e transparente.<\/p>\n\n\n\n<p><strong>Sobre a ALAGEV<\/strong><strong><br><\/strong>A ALAGEV \u00e9 um hub multissetorial latino-americano que desde 2003 facilita conex\u00f5es e o compartilhamento de boas pr\u00e1ticas entre gestores e fornecedores do mercado, fomentando networking de qualidade, gera\u00e7\u00e3o de neg\u00f3cios, benchmarking e capacita\u00e7\u00f5es em prol do desenvolvimento do setor.<\/p>\n\n\n\n<p>Atualmente com mais de 350 empresas associadas entre clientes e fornecedores, conta com 14 Comunidades de trabalho distribu\u00eddas por todo Brasil, e que fomentam a discuss\u00e3o e estabelecimento de melhores pr\u00e1ticas para um mercado mais equilibrado.<\/p>\n\n\n\n<p>Confira mais informa\u00e7\u00f5es sobre a associa\u00e7\u00e3o acessando os perfis oficiais no Instagram (@alagev.oficial), YouTube (TV ALAGEV), Facebook (@alagev.oficial) e LinkedIn (Alagev).<\/p>\n","protected":false},"excerpt":{"rendered":"<p>Profissionais que desejam participar desta edi\u00e7\u00e3o devem realizar as inscri\u00e7\u00f5es no site oficial do evento As inscri\u00e7\u00f5es para participar do &nbsp;LACTE &#8211; 19\u00aa edi\u00e7\u00e3o, podem ser feitas at\u00e9 esta quinta-feira (22), diretamente no site do evento. O encontro \u00e9 um dos mais importantes para o turismo da Am\u00e9rica Latina. Confira, abaixo, os 19 motivos para [&hellip;]<\/p>\n","protected":false},"author":2,"featured_media":755,"comment_status":"open","ping_status":"open","sticky":false,"template":"","format":"standard","meta":{"footnotes":""},"categories":[1],"tags":[],"class_list":{"0":"post-754","1":"post","2":"type-post","3":"status-publish","4":"format-standard","5":"has-post-thumbnail","7":"category-workshopsepalestras"},"_links":{"self":[{"href":"https:\/\/tveventos.tv.br\/index.php?rest_route=\/wp\/v2\/posts\/754","targetHints":{"allow":["GET"]}}],"collection":[{"href":"https:\/\/tveventos.tv.br\/index.php?rest_route=\/wp\/v2\/posts"}],"about":[{"href":"https:\/\/tveventos.tv.br\/index.php?rest_route=\/wp\/v2\/types\/post"}],"author":[{"embeddable":true,"href":"https:\/\/tveventos.tv.br\/index.php?rest_route=\/wp\/v2\/users\/2"}],"replies":[{"embeddable":true,"href":"https:\/\/tveventos.tv.br\/index.php?rest_route=%2Fwp%2Fv2%2Fcomments&post=754"}],"version-history":[{"count":1,"href":"https:\/\/tveventos.tv.br\/index.php?rest_route=\/wp\/v2\/posts\/754\/revisions"}],"predecessor-version":[{"id":756,"href":"https:\/\/tveventos.tv.br\/index.php?rest_route=\/wp\/v2\/posts\/754\/revisions\/756"}],"wp:featuredmedia":[{"embeddable":true,"href":"https:\/\/tveventos.tv.br\/index.php?rest_route=\/wp\/v2\/media\/755"}],"wp:attachment":[{"href":"https:\/\/tveventos.tv.br\/index.php?rest_route=%2Fwp%2Fv2%2Fmedia&parent=754"}],"wp:term":[{"taxonomy":"category","embeddable":true,"href":"https:\/\/tveventos.tv.br\/index.php?rest_route=%2Fwp%2Fv2%2Fcategories&post=754"},{"taxonomy":"post_tag","embeddable":true,"href":"https:\/\/tveventos.tv.br\/index.php?rest_route=%2Fwp%2Fv2%2Ftags&post=754"}],"curies":[{"name":"wp","href":"https:\/\/api.w.org\/{rel}","templated":true}]}}