{"id":757,"date":"2024-02-23T11:23:05","date_gmt":"2024-02-23T14:23:05","guid":{"rendered":"https:\/\/tveventos.tv.br\/?p=757"},"modified":"2024-02-23T11:24:55","modified_gmt":"2024-02-23T14:24:55","slug":"bijoias-anuncia-101a-edicao-e-apresenta-tendencias-em-bijuterias-e-semijoias-para-o-inverno-2024","status":"publish","type":"post","link":"https:\/\/tveventos.tv.br\/?p=757","title":{"rendered":"BIJOIAS anuncia 101\u00aa edi\u00e7\u00e3o e apresenta tend\u00eancias em bijuterias e semijoias para o inverno 2024"},"content":{"rendered":"<div class=\"wp-block-image\">\n<figure class=\"aligncenter size-full\"><img loading=\"lazy\" decoding=\"async\" width=\"750\" height=\"500\" src=\"https:\/\/tveventos.tv.br\/wp-content\/uploads\/2024\/02\/image.png\" alt=\"\" class=\"wp-image-760\" srcset=\"https:\/\/tveventos.tv.br\/wp-content\/uploads\/2024\/02\/image.png 750w, https:\/\/tveventos.tv.br\/wp-content\/uploads\/2024\/02\/image-300x200.png 300w, https:\/\/tveventos.tv.br\/wp-content\/uploads\/2024\/02\/image-150x100.png 150w, https:\/\/tveventos.tv.br\/wp-content\/uploads\/2024\/02\/image-696x464.png 696w\" sizes=\"auto, (max-width: 750px) 100vw, 750px\" \/><\/figure>\n<\/div>\n\n\n<p class=\"has-text-align-center\"><em>Cr\u00e9dito: Thiago Javier<\/em><\/p>\n\n\n\n<p class=\"has-text-align-center\"><em>\u00a0Evento acontece nos dias 27 e 28 de fevereiro e re\u00fane cerca de 80 expositores no Centro de Conven\u00e7\u00f5es Frei Caneca (SP)<\/em><\/p>\n\n\n\n<p><em>Reconhecida pelo mercado como a maior e mais representativa feira de neg\u00f3cios do segmento de bijuterias, acess\u00f3rios, j\u00f3ias de prata e semijoias, a BIJOIAS chega em 2024 apresentando as principais tend\u00eancias e novidades que dominar\u00e3o a esta\u00e7\u00e3o mais fria do ano.<\/em><\/p>\n\n\n\n<p><em>A ousadia e aten\u00e7\u00e3o aos detalhes se destacam nas cole\u00e7\u00f5es de bijuterias e semijoias que resgatam temas, como: a mem\u00f3ria e a ancestralidade, o escapismo, o misticismo, o brutalismo e a delicadeza, inspiradas na Macrotend\u00eancia Multifaces e suas quatro est\u00e9ticas de design: Revivesc\u00eancia, Admirabilis, Paradoxe e Maviosa.<\/em><\/p>\n\n\n\n<p><em>Depois de alcan\u00e7ar um marco hist\u00f3rico de ser a \u00fanica feira no mundo a realizar mais de 100 edi\u00e7\u00f5es, a BIJOIAS, evento voltado para lojistas, revendedores, atacadistas e distribuidores, traz ao Centro de Conven\u00e7\u00f5es Frei Caneca, as vers\u00f5es dos acess\u00f3rios que dever\u00e3o compor os looks de diferentes estilos para o pr\u00f3ximo outono\/inverno.<\/em><\/p>\n\n\n\n<p><em>A diretora da B8 Eventos e idealizadora da BIJOIAS, Vera Masi, comenta as principais transforma\u00e7\u00f5es do mercado que aconteceram durante esses mais de 30 anos de hist\u00f3ria: &#8220;A BIJOIAS passou por uma mudan\u00e7a bem importante ao longo desse per\u00edodo: durante a pandemia, o mercado inteiro se viu obrigado a migrar para o digital por uma quest\u00e3o de necessidade, com isso o cliente s\u00f3 tinha acesso ao ambiente de maneira virtual, o que \u00e9 diferente. E com o retorno dos eventos presenciais, n\u00f3s percebemos que o nosso p\u00fablico gosta mesmo e tem prazer de estar na feira, de viver a experi\u00eancia e sentir a energia do lugar, pegar e sentir as pe\u00e7as, ficar por dentro das novas tend\u00eancias, das cole\u00e7\u00f5es, de olhar todas aquelas vitrines super produzidas, conhecer novos fornecedores, e isso tudo te envolve muito na hora da compra. Fora que o nosso evento proporciona um conjunto de a\u00e7\u00f5es idealizadas para receber a todos muito bem, e que para um lojista acaba sendo muito mais f\u00e1cil e produtivo nesse formato&#8221;.<\/em><\/p>\n\n\n\n<p><em>Sobre as constantes transi\u00e7\u00f5es desse mercado, Vera aponta ainda as mudan\u00e7as de comportamento por parte do p\u00fablico e consequentemente a dos neg\u00f3cios que vivenciou durante esses anos todos. &#8220;As bijuterias e os acess\u00f3rios eram os destaques nas primeiras edi\u00e7\u00f5es da BIJOIAS, porque as semijoias eram todas iguais, sem ter destaque nos looks, pois eram c\u00f3pias de joinhas (correntinhas, medalhinhas e brinquinhos). Depois de alguns anos, as semijoias come\u00e7aram a ganhar status e design e hoje em dia destacam-se no cen\u00e1rio de moda&#8221;, finaliza.<\/em><\/p>\n\n\n\n<p><strong><em>Os expositores<\/em><\/strong><\/p>\n\n\n\n<p><em>A cada edi\u00e7\u00e3o, novos expositores de todo pa\u00eds participam da feira para mostrar que a criatividade e as diferentes refer\u00eancias trazidas por cada um, s\u00e3o apenas alguns dos sinais de que este \u00e9 um mercado sem precedentes e em constante transforma\u00e7\u00e3o. J\u00e1 os mais antigos parceiros da feira e com certa tradi\u00e7\u00e3o no meio, como a Nino Bran, marca tradicional de bijuterias e acess\u00f3rios que exp\u00f4s suas cole\u00e7\u00f5es em todas as edi\u00e7\u00f5es paulistas do evento desde a primeira edi\u00e7\u00e3o, em 1990, ou as marcas como Uso Obrigat\u00f3rio, Lazara Design e a tradicional f\u00e1brica de j\u00f3ias de prata Alinare, que somam, respectivamente, 92, 84 e 80 edi\u00e7\u00f5es conclu\u00eddas com sucesso no evento, foram algumas das respons\u00e1veis pela evolu\u00e7\u00e3o nos processos de produ\u00e7\u00e3o e em inovar na utiliza\u00e7\u00e3o de diferentes materiais na fabrica\u00e7\u00e3o das pe\u00e7as.<\/em><\/p>\n\n\n\n<p><em>Outros expositores com hist\u00f3ria na <\/em><strong><em>BIJOIAS<\/em><\/strong><em> e que acompanharam essa transforma\u00e7\u00e3o no mercado s\u00e3o a Santa Prata, que iniciou as atividades na feira e depois de 78 edi\u00e7\u00f5es realizadas, hoje ocupa o maior espa\u00e7o do evento com 100m2, e a Mon\u00e7\u00f5es Joias, que fabrica semijoias e pe\u00e7as de prata e possui 75 edi\u00e7\u00f5es na conta.<\/em><\/p>\n\n\n\n<p><em>As a\u00e7\u00f5es dos expositores tamb\u00e9m est\u00e3o previstas para chamarem a aten\u00e7\u00e3o de quem passar pelo evento. A MAC Cosmetics, por exemplo, tradicional fabricante canadense de cosm\u00e9ticos e atua em mais de 120 pa\u00edses ao redor do mundo, que participa pela terceira vez da feira, preparou um super espa\u00e7o no lounge central do Centro de Conven\u00e7\u00f5es Frei Caneca, onde vai disponibilizar profissionais para darem dicas personalizadas de maquiagem ao mesmo tempo que far\u00e3o makes no p\u00fablico presente; para participar, basta agendar um hor\u00e1rio. Vale lembrar que todos os convidados BIJOIAS ter\u00e3o 15% de desconto na compra dos produtos MAC Cosmetics e o valor da make ser\u00e1 revertido em itens da marca: ou seja, a pessoa se maquia e ainda leva os produtos para casa.<\/em><\/p>\n\n\n\n<p><strong><em>&nbsp;<\/em><\/strong><strong>Confira a seguir as principais <\/strong><strong><em>tend\u00eancias para o inverno desta temporada:<\/em><\/strong><\/p>\n\n\n\n<p><em>\u2981 <\/em><strong><em>Revivesc\u00eancia<\/em><\/strong><em>: A sustentabilidade, o sentimentalismo e a arte est\u00e3o no centro deste tema, que ganha perspectiva nost\u00e1lgica ao mesmo tempo moderna em pe\u00e7as maximalistas que resgatam a ancestralidade, a mem\u00f3ria e a heran\u00e7a.&nbsp;&nbsp;<\/em><\/p>\n\n\n\n<p><em>\u2981 <\/em><strong><em>Admirabilis:<\/em><\/strong><em> Cores vivas e variedade de texturas e materiais com figuras de natureza que remetem ao escapismo e \u00e0 fantasia.<\/em><\/p>\n\n\n\n<p><em>\u2981 <\/em><strong><em>Paradoxe<\/em><\/strong><em>: A natureza bruta \u00e9 traduzida em elementos maximalistas que d\u00e3o vida \u00e0s formas imperfeitas e brutalistas. Destaque para a variedade de materiais, como pulseiras, colares e acess\u00f3rios feitos em fibra de aramida resistentes ao calor, camadas de agulhas e borracha impressa em 3D.<\/em><\/p>\n\n\n\n<p><em>\u2981<\/em><strong><em> Maviosa:<\/em><\/strong><em> Design delicado e suave, com tons neutros leves e brilhantes, e tons naturais ricos trabalhados em metal finamente sofisticados que traduzem eleg\u00e2ncia e feminilidade.<\/em><\/p>\n\n\n\n<p><strong><em>Feira re\u00fane profissionais do setor<\/em><\/strong><\/p>\n\n\n\n<p><em>A primeira edi\u00e7\u00e3o do ano acontece nos dias 27 e 28 de fevereiro, no Centro de Conven\u00e7\u00f5es do Shopping Frei Caneca, em S\u00e3o Paulo (SP). Os cerca de 80 expositores estar\u00e3o distribu\u00eddos pelos mais de 10 mil quadrados do moderno pavilh\u00e3o, que fica pr\u00f3ximo \u00e0 Avenida Paulista. A feira atrai, a cada edi\u00e7\u00e3o, por volta de 5 mil visitantes, entre compradores, lojistas e revendedores aut\u00f4nomos vindos de todo o Brasil e Am\u00e9rica Latina. Para mais informa\u00e7\u00f5es e credenciamento, acesse <\/em><a href=\"http:\/\/www.bijoias.com.br\/\"><em>www.bijoias.com.br<\/em><\/a><em> e <\/em><a href=\"https:\/\/www.instagram.com\/feirabijoias\"><em>https:\/\/www.instagram.com\/feirabijoias<\/em><\/a><em> .<\/em><\/p>\n\n\n\n<p><strong><em>SOBRE A BIJOIAS<\/em><\/strong><\/p>\n\n\n\n<p><em>Desde a primeira edi\u00e7\u00e3o, em 1990, a BIJOIAS \u00e9 reconhecida pelo mercado como a maior e mais representativa feira de neg\u00f3cios do segmento de bijuterias, acess\u00f3rios, j\u00f3ias de prata e de a\u00e7o, semi j\u00f3ias e adere\u00e7os da Am\u00e9rica Latina. A feira profissional tem quatro edi\u00e7\u00f5es por ano, todas realizadas em datas estrat\u00e9gicas para o com\u00e9rcio, e \u00e9 destinada exclusivamente a lojistas, revendedores, atacadistas, distribuidores e profissionais da \u00e1rea, contando com um inovador sistema de pronta-entrega dos produtos. Em 33 anos de hist\u00f3ria, a BIJOIAS j\u00e1 recebeu mais de 10 mil expositores, 1 milh\u00e3o de visitantes e gerou R$3,5 bilh\u00f5es em neg\u00f3cios realizados em suas 100 edi\u00e7\u00f5es.<\/em><\/p>\n\n\n\n<p><strong><em>Servi\u00e7o<\/em><\/strong><\/p>\n\n\n\n<p class=\"has-text-align-left\"><strong><em>101\u00aa BIJOIAS \/ Edi\u00e7\u00e3o Multifaces<\/em><\/strong><\/p>\n\n\n\n<p class=\"has-text-align-left\"><em>Data: 27 e 28 de fevereiro<\/em><\/p>\n\n\n\n<p class=\"has-text-align-left\"><em>Hor\u00e1rios: 27 das 09h \u00e0s 19h e 28 das 9h \u00e0s 18h<\/em><\/p>\n\n\n\n<p class=\"has-text-align-left\"><em>Local: Centro de Conven\u00e7\u00f5es Frei Caneca<\/em><\/p>\n\n\n\n<p class=\"has-text-align-left\"><em>Endere\u00e7o: Rua Frei Caneca, 569 \u2013 S\u00e3o Paulo\/SP<\/em><\/p>\n\n\n\n<p class=\"has-text-align-left\"><em>Telefone: (11) 3670-7700<\/em><\/p>\n\n\n\n<p class=\"has-text-align-left\"><em>Promo\u00e7\u00e3o e organiza\u00e7\u00e3o: B8 Eventos<\/em><\/p>\n","protected":false},"excerpt":{"rendered":"<p>Cr\u00e9dito: Thiago Javier \u00a0Evento acontece nos dias 27 e 28 de fevereiro e re\u00fane cerca de 80 expositores no Centro de Conven\u00e7\u00f5es Frei Caneca (SP) Reconhecida pelo mercado como a maior e mais representativa feira de neg\u00f3cios do segmento de bijuterias, acess\u00f3rios, j\u00f3ias de prata e semijoias, a BIJOIAS chega em 2024 apresentando as principais [&hellip;]<\/p>\n","protected":false},"author":2,"featured_media":0,"comment_status":"open","ping_status":"open","sticky":false,"template":"","format":"standard","meta":{"footnotes":""},"categories":[1],"tags":[],"class_list":{"0":"post-757","1":"post","2":"type-post","3":"status-publish","4":"format-standard","6":"category-workshopsepalestras"},"_links":{"self":[{"href":"https:\/\/tveventos.tv.br\/index.php?rest_route=\/wp\/v2\/posts\/757","targetHints":{"allow":["GET"]}}],"collection":[{"href":"https:\/\/tveventos.tv.br\/index.php?rest_route=\/wp\/v2\/posts"}],"about":[{"href":"https:\/\/tveventos.tv.br\/index.php?rest_route=\/wp\/v2\/types\/post"}],"author":[{"embeddable":true,"href":"https:\/\/tveventos.tv.br\/index.php?rest_route=\/wp\/v2\/users\/2"}],"replies":[{"embeddable":true,"href":"https:\/\/tveventos.tv.br\/index.php?rest_route=%2Fwp%2Fv2%2Fcomments&post=757"}],"version-history":[{"count":2,"href":"https:\/\/tveventos.tv.br\/index.php?rest_route=\/wp\/v2\/posts\/757\/revisions"}],"predecessor-version":[{"id":762,"href":"https:\/\/tveventos.tv.br\/index.php?rest_route=\/wp\/v2\/posts\/757\/revisions\/762"}],"wp:attachment":[{"href":"https:\/\/tveventos.tv.br\/index.php?rest_route=%2Fwp%2Fv2%2Fmedia&parent=757"}],"wp:term":[{"taxonomy":"category","embeddable":true,"href":"https:\/\/tveventos.tv.br\/index.php?rest_route=%2Fwp%2Fv2%2Fcategories&post=757"},{"taxonomy":"post_tag","embeddable":true,"href":"https:\/\/tveventos.tv.br\/index.php?rest_route=%2Fwp%2Fv2%2Ftags&post=757"}],"curies":[{"name":"wp","href":"https:\/\/api.w.org\/{rel}","templated":true}]}}