{"id":763,"date":"2024-02-23T16:01:18","date_gmt":"2024-02-23T19:01:18","guid":{"rendered":"https:\/\/tveventos.tv.br\/?p=763"},"modified":"2024-02-23T16:01:22","modified_gmt":"2024-02-23T19:01:22","slug":"ferias-co-promove-webinar-sobre-os-desafios-em-beneficios-corporativos","status":"publish","type":"post","link":"https:\/\/tveventos.tv.br\/?p=763","title":{"rendered":"F\u00e9rias &#038; Co. promove Webinar sobre os desafios em benef\u00edcios corporativos"},"content":{"rendered":"\n<p>Nesta quarta-feira (28), lideran\u00e7as do F\u00e9rias &amp; Co., Stone e Vidalink se re\u00fanem para discutir iniciativas de engajamento de talentos<\/p>\n\n\n\n<p>\u00a0Uma\u00a0<a href=\"https:\/\/www.towergatehealthandprotection.co.uk\/news\/75-of-companies-do-not-target-benefits-by-demographics-but-61-receive-requests-from-staff-to-do-so\">pesquisa<\/a>\u00a0da consultoria Think Work revelou que 75% das empresas perderam grandes talentos no momento da contrata\u00e7\u00e3o devido ao pacote de benef\u00edcios ofertados. Outro levantamento da Betterfly revelou que 67% dos colaboradores das empresas afirmam que o pacote de benef\u00edcios ofertados n\u00e3o est\u00e1 de acordo com suas necessidades. Os dados evidenciam um novo cen\u00e1rio no mercado de trabalho: a necessidade das empresas se reinventarem em iniciativas de sa\u00fade mental e bem-estar para atrair e reter talentos no ambiente de trabalho.<\/p>\n\n\n\n<p>A fim de entender essas novas demandas, no pr\u00f3ximo dia 28, o F\u00e9rias &amp; Co. ir\u00e1 promover o Webinar&nbsp;<strong>\u201cBenef\u00edcios corporativos: Como engajar os talentos da sua empresa?\u201d.&nbsp;<\/strong>O evento online ter\u00e1 a participa\u00e7\u00e3o de Bruno Carone, co-fundador e CEO do F\u00e9rias &amp; Co., \u00fanico benef\u00edcio corporativo de viagens do mundo; Luis Gonz\u00e1lez, CEO e cofundador da Vidalink,&nbsp;maior empresa de plano de bem-estar corporativo do Brasil; e Renan Messer, l\u00edder de remunera\u00e7\u00e3o e benef\u00edcios na Stone, fintech brasileira de meios de pagamentos.<\/p>\n\n\n\n<p>Os empres\u00e1rios ir\u00e3o explicar como criar um pacote de benef\u00edcios que atenda \u00e0s necessidades dos colaboradores, como os benef\u00edcios corporativos podem contribuir para a constru\u00e7\u00e3o de ambientes mais inclusivos e equitativos e como metrificar o engajamento do time em rela\u00e7\u00e3o aos benef\u00edcios oferecidos, entre outros pontos e esclarecimento de d\u00favidas do p\u00fablico.<\/p>\n\n\n\n<p>Para participar, basta se inscrever gratuitamente neste&nbsp;<a href=\"https:\/\/descubra.ferias.co\/webinar-beneficios-corporativos-como-engajar-talentos?utm_campaign=CRM%20%7C%20Aquisi%C3%A7%C3%A3o%20%7C%20Webinar%20Benef%C3%ADcios%20Corporativos&amp;utm_medium=email&amp;_hsmi=292950341&amp;_hsenc=p2ANqtz-_rszKnC75OytxDBTsrCs7U4n6ymuz_UpTOVAa7HMouVsxxuoUErOp-CMsPf5Ha9aZanLcp7M5lXBEdBiQIYQj3qHPwu3XQ8rLRwvBlLhDFh-5uS7g&amp;utm_content=292950341&amp;utm_source=hs_email\">link<\/a>.&nbsp;<\/p>\n\n\n\n<p><strong>Servi\u00e7o&nbsp;<\/strong><\/p>\n\n\n\n<p>Webinar &#8211; Benef\u00edcios corporativos: como engajar os talentos da sua empresa<\/p>\n\n\n\n<p>Data: 28\/02<\/p>\n\n\n\n<p>Hor\u00e1rio: 17h<\/p>\n\n\n\n<p><strong>Sobre o F\u00e9rias &amp; Co.<\/strong><\/p>\n\n\n\n<p>O F\u00e9rias &amp; Co. \u00e9 o primeiro benef\u00edcio de viagens do mundo a oferecer a liberdade de escolha para os colaboradores das empresas que se preocupam e investem na sa\u00fade mental e qualidade de vida do time, pois incentiva os momentos de descanso e lazer, proporcionando maior bem-estar.&nbsp;<\/p>\n\n\n\n<p>Visando impactar a produtividade e contribuir com o engajamento, a solu\u00e7\u00e3o oferece um portal exclusivo e customizado, onde os colaboradores podem escolher quando, onde e com quem ir viajar, j\u00e1 que encontram milhares de op\u00e7\u00f5es de hospedagens e passagens a\u00e9reas para conhecer diversos lugares espalhados pelo Brasil e pelo mundo.<\/p>\n\n\n\n<p>Al\u00e9m do benef\u00edcio de viagens, o F\u00e9rias &amp; Co. proporciona \u00e0s empresas a escolha de premiarem os colaboradores com cr\u00e9ditos de viagens, seja como uma forma de incentivo, reconhecimento ou at\u00e9 mesmo para comemorar datas especiais. Neste caso, a empresa define o valor da premia\u00e7\u00e3o, que pode cobrir total ou parcialmente os custos da viagem do colaborador.<\/p>\n\n\n\n<p>Mais informa\u00e7\u00f5es em:&nbsp;<a href=\"https:\/\/ferias.co\/\">https:\/\/ferias.co\/<\/a><\/p>\n\n\n\n<p><strong>Sobre a Vidalink<\/strong><\/p>\n\n\n\n<p>A Vidalink \u00e9 uma empresa de bem-estar corporativo, que acredita que todas as pessoas t\u00eam um desejo natural de levar a vida de maneira saud\u00e1vel e equilibrada. Pioneira na combina\u00e7\u00e3o de humaniza\u00e7\u00e3o e tecnologia para oferecer uma nova gera\u00e7\u00e3o de benef\u00edcios integrados para o colaborador em todos os sentidos: mental, f\u00edsico, e tamb\u00e9m evolu\u00e7\u00e3o pessoal e profissional, tudo em um mesmo aplicativo.<\/p>\n\n\n\n<p>S\u00e3o mais de 250 clientes e acima de 4 milh\u00f5es de usu\u00e1rios. Grandes marcas como Apple, iFood, Johnson &amp; Johnson, Nestl\u00e9, PepsiCo, Salesforce, Tim, Vivo e Embraer j\u00e1 incorporam os benef\u00edcios da Vidalink no ambiente de trabalho.<\/p>\n\n\n\n<p>Mais informa\u00e7\u00f5es em:&nbsp;<a href=\"https:\/\/vidalink.com.br\/\">https:\/\/vidalink.com.br<\/a><\/p>\n\n\n\n<p><strong>Sobre a Stone<\/strong><\/p>\n\n\n\n<p>A&nbsp;Stone \u00e9 uma fintech brasileira de meios de pagamentos atrav\u00e9s dos seus servi\u00e7os de adquir\u00eancia multibandeiras por interm\u00e9dio de m\u00e1quinas de cart\u00f5es, processadoras de transa\u00e7\u00f5es realizadas por cart\u00f5es de cr\u00e9dito, d\u00e9bito e voucher. Atua no mercado desde 2014, cobrindo todo o territ\u00f3rio brasileiro.<\/p>\n\n\n\n<p>Mais informa\u00e7\u00f5es:&nbsp;<a href=\"https:\/\/www.stone.com.br\/\">https:\/\/www.stone.com.br\/<\/a><\/p>\n","protected":false},"excerpt":{"rendered":"<p>Nesta quarta-feira (28), lideran\u00e7as do F\u00e9rias &amp; Co., Stone e Vidalink se re\u00fanem para discutir iniciativas de engajamento de talentos \u00a0Uma\u00a0pesquisa\u00a0da consultoria Think Work revelou que 75% das empresas perderam grandes talentos no momento da contrata\u00e7\u00e3o devido ao pacote de benef\u00edcios ofertados. Outro levantamento da Betterfly revelou que 67% dos colaboradores das empresas afirmam que [&hellip;]<\/p>\n","protected":false},"author":2,"featured_media":764,"comment_status":"open","ping_status":"open","sticky":false,"template":"","format":"standard","meta":{"footnotes":""},"categories":[23],"tags":[],"class_list":{"0":"post-763","1":"post","2":"type-post","3":"status-publish","4":"format-standard","5":"has-post-thumbnail","7":"category-feirasdenegocios"},"_links":{"self":[{"href":"https:\/\/tveventos.tv.br\/index.php?rest_route=\/wp\/v2\/posts\/763","targetHints":{"allow":["GET"]}}],"collection":[{"href":"https:\/\/tveventos.tv.br\/index.php?rest_route=\/wp\/v2\/posts"}],"about":[{"href":"https:\/\/tveventos.tv.br\/index.php?rest_route=\/wp\/v2\/types\/post"}],"author":[{"embeddable":true,"href":"https:\/\/tveventos.tv.br\/index.php?rest_route=\/wp\/v2\/users\/2"}],"replies":[{"embeddable":true,"href":"https:\/\/tveventos.tv.br\/index.php?rest_route=%2Fwp%2Fv2%2Fcomments&post=763"}],"version-history":[{"count":1,"href":"https:\/\/tveventos.tv.br\/index.php?rest_route=\/wp\/v2\/posts\/763\/revisions"}],"predecessor-version":[{"id":765,"href":"https:\/\/tveventos.tv.br\/index.php?rest_route=\/wp\/v2\/posts\/763\/revisions\/765"}],"wp:featuredmedia":[{"embeddable":true,"href":"https:\/\/tveventos.tv.br\/index.php?rest_route=\/wp\/v2\/media\/764"}],"wp:attachment":[{"href":"https:\/\/tveventos.tv.br\/index.php?rest_route=%2Fwp%2Fv2%2Fmedia&parent=763"}],"wp:term":[{"taxonomy":"category","embeddable":true,"href":"https:\/\/tveventos.tv.br\/index.php?rest_route=%2Fwp%2Fv2%2Fcategories&post=763"},{"taxonomy":"post_tag","embeddable":true,"href":"https:\/\/tveventos.tv.br\/index.php?rest_route=%2Fwp%2Fv2%2Ftags&post=763"}],"curies":[{"name":"wp","href":"https:\/\/api.w.org\/{rel}","templated":true}]}}