{"id":767,"date":"2024-02-23T16:03:41","date_gmt":"2024-02-23T19:03:41","guid":{"rendered":"https:\/\/tveventos.tv.br\/?p=767"},"modified":"2024-02-23T16:03:45","modified_gmt":"2024-02-23T19:03:45","slug":"wz-hotel-jardins-confirma-resultado-historico-em-eventos","status":"publish","type":"post","link":"https:\/\/tveventos.tv.br\/?p=767","title":{"rendered":"WZ Hotel Jardins confirma resultado hist\u00f3rico em eventos"},"content":{"rendered":"\n<p>Voltado tanto para o p\u00fablico de lazer quanto o corporativo, o WZ Hotel Jardins tamb\u00e9m reafirma sua voca\u00e7\u00e3o como um importante centro de conven\u00e7\u00f5es em S\u00e3o Paulo. Em janeiro, o setor de eventos do hotel atingiu um recorde hist\u00f3rico de vendas.<\/p>\n\n\n\n<p>O resultado foi celebrado por Leonardo Sousa, supervisor de Eventos do WZ Hotel Jardins, que ainda ressalta que essa alta na demanda \u00e9 uma tend\u00eancia j\u00e1 observada desde o ano passado: \u201c2023 foi um ano muito bom e bem produtivo para n\u00f3s em eventos. Batemos quatro metas hist\u00f3ricas em receitas do setor em compara\u00e7\u00e3o a todos os anos anteriores\u201d.<\/p>\n\n\n\n<p>O Centro de Conven\u00e7\u00f5es do WZ Hotel Jardins \u00e9 formado por oito salas de diferentes tamanhos e configura\u00e7\u00f5es, com capacidade para mais de 250 pessoas em audit\u00f3rio, al\u00e9m de entrada independente, foyer e \u00e1rea para coffee break. Para Leonardo Sousa, a din\u00e2mica comercial mais \u00e1gil e flex\u00edvel do WZ Hotel Jardins, com uma equipe de eventos pr\u00f3pria e especializada, garante a melhor experi\u00eancia ao cliente.<\/p>\n\n\n\n<p>\u201cO diferencial de nosso hotel \u00e9 o comprometimento e a entrega de todos os eventos com qualidade e atendimento 100% full time. Desde o primeiro contato via e-mail ou telefone, o fechamento contratual e a realiza\u00e7\u00e3o do evento at\u00e9 o p\u00f3s-venda, buscamos atender todas as necessidades do cliente, visando um conforto maior n\u00e3o s\u00f3 para o contratante, mas tamb\u00e9m para todos os participantes do evento\u201d, destaca o executivo.<\/p>\n\n\n\n<p>Para garantir a qualidade do evento em todos os aspectos, o WZ Hotel Jardins tem ainda servi\u00e7o pr\u00f3prio de A&amp;B, com op\u00e7\u00e3o de buffet para almo\u00e7o e jantar, al\u00e9m de coffee break, happy hour e coquetel. O card\u00e1pio pode incluir tamb\u00e9m itens veganos, vegetarianos e para intoler\u00e2ncias alimentares. O hotel oferece ainda wi-fi gratuito em todas as suas depend\u00eancias, estacionamento com manobrista e suporte audiovisual com equipamentos modernos, al\u00e9m de espa\u00e7os vers\u00e1teis que podem receber eventos sociais, happy hours e confraterniza\u00e7\u00f5es.<\/p>\n\n\n\n<p>\u00danico hotel independente da regi\u00e3o, o WZ Hotel Jardins tem localiza\u00e7\u00e3o privilegiada em plena Avenida Rebou\u00e7as, a poucos metros da esta\u00e7\u00e3o Oscar Freire do metr\u00f4 (Linha 4 &#8211; Amarela) e perto dos centros empresariais da Avenida Paulista e da Avenida Faria Lima.<\/p>\n\n\n\n<p><strong>WZ Hotel Jardins<\/strong><\/p>\n\n\n\n<p>Avenida Rebou\u00e7as, 955 (entre Rua Oscar Freire e Alameda Lorena) \u2013 S\u00e3o Paulo\/SP<\/p>\n\n\n\n<p>Telefones: (11) 3069-0000 \/ 0800-129422 \/ (11) 3069-0015 (Whatsapp)<\/p>\n\n\n\n<p>Mais informa\u00e7\u00f5es em:&nbsp;<a href=\"http:\/\/www.wzhoteljardins.com.br\/\" target=\"_blank\" rel=\"noreferrer noopener\">wzhoteljardins.com.br<\/a><\/p>\n","protected":false},"excerpt":{"rendered":"<p>Voltado tanto para o p\u00fablico de lazer quanto o corporativo, o WZ Hotel Jardins tamb\u00e9m reafirma sua voca\u00e7\u00e3o como um importante centro de conven\u00e7\u00f5es em S\u00e3o Paulo. Em janeiro, o setor de eventos do hotel atingiu um recorde hist\u00f3rico de vendas. O resultado foi celebrado por Leonardo Sousa, supervisor de Eventos do WZ Hotel Jardins, [&hellip;]<\/p>\n","protected":false},"author":2,"featured_media":768,"comment_status":"open","ping_status":"open","sticky":false,"template":"","format":"standard","meta":{"footnotes":""},"categories":[1],"tags":[],"class_list":{"0":"post-767","1":"post","2":"type-post","3":"status-publish","4":"format-standard","5":"has-post-thumbnail","7":"category-workshopsepalestras"},"_links":{"self":[{"href":"https:\/\/tveventos.tv.br\/index.php?rest_route=\/wp\/v2\/posts\/767","targetHints":{"allow":["GET"]}}],"collection":[{"href":"https:\/\/tveventos.tv.br\/index.php?rest_route=\/wp\/v2\/posts"}],"about":[{"href":"https:\/\/tveventos.tv.br\/index.php?rest_route=\/wp\/v2\/types\/post"}],"author":[{"embeddable":true,"href":"https:\/\/tveventos.tv.br\/index.php?rest_route=\/wp\/v2\/users\/2"}],"replies":[{"embeddable":true,"href":"https:\/\/tveventos.tv.br\/index.php?rest_route=%2Fwp%2Fv2%2Fcomments&post=767"}],"version-history":[{"count":1,"href":"https:\/\/tveventos.tv.br\/index.php?rest_route=\/wp\/v2\/posts\/767\/revisions"}],"predecessor-version":[{"id":769,"href":"https:\/\/tveventos.tv.br\/index.php?rest_route=\/wp\/v2\/posts\/767\/revisions\/769"}],"wp:featuredmedia":[{"embeddable":true,"href":"https:\/\/tveventos.tv.br\/index.php?rest_route=\/wp\/v2\/media\/768"}],"wp:attachment":[{"href":"https:\/\/tveventos.tv.br\/index.php?rest_route=%2Fwp%2Fv2%2Fmedia&parent=767"}],"wp:term":[{"taxonomy":"category","embeddable":true,"href":"https:\/\/tveventos.tv.br\/index.php?rest_route=%2Fwp%2Fv2%2Fcategories&post=767"},{"taxonomy":"post_tag","embeddable":true,"href":"https:\/\/tveventos.tv.br\/index.php?rest_route=%2Fwp%2Fv2%2Ftags&post=767"}],"curies":[{"name":"wp","href":"https:\/\/api.w.org\/{rel}","templated":true}]}}