{"id":770,"date":"2024-02-26T13:26:34","date_gmt":"2024-02-26T16:26:34","guid":{"rendered":"https:\/\/tveventos.tv.br\/?p=770"},"modified":"2024-02-26T13:26:39","modified_gmt":"2024-02-26T16:26:39","slug":"alagev-apresenta-os-keynotes-para-o-lacte-19aedicao","status":"publish","type":"post","link":"https:\/\/tveventos.tv.br\/?p=770","title":{"rendered":"ALAGEV apresenta os keynotes para o LACTE &#8211; 19\u00aaedi\u00e7\u00e3o"},"content":{"rendered":"\n<p class=\"has-text-align-center\"><em>Ser\u00e3o diversos profissionais que comandar\u00e3o as principais palestras do evento<\/em><\/p>\n\n\n\n<p><em>Hoje (26), come\u00e7a o LACTE &#8211; 19\u00aa edi\u00e7\u00e3o, evento que acontece at\u00e9 amanh\u00e3 (27), no Golden Hall do WTC Events Center, em S\u00e3o Paulo. Organizado pela Associa\u00e7\u00e3o Latino Americana de Eventos e Viagens Corporativas (ALAGEV), o encontro conta com a participa\u00e7\u00e3o dos keynotes que prometem um ambiente para novas conex\u00f5es, aprendizado e gera\u00e7\u00e3o de neg\u00f3cios, al\u00e9m de abrir um espa\u00e7o importante para a conscientiza\u00e7\u00e3o social, abordando o etarismo. O termo Keynote, que j\u00e1 \u00e9 muito conhecido no mundo dos eventos, se refere aos principais nomes de palestrantes da programa\u00e7\u00e3o.&nbsp;<\/em><\/p>\n\n\n\n<p><em>Os profissionais escolhidos t\u00eam a miss\u00e3o de atrair a aten\u00e7\u00e3o do p\u00fablico e da m\u00eddia, engajando toda a plateia a aumentar o interesse e participa\u00e7\u00e3o para o tema. Portanto, grandes nomes, com uma ampla experi\u00eancia na \u00e1rea de atua\u00e7\u00e3o e discurso cativante, s\u00e3o esperados como principais palestrantes do dia.&nbsp;<\/em><\/p>\n\n\n\n<p><em>Um dos palestrantes convidados pela ALAGEV para o primeiro dia de programa\u00e7\u00e3o \u00e9 Dado Schneider, mestre e doutor em comunica\u00e7\u00e3o pela Pontif\u00edcia Universidade Cat\u00f3lica do Rio Grande do Sul (PUC-RS). O professor \u00e9 considerado pelo site Buzzfeed, como o \u201cpalestrante imperd\u00edvel da Campus Party\u201d, de onde tamb\u00e9m \u00e9 embaixador. No LACTE, o p\u00fablico ter\u00e1 a oportunidade de aprender mais com ele sobre as caracter\u00edsticas das gera\u00e7\u00f5es mais antigas e das mais novas &#8211; tema que ser\u00e1 abordado no palco principal no dia 26, \u00e0s 9h20. A palestra promete ser uma experi\u00eancia diferente de tudo que a plateia j\u00e1 vivenciou at\u00e9 o momento. E quem decide os rumos da discuss\u00e3o deste conte\u00fado muito necess\u00e1rio s\u00e3o os visitantes.<\/em><\/p>\n\n\n\n<p><em>O assunto garante abrir novos horizontes sobre o atual cen\u00e1rio do mercado de trabalho em que as gera\u00e7\u00f5es mais experientes procuram compartilhar espa\u00e7o com a popular \u201cGera\u00e7\u00e3o Z\u201d, que contempla os jovens nascidos nos anos 2000.&nbsp;&nbsp;<\/em><\/p>\n\n\n\n<p><em>Al\u00e9m da palestra de abertura, os convidados poder\u00e3o acompanhar debates com tem\u00e1ticas contempor\u00e2neas importantes, e tamb\u00e9m os minilabs e talk shows que ocorrer\u00e3o durante toda a programa\u00e7\u00e3o do LACTE. Entre outros keynotes confirmados est\u00e3o M\u00f3rris Litvak, Cacique Babau, Laura de Jesus, Samanta Lopes, Guilherme Dietze, Solange Barbosa, Ana Paula Arbache, Grace Cauzo, Artur Andrade, Jerome Cadier, Marcelo Cohen e Eduardo Giestas.<\/em><\/p>\n\n\n\n<p><strong><em>Tema<\/em><\/strong><strong><em><br><\/em><\/strong><em>Com o tema &#8220;Inspire&#8221;, o LACTE- 19\u00aa edi\u00e7\u00e3o criar\u00e1 conex\u00f5es significativas e longevas entre os profissionais de viagens, eventos e mobilidade corporativa para que se conectem, aprendam e gerem neg\u00f3cios, fomentando um mercado equilibrado, \u00e9tico e transparente.&nbsp;<\/em><\/p>\n\n\n\n<p><strong><em>Causa social<\/em><\/strong><strong><em><br><\/em><\/strong><em>Em 2024 o LACTE mobiliza sua comunidade para uma mudan\u00e7a cultural, convidando para o combate aos estere\u00f3tipos negativos associados \u00e0 idade. O objetivo da causa \u00e9 valorizar e respeitar a sabedoria e a experi\u00eancia, al\u00e9m de lutar por uma maior diversidade et\u00e1ria no setor, garantindo que os mais velhos continuem ativos compartilhando suas hist\u00f3rias, conhecimentos e habilidades.&nbsp;<\/em><\/p>\n\n\n\n<p><strong><em>Edi\u00e7\u00e3o de 2023<\/em><\/strong><strong><em><br><\/em><\/strong><em>A edi\u00e7\u00e3o do ano passado registrou mais de 1,3 mil participantes, sendo 40% gestores de viagens e eventos e 60% fornecedores, e gerou muitas parcerias com associa\u00e7\u00f5es, entidades e centros acad\u00eamicos com a presen\u00e7a de seus alunos de gradua\u00e7\u00e3o e cursos t\u00e9cnicos do mercado de viagens e eventos corporativos.<\/em><\/p>\n\n\n\n<p><em>Para mais informa\u00e7\u00f5es sobre a associa\u00e7\u00e3o, acesse os perfis oficiais no Instagram (@alagev.oficial), YouTube (TV ALAGEV), Facebook (@alagev.oficial) e LinkedIn (Alagev)<\/em><\/p>\n","protected":false},"excerpt":{"rendered":"<p>Ser\u00e3o diversos profissionais que comandar\u00e3o as principais palestras do evento Hoje (26), come\u00e7a o LACTE &#8211; 19\u00aa edi\u00e7\u00e3o, evento que acontece at\u00e9 amanh\u00e3 (27), no Golden Hall do WTC Events Center, em S\u00e3o Paulo. Organizado pela Associa\u00e7\u00e3o Latino Americana de Eventos e Viagens Corporativas (ALAGEV), o encontro conta com a participa\u00e7\u00e3o dos keynotes que prometem [&hellip;]<\/p>\n","protected":false},"author":2,"featured_media":771,"comment_status":"open","ping_status":"open","sticky":false,"template":"","format":"standard","meta":{"footnotes":""},"categories":[1],"tags":[],"class_list":{"0":"post-770","1":"post","2":"type-post","3":"status-publish","4":"format-standard","5":"has-post-thumbnail","7":"category-workshopsepalestras"},"_links":{"self":[{"href":"https:\/\/tveventos.tv.br\/index.php?rest_route=\/wp\/v2\/posts\/770","targetHints":{"allow":["GET"]}}],"collection":[{"href":"https:\/\/tveventos.tv.br\/index.php?rest_route=\/wp\/v2\/posts"}],"about":[{"href":"https:\/\/tveventos.tv.br\/index.php?rest_route=\/wp\/v2\/types\/post"}],"author":[{"embeddable":true,"href":"https:\/\/tveventos.tv.br\/index.php?rest_route=\/wp\/v2\/users\/2"}],"replies":[{"embeddable":true,"href":"https:\/\/tveventos.tv.br\/index.php?rest_route=%2Fwp%2Fv2%2Fcomments&post=770"}],"version-history":[{"count":1,"href":"https:\/\/tveventos.tv.br\/index.php?rest_route=\/wp\/v2\/posts\/770\/revisions"}],"predecessor-version":[{"id":772,"href":"https:\/\/tveventos.tv.br\/index.php?rest_route=\/wp\/v2\/posts\/770\/revisions\/772"}],"wp:featuredmedia":[{"embeddable":true,"href":"https:\/\/tveventos.tv.br\/index.php?rest_route=\/wp\/v2\/media\/771"}],"wp:attachment":[{"href":"https:\/\/tveventos.tv.br\/index.php?rest_route=%2Fwp%2Fv2%2Fmedia&parent=770"}],"wp:term":[{"taxonomy":"category","embeddable":true,"href":"https:\/\/tveventos.tv.br\/index.php?rest_route=%2Fwp%2Fv2%2Fcategories&post=770"},{"taxonomy":"post_tag","embeddable":true,"href":"https:\/\/tveventos.tv.br\/index.php?rest_route=%2Fwp%2Fv2%2Ftags&post=770"}],"curies":[{"name":"wp","href":"https:\/\/api.w.org\/{rel}","templated":true}]}}