{"id":775,"date":"2024-02-26T14:09:07","date_gmt":"2024-02-26T17:09:07","guid":{"rendered":"https:\/\/tveventos.tv.br\/?p=775"},"modified":"2024-02-26T14:09:18","modified_gmt":"2024-02-26T17:09:18","slug":"abrin-2024-traz-spielwarenmesse-com-tendencias-globais-para-industria-do-brinquedo-nacional","status":"publish","type":"post","link":"https:\/\/tveventos.tv.br\/?p=775","title":{"rendered":"ABRIN 2024 TRAZ SPIELWARENMESSE COM TEND\u00caNCIAS GLOBAIS PARA IND\u00daSTRIA DO BRINQUEDO NACIONAL"},"content":{"rendered":"\n<p class=\"has-text-align-center\"><em>Maior feira de brinquedos do mundo que acontece em Nuremberg, na Alemanha, ter\u00e1 espa\u00e7o na ABRIN 2024 apresentando quais s\u00e3o os produtos em alta no mercado internacional<\/em><\/p>\n\n\n\n<p><em>A renomada Spielwarenmesse, a maior feira de brinquedos do mundo sediada em Nuremberg, Alemanha, est\u00e1 pronta para destacar as \u00faltimas tend\u00eancias do mercado internacional na <\/em><a href=\"https:\/\/s2402.imxsnd02.com\/link.php?code=bDpodHRwcyUzQSUyRiUyRmFicmluLmNvbS5iciUyRiUzRnV0bV9zb3VyY2UlM0Rhc3Nlc3NvcmlhLWRlLWltcHJlbnNhJTI2dXRtX21lZGl1bSUzRGFzc2Vzc29yaWEtZGUtaW1wcmVuc2ElMjZ1dG1fY2FtcGFpZ24lM0Rhc3Nlc3NvcmlhLWRlLWltcHJlbnNhOjI0Mzk2MTEyNzQ6cmVkYWNhb3R2ZXZlbnRvc0BnbWFpbC5jb206MDNmOWY%0DzOjcw\"><em>Feira ABRIN<\/em><\/a><em>, refer\u00eancia no cen\u00e1rio nacional e internacional dentro do universo de brinquedos, promovida pela Francal em parceria com a ABRINQ. Al\u00e9m dos lan\u00e7amentos do setor no pa\u00eds, os visitantes do evento tamb\u00e9m poder\u00e3o conferir os produtos em alta que est\u00e3o moldando o cen\u00e1rio global de brinquedos.<\/em><\/p>\n\n\n\n<p><em>\u201cA gama de tend\u00eancias trazidas pela Spielwarenmesse inclui o crescente interesse em colecion\u00e1veis (kidults), colecion\u00e1veis premium, fantasia criativa (RPG, jogo com miniaturas) e jogos de mesa, abrangendo desde tabuleiros at\u00e9 cartas. \u00c9 importante ressaltar que muitos dos brinquedos que s\u00e3o apresentados como tend\u00eancia no exterior j\u00e1 est\u00e3o dispon\u00edveis no Brasil, sem a necessidade de importa\u00e7\u00e3o. Isso n\u00e3o apenas promove a diversidade e o acesso a uma ampla gama de produtos, mas tamb\u00e9m contribui significativamente para a economia local, evitando custos adicionais de importa\u00e7\u00e3o e fortalecendo a ind\u00fastria nacional de brinquedos&#8221;, afirma <\/em><strong><em>D\u00e9bora Creutzberg, representante da <\/em><\/strong><em>Spielwarenmesse no Brasil.<\/em><\/p>\n\n\n\n<p><em>&#8220;Estamos extremamente honrados em receber os representantes da Spielwarenmesse na ABRIN 2024. Sua participa\u00e7\u00e3o destaca a import\u00e2ncia e o prest\u00edgio internacional da nossa feira como um ponto de encontro essencial para a ind\u00fastria de brinquedos. A colabora\u00e7\u00e3o com a Spielwarenmesse fortalece nossa miss\u00e3o de proporcionar aos participantes acesso \u00e0s mais recentes tend\u00eancias e inova\u00e7\u00f5es globais, enquanto tamb\u00e9m promove o interc\u00e2mbio de conhecimentos e experi\u00eancias entre diferentes mercados. Estamos ansiosos para compartilhar ideias e estabelecer parcerias frut\u00edferas durante este evento&#8221;, comemora <\/em><em>destaca <\/em><em>Syn\u00e9sio Batista da Costa, Presidente da ABRINQ, Associa\u00e7\u00e3o Brasileira dos Fabricantes de Brinquedos.<\/em><\/p>\n\n\n\n<p><strong><em>Credenciamento de imprensa e criadores de conte\u00fado especializados<\/em><\/strong><\/p>\n\n\n\n<p><em>Os p\u00fablicos interessados em participar da Abrin 2024 devem solicitar o <\/em><a href=\"https:\/\/s2402.imxsnd02.com\/link.php?code=bDpodHRwcyUzQSUyRiUyRmFicmluLmNvbS5iciUyRmNyZWRlbmNpYW1lbnRvJTJGJTNGdXRtX3NvdXJjZSUzRGFzc2Vzc29yaWEtZGUtaW1wcmVuc2ElMjZ1dG1fbWVkaXVtJTNEYXNzZXNzb3JpYS1kZS1pbXByZW5zYSUyNnV0bV9jYW1wYWlnbiUzRGFzc2Vzc29yaWEtZGUtaW1wcmVuc2E6MjQzOTYxMTI3NDpyZWRhY2FvdHZldmVudG9%0DzQGdtYWlsLmNvbToyZjMxYmI6NzA=\"><em>credenciamento gratuito pelo site oficial da feira<\/em><\/a><em>. Criadores de conte\u00fado e influenciadores devem realizar seus pedidos entre 05 e 25 de fevereiro. J\u00e1 os jornalistas podem se credenciar entre 05 e 29 de fevereiro. Ap\u00f3s este per\u00edodo, o credenciamento acontece diretamente na feira, mediante comprova\u00e7\u00e3o no balc\u00e3o de atendimento. Os pedidos de credenciamento somente ser\u00e3o recebidos pelo site oficial da feira, <\/em><a href=\"https:\/\/s2402.imxsnd02.com\/link.php?code=bDpodHRwcyUzQSUyRiUyRmFicmluLmNvbS5iciUyRmNyZWRlbmNpYW1lbnRvJTJGJTNGdXRtX3NvdXJjZSUzRGFzc2Vzc29yaWEtZGUtaW1wcmVuc2ElMjZ1dG1fbWVkaXVtJTNEYXNzZXNzb3JpYS1kZS1pbXByZW5zYSUyNnV0bV9jYW1wYWlnbiUzRGFzc2Vzc29yaWEtZGUtaW1wcmVuc2E6MjQzOTYxMTI3NDpyZWRhY2FvdHZldmVudG9%0DzQGdtYWlsLmNvbToyZjMxYmI6NzA=\"><em>clicando aqui<\/em><\/a><em>. Confira as regras individuais a seguir:<\/em><em><br><\/em><em>&nbsp;<\/em><\/p>\n\n\n\n<p><strong><em>Credenciamento Geral:<\/em><\/strong><\/p>\n\n\n\n<p><em>Lojistas, ind\u00fastrias, e-commerces e fornecedores com CNPJ ou profissionais da \u00e1rea e novos empreendedores, est\u00e3o convidados a participar do evento que reunir\u00e1 as principais tend\u00eancias e inova\u00e7\u00f5es da ind\u00fastria de brinquedos. O credenciamento deve ser realizado <\/em><a href=\"https:\/\/s2402.imxsnd02.com\/link.php?code=bDpodHRwcyUzQSUyRiUyRmFicmluLmNvbS5iciUyRmNyZWRlbmNpYW1lbnRvJTJGOjI0Mzk2MTEyNzQ6cmVkYWNhb3R2ZXZlbnRvc0BnbWFpbC5jb206ZTY1Y2FiOjcw\"><em>diretamente pelo site<\/em><\/a><em>.<\/em><em><br><\/em><em>&nbsp;<\/em><\/p>\n\n\n\n<p><strong><em>Credenciamento Imprensa:<\/em><\/strong><strong><em><br><\/em><\/strong><em>&nbsp;<\/em><\/p>\n\n\n\n<p><em>Jornalistas, rep\u00f3rteres e profissionais de m\u00eddia ter\u00e3o a chance de cobrir em primeira m\u00e3o os destaques da ABRIN 2024. Profissionais da imprensa s\u00f3 ser\u00e3o credenciados mediante comprova\u00e7\u00e3o de v\u00ednculo com site, jornal ou portal de not\u00edcias, que deve ser linkado no momento do credenciamento. O atendimento \u00e0 imprensa \u00e9 centralizado no e-mail <\/em><a href=\"https:\/\/s2402.imxsnd02.com\/link.php?code=bDpodHRwcyUzQSUyRiUyRmFicmluJTQwYXBwcm9hY2guY29tLmJyOjI0Mzk2MTEyNzQ6cmVkYWNhb3R2ZXZlbnRvc0BnbWFpbC5jb206YzE1YmVkOjcw\"><em>abrin\uff20approach\u0702com\u0702br<\/em><\/a><em>.<\/em><em><br><\/em><em>&nbsp;<\/em><\/p>\n\n\n\n<p><strong><em>Credenciamento de Criadores de Conte\u00fado:<\/em><\/strong><strong><em><br><\/em><\/strong><em>&nbsp;<\/em><\/p>\n\n\n\n<p><em>Influenciadores digitais, criadores de conte\u00fado e personalidades online ter\u00e3o acesso especial para explorar e compartilhar as \u00faltimas tend\u00eancias do setor de brinquedos. Ser\u00e3o aprovados neste credenciamento apenas perfis com, pelo menos, 5 mil seguidores na rede social e que j\u00e1 tenham realizado conte\u00fados sobre a feira ou possuam fit alinhado com o segmento da Abrin.<\/em><em><br><\/em><em>&nbsp;<\/em><\/p>\n\n\n\n<p><em>Crian\u00e7as e adolescentes, sendo eles menores de idade, somente ser\u00e3o credenciados mediante a aprova\u00e7\u00e3o de credenciamento de seu respons\u00e1vel. <\/em><strong><em>A presen\u00e7a de menores de idade na feira desacompanhados n\u00e3o \u00e9 permitida. <\/em><\/strong><em>Solicite seu credenciamento <\/em><a href=\"https:\/\/s2402.imxsnd02.com\/link.php?code=bDpodHRwcyUzQSUyRiUyRmFicmluLmNvbS5iciUyRmNyZWRlbmNpYW1lbnRvJTJGOjI0Mzk2MTEyNzQ6cmVkYWNhb3R2ZXZlbnRvc0BnbWFpbC5jb206ZTY1Y2FiOjcw\"><em>diretamente pelo site<\/em><\/a><em>.<\/em><em><br><\/em><em>&nbsp;<\/em><\/p>\n\n\n\n<p><em>A <\/em><strong><em>ABRIN 2024<\/em><\/strong><em> refor\u00e7a seu compromisso em proporcionar um ambiente inclusivo e enriquecedor para todos os participantes, promovendo a troca de ideias e o fortalecimento da ind\u00fastria de brinquedos no Brasil.<\/em><em><br><\/em><em>&nbsp;<\/em><\/p>\n\n\n\n<p><strong><em>SERVI\u00c7O<\/em><\/strong><em> <\/em><em><br><\/em><em>&nbsp;<\/em><\/p>\n\n\n\n<p><strong><em>ABRIN 2024 \u2013 40\u00aa Feira Internacional de Brinquedos<\/em><\/strong><em>&nbsp;<\/em><\/p>\n\n\n\n<p><strong><em>Dias e hor\u00e1rios: <\/em><\/strong><em>De 03 a 05 de mar\u00e7o, das 10h \u00e0s 20h \/ 06 de mar\u00e7o, das 10h \u00e0s 18h.<\/em><\/p>\n\n\n\n<p><strong><em>Local: Expo Center Norte &#8211; <\/em><\/strong><em>Rua Jos\u00e9 Bernardo Pinto, 333, S\u00e3o Paulo \u2013 SP<\/em><\/p>\n\n\n\n<p><em>(Transporte gratuito partindo da Esta\u00e7\u00e3o Portuguesa\/Tiet\u00ea)<\/em><\/p>\n\n\n\n<p><strong><em>Site oficial ABRIN 2024 \u2013<\/em><\/strong><em> <\/em><a href=\"https:\/\/s2402.imxsnd02.com\/link.php?code=bDpodHRwcyUzQSUyRiUyRmFicmluLmNvbS5iciUyRiUzRnV0bV9zb3VyY2UlM0Rhc3Nlc3NvcmlhLWRlLWltcHJlbnNhJTI2dXRtX21lZGl1bSUzRGFzc2Vzc29yaWEtZGUtaW1wcmVuc2ElMjZ1dG1fY2FtcGFpZ24lM0Rhc3Nlc3NvcmlhLWRlLWltcHJlbnNhOjI0Mzk2MTEyNzQ6cmVkYWNhb3R2ZXZlbnRvc0BnbWFpbC5jb206MDNmOWY%0DzOjcw\"><em>clique aqui<\/em><\/a><\/p>\n\n\n\n<p><strong><em>P\u00e1gina oficial para credenciamento ABRIN 2024<\/em><\/strong><em> \u2013 <\/em><a href=\"https:\/\/s2402.imxsnd02.com\/link.php?code=bDpodHRwcyUzQSUyRiUyRmFicmluLmNvbS5iciUyRmNyZWRlbmNpYW1lbnRvJTJGJTNGdXRtX3NvdXJjZSUzRGFzc2Vzc29yaWEtZGUtaW1wcmVuc2ElMjZ1dG1fbWVkaXVtJTNEYXNzZXNzb3JpYS1kZS1pbXByZW5zYSUyNnV0bV9jYW1wYWlnbiUzRGFzc2Vzc29yaWEtZGUtaW1wcmVuc2E6MjQzOTYxMTI3NDpyZWRhY2FvdHZldmVudG9%0DzQGdtYWlsLmNvbToyZjMxYmI6NzA=\"><em>clique aqui<\/em><\/a><\/p>\n\n\n\n<p><strong><em>Evento voltado para lojistas e profissionais do setor. N\u00e3o \u00e9 permitida a entrada de menores de 12 anos, mesmo acompanhados (exceto lactentes com at\u00e9 24 meses e influenciadores autorizados pela organiza\u00e7\u00e3o).<\/em><\/strong><\/p>\n\n\n\n<p><strong><em>Sobre a ABRIN<\/em><\/strong><\/p>\n\n\n\n<p><em>Ao longo das d\u00e9cadas, a Feira Abrin fomentou o mercado nacional ao trazer as mais recentes novidades e importantes pautas do setor de brinquedos. Agora, algo igualmente grandioso est\u00e1 por vir: a edi\u00e7\u00e3o especial em comemora\u00e7\u00e3o \u00e0s 40\u00aa edi\u00e7\u00f5es do principal evento de brinquedos da Am\u00e9rica Latina! Em 2024, vamos reunir milhares de visitantes, mais de 150 expositores e 1.500 lan\u00e7amentos no encontro que abre a temporada de neg\u00f3cios no ano.<\/em><em><br><\/em><em>&nbsp;<\/em><\/p>\n\n\n\n<p><em>Acesse o site oficial da <\/em><a href=\"https:\/\/s2402.imxsnd02.com\/link.php?code=bDpodHRwcyUzQSUyRiUyRmFicmluLmNvbS5iciUyRiUzRnV0bV9zb3VyY2UlM0Rhc3Nlc3NvcmlhLWRlLWltcHJlbnNhJTI2dXRtX21lZGl1bSUzRGFzc2Vzc29yaWEtZGUtaW1wcmVuc2ElMjZ1dG1fY2FtcGFpZ24lM0Rhc3Nlc3NvcmlhLWRlLWltcHJlbnNhOjI0Mzk2MTEyNzQ6cmVkYWNhb3R2ZXZlbnRvc0BnbWFpbC5jb206MDNmOWY%0DzOjcw\"><em>Feira ABRIN 2024<\/em><\/a><em> e confira a programa\u00e7\u00e3o deste ano <\/em><a href=\"https:\/\/s2402.imxsnd02.com\/link.php?code=bDpodHRwcyUzQSUyRiUyRmFicmluLmNvbS5iciUyRnByb2dyYW1hY2FvJTJGJTNGdXRtX3NvdXJjZSUzRGFzc2Vzc29yaWEtZGUtaW1wcmVuc2ElMjZ1dG1fbWVkaXVtJTNEYXNzZXNzb3JpYS1kZS1pbXByZW5zYSUyNnV0bV9jYW1wYWlnbiUzRGFzc2Vzc29yaWEtZGUtaW1wcmVuc2E6MjQzOTYxMTI3NDpyZWRhY2FvdHZldmVudG9zQGd%0DtYWlsLmNvbTo1ZjcyZDg6NzA=\"><em>clicando aqui<\/em><\/a><em>.<\/em><\/p>\n\n\n\n<p><strong><em>Sobre a Francal<\/em><\/strong><em>&nbsp;<\/em><\/p>\n\n\n\n<p><em>Desde 1969, a Francal Feiras \u00e9 sin\u00f4nimo de neg\u00f3cios e pioneirismo. Com mais de cinco d\u00e9cadas de atua\u00e7\u00e3o, \u00e9 uma das maiores e mais tradicionais promotoras de eventos do pa\u00eds, com capital 100% nacional. Os neg\u00f3cios originados pelos 15 eventos de seu portf\u00f3lio movimentam a economia e contribuem para o desenvolvimento de todas as regi\u00f5es do Brasil.<\/em><\/p>\n\n\n\n<p><strong><em>Sobre a ABRINQ<\/em><\/strong><\/p>\n\n\n\n<p><em>A Associa\u00e7\u00e3o Brasileira dos Fabricantes de Brinquedos &#8211; ABRINQ \u00e9 a entidade de classe de representa\u00e7\u00e3o da ind\u00fastria e do setor de brinquedos e realizadora da ABRIN.<\/em><\/p>\n","protected":false},"excerpt":{"rendered":"<p>Maior feira de brinquedos do mundo que acontece em Nuremberg, na Alemanha, ter\u00e1 espa\u00e7o na ABRIN 2024 apresentando quais s\u00e3o os produtos em alta no mercado internacional A renomada Spielwarenmesse, a maior feira de brinquedos do mundo sediada em Nuremberg, Alemanha, est\u00e1 pronta para destacar as \u00faltimas tend\u00eancias do mercado internacional na Feira ABRIN, refer\u00eancia [&hellip;]<\/p>\n","protected":false},"author":2,"featured_media":776,"comment_status":"open","ping_status":"open","sticky":false,"template":"","format":"standard","meta":{"footnotes":""},"categories":[1],"tags":[],"class_list":{"0":"post-775","1":"post","2":"type-post","3":"status-publish","4":"format-standard","5":"has-post-thumbnail","7":"category-workshopsepalestras"},"_links":{"self":[{"href":"https:\/\/tveventos.tv.br\/index.php?rest_route=\/wp\/v2\/posts\/775","targetHints":{"allow":["GET"]}}],"collection":[{"href":"https:\/\/tveventos.tv.br\/index.php?rest_route=\/wp\/v2\/posts"}],"about":[{"href":"https:\/\/tveventos.tv.br\/index.php?rest_route=\/wp\/v2\/types\/post"}],"author":[{"embeddable":true,"href":"https:\/\/tveventos.tv.br\/index.php?rest_route=\/wp\/v2\/users\/2"}],"replies":[{"embeddable":true,"href":"https:\/\/tveventos.tv.br\/index.php?rest_route=%2Fwp%2Fv2%2Fcomments&post=775"}],"version-history":[{"count":1,"href":"https:\/\/tveventos.tv.br\/index.php?rest_route=\/wp\/v2\/posts\/775\/revisions"}],"predecessor-version":[{"id":777,"href":"https:\/\/tveventos.tv.br\/index.php?rest_route=\/wp\/v2\/posts\/775\/revisions\/777"}],"wp:featuredmedia":[{"embeddable":true,"href":"https:\/\/tveventos.tv.br\/index.php?rest_route=\/wp\/v2\/media\/776"}],"wp:attachment":[{"href":"https:\/\/tveventos.tv.br\/index.php?rest_route=%2Fwp%2Fv2%2Fmedia&parent=775"}],"wp:term":[{"taxonomy":"category","embeddable":true,"href":"https:\/\/tveventos.tv.br\/index.php?rest_route=%2Fwp%2Fv2%2Fcategories&post=775"},{"taxonomy":"post_tag","embeddable":true,"href":"https:\/\/tveventos.tv.br\/index.php?rest_route=%2Fwp%2Fv2%2Ftags&post=775"}],"curies":[{"name":"wp","href":"https:\/\/api.w.org\/{rel}","templated":true}]}}