{"id":784,"date":"2024-02-27T15:16:05","date_gmt":"2024-02-27T18:16:05","guid":{"rendered":"https:\/\/tveventos.tv.br\/?p=784"},"modified":"2024-02-27T15:16:08","modified_gmt":"2024-02-27T18:16:08","slug":"abrin-40-edicoes","status":"publish","type":"post","link":"https:\/\/tveventos.tv.br\/?p=784","title":{"rendered":"ABRIN 40 EDI\u00c7\u00d5ES"},"content":{"rendered":"\n<p>Ao longo das d\u00e9cadas, a Feira&nbsp;Abrin&nbsp;fomentou o mercado nacional ao trazer&nbsp;as mais recentes novidades e importantes pautas do setor de brinquedos. Agora, algo igualmente&nbsp;grandioso est\u00e1 por vir: a edi\u00e7\u00e3o especial em comemora\u00e7\u00e3o \u00e0s 40\u00aa edi\u00e7\u00f5es do principal evento de brinquedos da Am\u00e9rica Latina!<\/p>\n\n\n\n<p>Para celebrar este momento t\u00e3o especial, a 40\u00aa edi\u00e7\u00e3o traz em sua comunica\u00e7\u00e3o todo o\u202fsentimento de nostalgia deste universo m\u00e1gico. Em 2024 estaremos\u202fempenhados\u202fem trazer de volta as sensa\u00e7\u00f5es que nos fizeram chegar at\u00e9\u202faqui.\u200b\u00a0<\/p>\n\n\n\n<p>Junte-se a n\u00f3s, nos dias \u00a03 a 6 de mar\u00e7o das 10h \u00e0s 20h, no prestigiado EXPO CENTER NORTE.<\/p>\n\n\n\n<p>ENDERE\u00c7O: Rua Jos\u00e9 Bernardo Pinto, 333 &#8211; Vila Guilherme-S\u00e3o Paulo,\u00a0SP\u00a002055-000\u00a0Brasil.<\/p>\n","protected":false},"excerpt":{"rendered":"<p>Ao longo das d\u00e9cadas, a Feira&nbsp;Abrin&nbsp;fomentou o mercado nacional ao trazer&nbsp;as mais recentes novidades e importantes pautas do setor de brinquedos. Agora, algo igualmente&nbsp;grandioso est\u00e1 por vir: a edi\u00e7\u00e3o especial em comemora\u00e7\u00e3o \u00e0s 40\u00aa edi\u00e7\u00f5es do principal evento de brinquedos da Am\u00e9rica Latina! Para celebrar este momento t\u00e3o especial, a 40\u00aa edi\u00e7\u00e3o traz em sua [&hellip;]<\/p>\n","protected":false},"author":2,"featured_media":785,"comment_status":"open","ping_status":"open","sticky":false,"template":"","format":"standard","meta":{"footnotes":""},"categories":[25],"tags":[],"class_list":{"0":"post-784","1":"post","2":"type-post","3":"status-publish","4":"format-standard","5":"has-post-thumbnail","7":"category-calendariodeeventos"},"_links":{"self":[{"href":"https:\/\/tveventos.tv.br\/index.php?rest_route=\/wp\/v2\/posts\/784","targetHints":{"allow":["GET"]}}],"collection":[{"href":"https:\/\/tveventos.tv.br\/index.php?rest_route=\/wp\/v2\/posts"}],"about":[{"href":"https:\/\/tveventos.tv.br\/index.php?rest_route=\/wp\/v2\/types\/post"}],"author":[{"embeddable":true,"href":"https:\/\/tveventos.tv.br\/index.php?rest_route=\/wp\/v2\/users\/2"}],"replies":[{"embeddable":true,"href":"https:\/\/tveventos.tv.br\/index.php?rest_route=%2Fwp%2Fv2%2Fcomments&post=784"}],"version-history":[{"count":1,"href":"https:\/\/tveventos.tv.br\/index.php?rest_route=\/wp\/v2\/posts\/784\/revisions"}],"predecessor-version":[{"id":786,"href":"https:\/\/tveventos.tv.br\/index.php?rest_route=\/wp\/v2\/posts\/784\/revisions\/786"}],"wp:featuredmedia":[{"embeddable":true,"href":"https:\/\/tveventos.tv.br\/index.php?rest_route=\/wp\/v2\/media\/785"}],"wp:attachment":[{"href":"https:\/\/tveventos.tv.br\/index.php?rest_route=%2Fwp%2Fv2%2Fmedia&parent=784"}],"wp:term":[{"taxonomy":"category","embeddable":true,"href":"https:\/\/tveventos.tv.br\/index.php?rest_route=%2Fwp%2Fv2%2Fcategories&post=784"},{"taxonomy":"post_tag","embeddable":true,"href":"https:\/\/tveventos.tv.br\/index.php?rest_route=%2Fwp%2Fv2%2Ftags&post=784"}],"curies":[{"name":"wp","href":"https:\/\/api.w.org\/{rel}","templated":true}]}}