{"id":794,"date":"2024-02-28T15:55:09","date_gmt":"2024-02-28T18:55:09","guid":{"rendered":"https:\/\/tveventos.tv.br\/?p=794"},"modified":"2024-02-28T15:55:12","modified_gmt":"2024-02-28T18:55:12","slug":"feira-de-franquias-chega-a-osasco-e-sao-paulo-sp-com-oportunidades-de-negocios","status":"publish","type":"post","link":"https:\/\/tveventos.tv.br\/?p=794","title":{"rendered":"Feira de franquias chega a Osasco e S\u00e3o Paulo (SP) com oportunidades de neg\u00f3cios"},"content":{"rendered":"\n<p class=\"has-text-align-center\"><em>Al\u00e9m de reunir grandes marcas e empreendedores, a FranchiseB2B contribui para a cria\u00e7\u00e3o de empregos, atrai investimentos e incentiva a inova\u00e7\u00e3o na regi\u00e3o<\/em><\/p>\n\n\n\n<p>A&nbsp;<strong>5\u00aa edi\u00e7\u00e3o<\/strong>&nbsp;do ano da&nbsp;<strong><a href=\"http:\/\/www.franchiseb2b.com.br\/\" target=\"_blank\" rel=\"noreferrer noopener\">FranchiseB2B<\/a><\/strong>&nbsp;chega a regi\u00e3o metropolitana de S\u00e3o Paulo, no dia 12 de mar\u00e7o, no Hotel Urban, que fica na avenida Santo Ant\u00f4nio, n\u00b0 1453,&nbsp;<strong>Osasco (SP)<\/strong>. J\u00e1 a&nbsp;<strong>6\u00aa edi\u00e7\u00e3o<\/strong>&nbsp;do ano da&nbsp;<strong><a href=\"http:\/\/www.franchiseb2b.com.br\/\" target=\"_blank\" rel=\"noreferrer noopener\">FranchiseB2B<\/a><\/strong>&nbsp;ser\u00e1 realizada, nos dias 14 e 15 de mar\u00e7o, no Hotel Pullman, que fica na rua Olimp\u00edadas, n\u00b0 205, Vila Ol\u00edmpia,&nbsp;<strong>S\u00e3o Paulo (SP)<\/strong>.<\/p>\n\n\n\n<p>O evento, cujo objetivo \u00e9 expandir neg\u00f3cios do setor de franquias por todo o Brasil, tem entrada gratuita. A organiza\u00e7\u00e3o pede apenas que os participantes levem dois quilos de alimentos n\u00e3o perec\u00edveis, que ser\u00e3o doados para a LBV, institui\u00e7\u00e3o sem fins lucrativos.&nbsp;<\/p>\n\n\n\n<p>De acordo com os \u00faltimos dados divulgados pela Associa\u00e7\u00e3o Brasileira de Franchising \u2013 ABF, o faturamento das franquias no Brasil atingiu&nbsp;<strong>R$ 240,6 bilh\u00f5es em 2023<\/strong>, um crescimento de&nbsp;<strong>13,8%<\/strong>&nbsp;em rela\u00e7\u00e3o a 2022.<\/p>\n\n\n\n<p>A&nbsp;<strong>FranchiseB2B<\/strong>&nbsp;traz uma grande variedade de marcas e modelos de franquias, abrangendo desde setores como alimenta\u00e7\u00e3o e moda, at\u00e9 inova\u00e7\u00f5es nos campos da tecnologia e servi\u00e7os. Os visitantes ter\u00e3o a chance de se conectar diretamente com representantes de diferentes franquias, entendendo melhor as vantagens, desafios e possibilidades que cada uma oferece.<\/p>\n\n\n\n<p>O evento ser\u00e1 uma oportunidade \u00fanica para os empreendedores locais de encontrar conceitos de neg\u00f3cios que j\u00e1 foram testados e aprovados, minimizando assim os riscos inerentes ao lan\u00e7amento de um novo empreendimento. Ao optar por investir em uma franquia, os empres\u00e1rios tamb\u00e9m se beneficiam do suporte cont\u00ednuo, treinamento e branding oferecidos pelas empresas franqueadoras, o que pode resultar em um crescimento mais acelerado e sustent\u00e1vel.<\/p>\n\n\n\n<p>Al\u00e9m de oferecer oportunidades de neg\u00f3cios prontas para serem exploradas, a&nbsp;<strong>FranchiseB2B<\/strong>&nbsp;tamb\u00e9m ser\u00e1 um espa\u00e7o de aprendizado. Palestras ser\u00e3o realizadas ao longo do evento, trazendo especialistas do mundo empresarial para compartilhar suas experi\u00eancias e insights sobre tend\u00eancias e estrat\u00e9gias. De acordo com Ricardo Branco, CEO da&nbsp;<strong>FranchiseB2B<\/strong>, isso permite que os participantes n\u00e3o apenas encontrem a franquia certa para investir, mas tamb\u00e9m desenvolvam habilidades valiosas para administrar e expandir seus empreendimentos:<\/p>\n\n\n\n<p>\u201c<em>A FranchiseB2B \u00e9 uma oportunidade para empreendedores terem uma experi\u00eancia com as marcas nas quais desejam investir, conhecendo o processo da rede, bem como a equipe que ir\u00e1 auxili\u00e1-lo no dia a dia da unidade\u201d,\u00a0<\/em>explica Ricardo<em>.<\/em><\/p>\n\n\n<div class=\"wp-block-image\">\n<figure class=\"aligncenter\"><img decoding=\"async\" src=\"https:\/\/ci3.googleusercontent.com\/meips\/ADKq_NaPh6OytqgNN6bDUvWUD1htW7VPHgeNvxukKOmuRdKDYAzldM3mlMyDyi-_6zfI-1UMyJLGZkdIogetoZ-oysxfz1yoDCGMH2avOSChrvo8MXx-1Z-J7URolmDgNqseydj41Eeudj3FxeNcSjlbE0FOrsd_Ju8cSionc2EhZ4o16oEybq5KwizIzXZfC1TU0v48Js84TYJXeAkMCGnS=s0-d-e1-ft#https:\/\/files.pressmanager.net\/clientes\/6553258b3e83124270ca58fb2103dc2b\/imagens\/2024\/02\/26\/ee63a2876f1b5396e694245e591e639e_medium.jpg\" alt=\"\"\/><\/figure>\n<\/div>\n\n\n<p><strong>Marcas presentes<\/strong><\/p>\n\n\n\n<p>Na FranchiseB2B, o investidor ter\u00e1 a oportunidade de conhecer as franquias mais lucrativas dentro do mercado do Franchising Brasileiro. \u201c<em>Escolhemos as marcas que poder\u00e3o garantir a independ\u00eancia financeira para quem est\u00e1 em busca de ter o pr\u00f3prio neg\u00f3cio ou quer voltar ao mercado. As op\u00e7\u00f5es de valores s\u00e3o as mais vari\u00e1veis, a partir de R$ 4.900,00<\/em>\u201d, comenta Ricardo Branco.<\/p>\n\n\n\n<p>AcquaZero, Artrend, B2B beaty&amp;health, Bellaza, Brasil Cacau, Brasilnutrishop, Buddha Spa, Cakech, Camila Nascimento, Campinas Celulares, Chefinhos, Creamberry, Croasonho, Decorcolors, EncontreSuaViagem, Fastescova, Franquias do Futuro, Griletto, Guia-se, Home Angels, &nbsp;Jinjin, Kopenhagen, leads e leads, Mazze, Montana Grill, Mulheres Habilitadas, Na\u00e7\u00e3o Verde, Odonto Excellence, &nbsp;Only Mule, Pizza do R\u00e3o, Franquias Paiol, Pizza do Faust\u00e3o, Puket, Quisto, Rap Chef, Suav, T Donuts, Up Express, Vis\u00e3o Total e Zaplus Car s\u00e3o algumas das marcas participantes.<\/p>\n\n\n\n<p>Para conhecer todas as franquias participantes da edi\u00e7\u00e3o e agendar hor\u00e1rio com as marcas individualmente \u00e9 necess\u00e1rio fazer inscri\u00e7\u00e3o pr\u00e9via pelo site&nbsp;<a href=\"http:\/\/www.franchiseb2b.com.br\/\" target=\"_blank\" rel=\"noreferrer noopener\">www.franchiseb2b.com.br<\/a>.<\/p>\n\n\n\n<figure class=\"wp-block-image\"><img decoding=\"async\" src=\"https:\/\/ci3.googleusercontent.com\/meips\/ADKq_NZS2ZjEkGAHGLzmUueNo0ys-bbAz9c1OpMhw4rRG0VEjHfBCBl6zq84h5u3qPs8lSmeCLwF6dU1RPb8B3YCKeCgZM1q4P0U0SN8IuTutXMMwtS1T7y5daxHNi0m6IVDfGltj2VSJKutwCVHdA_99fiWKa8N-aJvhgQJM1uLxxdZo2G4Bh-MCVdceDiq6taE_lh1Z0K0sOJY3uZV63qn=s0-d-e1-ft#https:\/\/files.pressmanager.net\/clientes\/6553258b3e83124270ca58fb2103dc2b\/imagens\/2024\/02\/26\/70ba185d707d865dd73952d738442b12_medium.jpg\" alt=\"\"\/><\/figure>\n\n\n\n<p><strong>Oportunidades<\/strong><\/p>\n\n\n\n<p>A feira conta, ainda, com o projeto<strong>&nbsp;Aprender para Empreender<\/strong>, que re\u00fane grandes nomes do empreendedorismo e franchising brasileiros para discutirem sobre o universo das franquias e auxiliarem os visitantes a entenderem o momento do setor no Brasil, por meio de palestras. Para participar e receber um certificado ao final de todo o ciclo, os interessados tamb\u00e9m devem se inscrever previamente pelo site da feira, no qual consta a lista completa de palestrantes.<\/p>\n\n\n\n<p>Destaque para o&nbsp;<strong>Franchise Now<\/strong>, um recomendador de franquias que auxiliar\u00e1 quem deseja encontrar uma marca que combine com seu perfil de investimento. Basta inserir informa\u00e7\u00f5es como valor de investimento dispon\u00edvel, tempo de retorno desejado, entre outras, e s\u00e3o apresentadas algumas op\u00e7\u00f5es de franquias presentes na feira que \u201cd\u00e3o match\u201d com as expectativas de cada visitante e para a&nbsp;<strong>parceria<\/strong>&nbsp;com o&nbsp;<strong>Instituto Lampadinha<\/strong>, que tem como objetivo ajudar pessoas a encontrarem a melhor franquia e conseguirem se realocar no mercado por meio de franchising. Todas essas inova\u00e7\u00f5es visam tornar a feira ainda mais assertiva para quem busca seu pr\u00f3prio neg\u00f3cio.&nbsp;&nbsp;<\/p>\n\n\n\n<p>J\u00e1 a campanha&nbsp;<strong>Ilumine um Cora\u00e7\u00e3o<\/strong>, busca angariar alimentos n\u00e3o perec\u00edveis para serem doados \u00e0 uma ONG local, ao final de cada edi\u00e7\u00e3o. Para tanto, cada visitante \u00e9 encorajado a levar dois quilos de alimentos para participar da feira, que tem entrada gratuita. Em 2022, foram arrecadadas mais de tr\u00eas toneladas de alimentos n\u00e3o perec\u00edveis.<\/p>\n\n\n\n<p>Baseado no \u00edndice de Cidades Empreendedoras 2022 (ICE), o calend\u00e1rio de 2024 da feira contempla as principais capitais e trouxe outras cidades para o roteiro garantindo, assim, maior assertividade para as marcas expositoras e mais conforto para quem deseja investir em uma franquia fora das grandes cidades.<\/p>\n\n\n\n<p><strong>Servi\u00e7o:<\/strong><\/p>\n\n\n\n<p><strong>FranchiseB2B Osasco 2024<\/strong><\/p>\n\n\n\n<p><strong>Data<\/strong>: 12\/03\/2024<\/p>\n\n\n\n<p><strong>Hor\u00e1rio<\/strong>: das 9h \u00e0s 20h.<\/p>\n\n\n\n<p><strong>Local<\/strong>: Hotel Urban<\/p>\n\n\n\n<p><strong>Endere\u00e7o<\/strong>: Avenida Santo Ant\u00f4nio, n\u00b0 1453, Vila Osasco, Osasco &#8211; SP<\/p>\n\n\n\n<p><strong>FranchiseB2B S\u00e3o Paulo 2024<\/strong><\/p>\n\n\n\n<p><strong>Data<\/strong>: 14\/03\/2024 \u2013 15\/03\/2024<\/p>\n\n\n\n<p><strong>Hor\u00e1rio<\/strong>: das 9h \u00e0s 20h.<\/p>\n\n\n\n<p><strong>Local<\/strong>: Hotel Pullman<\/p>\n\n\n\n<p><strong>Endere\u00e7o<\/strong>: Rua Olimp\u00edadas, n\u00b0205, Vila Ol\u00edmpia, S\u00e3o Paulo &#8211; SP<\/p>\n\n\n\n<p><strong>Mais informa\u00e7\u00f5es e agendamentos<\/strong>:&nbsp;<a href=\"http:\/\/www.franchiseb2b.com.br\/\" target=\"_blank\" rel=\"noreferrer noopener\">www.franchiseb2b.com.br<\/a><\/p>\n\n\n\n<p><strong>Sobre o NX Franquias<\/strong><\/p>\n\n\n\n<p>O NX Franquias \u2013 N\u00facleo de Expans\u00e3o de Franquias foi criado em 2021, ainda em meio \u00e0 pandemia, como objetivo oferecer ao mercado solu\u00e7\u00f5es para empresas que querem transformar seu neg\u00f3cio em rede de franquias, franqueadoras que querem expandir seus neg\u00f3cios e empreendedores que querem ter o seu neg\u00f3cio por meio do sistema de franquias.<\/p>\n","protected":false},"excerpt":{"rendered":"<p>Al\u00e9m de reunir grandes marcas e empreendedores, a FranchiseB2B contribui para a cria\u00e7\u00e3o de empregos, atrai investimentos e incentiva a inova\u00e7\u00e3o na regi\u00e3o A&nbsp;5\u00aa edi\u00e7\u00e3o&nbsp;do ano da&nbsp;FranchiseB2B&nbsp;chega a regi\u00e3o metropolitana de S\u00e3o Paulo, no dia 12 de mar\u00e7o, no Hotel Urban, que fica na avenida Santo Ant\u00f4nio, n\u00b0 1453,&nbsp;Osasco (SP). J\u00e1 a&nbsp;6\u00aa edi\u00e7\u00e3o&nbsp;do ano da&nbsp;FranchiseB2B&nbsp;ser\u00e1 [&hellip;]<\/p>\n","protected":false},"author":2,"featured_media":796,"comment_status":"open","ping_status":"open","sticky":false,"template":"","format":"standard","meta":{"footnotes":""},"categories":[23],"tags":[],"class_list":{"0":"post-794","1":"post","2":"type-post","3":"status-publish","4":"format-standard","5":"has-post-thumbnail","7":"category-feirasdenegocios"},"_links":{"self":[{"href":"https:\/\/tveventos.tv.br\/index.php?rest_route=\/wp\/v2\/posts\/794","targetHints":{"allow":["GET"]}}],"collection":[{"href":"https:\/\/tveventos.tv.br\/index.php?rest_route=\/wp\/v2\/posts"}],"about":[{"href":"https:\/\/tveventos.tv.br\/index.php?rest_route=\/wp\/v2\/types\/post"}],"author":[{"embeddable":true,"href":"https:\/\/tveventos.tv.br\/index.php?rest_route=\/wp\/v2\/users\/2"}],"replies":[{"embeddable":true,"href":"https:\/\/tveventos.tv.br\/index.php?rest_route=%2Fwp%2Fv2%2Fcomments&post=794"}],"version-history":[{"count":1,"href":"https:\/\/tveventos.tv.br\/index.php?rest_route=\/wp\/v2\/posts\/794\/revisions"}],"predecessor-version":[{"id":797,"href":"https:\/\/tveventos.tv.br\/index.php?rest_route=\/wp\/v2\/posts\/794\/revisions\/797"}],"wp:featuredmedia":[{"embeddable":true,"href":"https:\/\/tveventos.tv.br\/index.php?rest_route=\/wp\/v2\/media\/796"}],"wp:attachment":[{"href":"https:\/\/tveventos.tv.br\/index.php?rest_route=%2Fwp%2Fv2%2Fmedia&parent=794"}],"wp:term":[{"taxonomy":"category","embeddable":true,"href":"https:\/\/tveventos.tv.br\/index.php?rest_route=%2Fwp%2Fv2%2Fcategories&post=794"},{"taxonomy":"post_tag","embeddable":true,"href":"https:\/\/tveventos.tv.br\/index.php?rest_route=%2Fwp%2Fv2%2Ftags&post=794"}],"curies":[{"name":"wp","href":"https:\/\/api.w.org\/{rel}","templated":true}]}}