{"id":798,"date":"2024-02-28T16:04:43","date_gmt":"2024-02-28T19:04:43","guid":{"rendered":"https:\/\/tveventos.tv.br\/?p=798"},"modified":"2024-02-28T16:04:47","modified_gmt":"2024-02-28T19:04:47","slug":"mercadao-e-destaque-de-sao-paulo-em-feiras-de-turismo-na-europa","status":"publish","type":"post","link":"https:\/\/tveventos.tv.br\/?p=798","title":{"rendered":"Mercad\u00e3o \u00e9 destaque de S\u00e3o Paulo em feiras de turismo na Europa"},"content":{"rendered":"\n<p class=\"has-text-align-center\"><em>O \u00edcone da capital paulista representar\u00e1 o Brasil na Bolsa Turismo de Lisboa &#8211; Travel Market e na ITB, em Berlim<\/em><\/p>\n\n\n\n<p><strong><em> <\/em><\/strong><em>O Mercado Municipal Paulistano \u2013 o Mercad\u00e3o &#8211; representar\u00e1 a cidade de S\u00e3o Paulo em duas feiras de turismo internacionais: na 34\u00aa edi\u00e7\u00e3o da Feira Bolsa de Turismo de Lisboa (BTL) \u2013 Travel Market, a maior feira de turismo de Portugal, entre os dias 28 de fevereiro e 3 de mar\u00e7o na capital portuguesa, e na ITB Berlim 2024, a maior feira de turismo do mundo, de 5 a 7 de mar\u00e7o.\u00a0<\/em><\/p>\n\n\n\n<p><em>O estande da Prefeitura de S\u00e3o Paulo na BTL \u2013 Travel Market, por meio da Secretaria de Turismo, ter\u00e1 um espa\u00e7o dedicado ao Mercad\u00e3o, para refor\u00e7ar o local como \u00edcone da arquitetura e polo gastron\u00f4mico e tur\u00edstico da capital paulista. Tamb\u00e9m ser\u00e3o oferecidos mini-sandu\u00edches de mortadela. J\u00e1 na ITB Berlim, o Mercad\u00e3o vai figurar entre os principais destinos tur\u00edsticos do Brasil no estande da Embratur (Ag\u00eancia Brasileira de Promo\u00e7\u00e3o Internacional do Turismo), em parceria com a Secretaria de Estado do Turismo.&nbsp;<\/em><\/p>\n\n\n\n<p><em>\u201c\u00c9 uma honra participar de eventos t\u00e3o importantes para o setor tur\u00edstico, de relev\u00e2ncia internacional, levando o Mercad\u00e3o para al\u00e9m das fronteiras do Brasil. Estar na BTL e na ITB Berlim \u00e9 uma oportunidade \u00fanica de mostrarmos ao mundo a riqueza e a diversidade do Mercad\u00e3o, que \u00e9 um dos mais importantes pontos tur\u00edsticos da cidade de S\u00e3o Paulo e a maior experi\u00eancia gastron\u00f4mica do mundo\u201d, afirma Aldo Bonametti, presidente da Mercado SP, concession\u00e1ria que administra o Mercad\u00e3o e o Mercado Kinjo Yamato e estar\u00e1 presente nos dois eventos.&nbsp;<\/em><\/p>\n\n\n\n<p><em>Nas duas feiras, voltadas para os agentes de viagens e operadores de turismo, entre outros, o foco ser\u00e1 apresentar a promo\u00e7\u00e3o da cidade como destino tur\u00edstico para o maior n\u00famero de operadores dispon\u00edveis. A Mercado SP distribuir\u00e1 m\u00eddia kits contendo um livro sobre os 90 anos do Mercad\u00e3o, para atrair ainda mais visitantes \u00e0 cidade.&nbsp;<\/em><\/p>\n\n\n\n<p><em>A Bolsa de Turismo de Lisboa (BTL) \u00e9 um dos principais eventos de turismo com crescente import\u00e2ncia tamb\u00e9m no panorama internacional. O Brasil contar\u00e1 com diversos representantes na feira, entre eles, a cidade de S\u00e3o Paulo, e de Aracaju (SE). S\u00e3o esperadas mais de 3 mil reuni\u00f5es one-to-one, entre os 200 mercados emissores e os 350 expositores participantes desta edi\u00e7\u00e3o. A ITB Berlim (Internationale Tourismus-B\u00f6rse Berlin) \u00e9 a maior feira de turismo do mundo, realizada h\u00e1 mais de 50 anos. Participam do evento hot\u00e9is, ag\u00eancias de turismo, operadores tur\u00edsticos, fornecedores de sistemas, companhias a\u00e9reas e locadoras de ve\u00edculos. Na edi\u00e7\u00e3o de 2023, a feira contabilizou 5.500 expositores de 161 pa\u00edses e 24 mil visitantes.&nbsp;<\/em><\/p>\n\n\n\n<p><strong><em>Sobre a Mercado SP SPE S.A<\/em><\/strong><strong><em><br><\/em><\/strong><em>Desde 2021, a Mercado SP SPE S.A &#8211; Mercado SP \u00e9 a concession\u00e1ria respons\u00e1vel pela administra\u00e7\u00e3o do Mercado Municipal Paulistano (Mercad\u00e3o) e do Mercado Kinjo Yamato pelo prazo de 25 anos. A concess\u00e3o envolve a opera\u00e7\u00e3o, manuten\u00e7\u00e3o, reforma, restauro e explora\u00e7\u00e3o de ambos os mercados, com a miss\u00e3o de revitalizar os espa\u00e7os, os mais importantes pontos tur\u00edsticos da cidade de S\u00e3o Paulo, oferecendo uma experi\u00eancia \u00fanica em gastronomia, cultura e hist\u00f3ria, a partir de uma gest\u00e3o eficiente, transparente, inovadora e \u00e9tica, com resultados sustent\u00e1veis.&nbsp;&nbsp;<\/em><strong><em>Sobre o Mercado Municipal Paulistano (Mercad\u00e3o)<\/em><\/strong><strong><em><br><\/em><\/strong><em>Inaugurado em 25 de janeiro de 1933, dia e m\u00eas do anivers\u00e1rio da cidade de S\u00e3o Paulo, o Mercado Municipal Paulistano foi projetado pelo arquiteto Felisberto Ranzini, do escrit\u00f3rio de arquitetura de Ramos de Azevedo e se tornou um dos principais pontos tur\u00edsticos da cidade e um entreposto comercial importante para o centro hist\u00f3rico expandido da capital paulista, que atrai visitantes do Brasil e do mundo. Em 2004, o pr\u00e9dio foi tombado pelo patrim\u00f4nio hist\u00f3rico. Desde 2021 sob concess\u00e3o da Mercado SP SPE, o objetivo \u00e9 tornar o Mercad\u00e3o a maior experi\u00eancia gastron\u00f4mica do mundo.&nbsp; <\/em><em><br><\/em><em> <\/em><em><br><\/em><strong><em>Sobre o Mercado Municipal Kinjo Yamato<\/em><\/strong><em>&nbsp; <\/em><em><br><\/em><em>Inaugurado em 1936, quando ainda era chamado de Mercado Municipal da Cantareira, passou a se chamar Kinjo Yamato em homenagem a um dos pioneiros da imigra\u00e7\u00e3o japonesa no Brasil, na celebra\u00e7\u00e3o dos 80 anos da chegada dos nip\u00f4nicos ao pa\u00eds, em 1988. Desde setembro de 2021 sob concess\u00e3o da Mercado SP SPE, o objetivo \u00e9 reapresentar o Kinjo Yamato, o hortifruti mais charmoso da cidade. Localizado no centro hist\u00f3rico expandido de S\u00e3o Paulo, o Kinjo Yamato \u00e9 um dos primeiros mercados p\u00fablicos da cidade, concebido como um espa\u00e7o especializado em hortifruti, inicialmente a c\u00e9u aberto. Ainda nos anos 1930, recebeu, como doa\u00e7\u00e3o, uma cobertura met\u00e1lica vinda da Esc\u00f3cia que seria utilizada em uma esta\u00e7\u00e3o de trem do Anhangaba\u00fa. A cobertura foi tombada pelo patrim\u00f4nio hist\u00f3rico.&nbsp;<\/em><\/p>\n","protected":false},"excerpt":{"rendered":"<p>O \u00edcone da capital paulista representar\u00e1 o Brasil na Bolsa Turismo de Lisboa &#8211; Travel Market e na ITB, em Berlim O Mercado Municipal Paulistano \u2013 o Mercad\u00e3o &#8211; representar\u00e1 a cidade de S\u00e3o Paulo em duas feiras de turismo internacionais: na 34\u00aa edi\u00e7\u00e3o da Feira Bolsa de Turismo de Lisboa (BTL) \u2013 Travel Market, [&hellip;]<\/p>\n","protected":false},"author":2,"featured_media":800,"comment_status":"open","ping_status":"open","sticky":false,"template":"","format":"standard","meta":{"footnotes":""},"categories":[1],"tags":[],"class_list":{"0":"post-798","1":"post","2":"type-post","3":"status-publish","4":"format-standard","5":"has-post-thumbnail","7":"category-workshopsepalestras"},"_links":{"self":[{"href":"https:\/\/tveventos.tv.br\/index.php?rest_route=\/wp\/v2\/posts\/798","targetHints":{"allow":["GET"]}}],"collection":[{"href":"https:\/\/tveventos.tv.br\/index.php?rest_route=\/wp\/v2\/posts"}],"about":[{"href":"https:\/\/tveventos.tv.br\/index.php?rest_route=\/wp\/v2\/types\/post"}],"author":[{"embeddable":true,"href":"https:\/\/tveventos.tv.br\/index.php?rest_route=\/wp\/v2\/users\/2"}],"replies":[{"embeddable":true,"href":"https:\/\/tveventos.tv.br\/index.php?rest_route=%2Fwp%2Fv2%2Fcomments&post=798"}],"version-history":[{"count":1,"href":"https:\/\/tveventos.tv.br\/index.php?rest_route=\/wp\/v2\/posts\/798\/revisions"}],"predecessor-version":[{"id":801,"href":"https:\/\/tveventos.tv.br\/index.php?rest_route=\/wp\/v2\/posts\/798\/revisions\/801"}],"wp:featuredmedia":[{"embeddable":true,"href":"https:\/\/tveventos.tv.br\/index.php?rest_route=\/wp\/v2\/media\/800"}],"wp:attachment":[{"href":"https:\/\/tveventos.tv.br\/index.php?rest_route=%2Fwp%2Fv2%2Fmedia&parent=798"}],"wp:term":[{"taxonomy":"category","embeddable":true,"href":"https:\/\/tveventos.tv.br\/index.php?rest_route=%2Fwp%2Fv2%2Fcategories&post=798"},{"taxonomy":"post_tag","embeddable":true,"href":"https:\/\/tveventos.tv.br\/index.php?rest_route=%2Fwp%2Fv2%2Ftags&post=798"}],"curies":[{"name":"wp","href":"https:\/\/api.w.org\/{rel}","templated":true}]}}