{"id":803,"date":"2024-02-28T16:18:46","date_gmt":"2024-02-28T19:18:46","guid":{"rendered":"https:\/\/tveventos.tv.br\/?p=803"},"modified":"2024-02-28T16:18:49","modified_gmt":"2024-02-28T19:18:49","slug":"intermodal-south-america-2024","status":"publish","type":"post","link":"https:\/\/tveventos.tv.br\/?p=803","title":{"rendered":"\u00a0INTERMODAL SOUTH AMERICA 2024"},"content":{"rendered":"\n<p class=\"has-text-align-center\">O maior e mais completo evento de Log\u00edstica<\/p>\n\n\n\n<p>Participe do maior e mais completo evento dos modais terrestre, a\u00e9reo, mar\u00edtimo e ferrovi\u00e1rio das Am\u00e9ricas! O \u00fanico evento que traz solu\u00e7\u00f5es variadas para todos os elos da cadeia log\u00edstica, de ponta-a-ponta.<\/p>\n\n\n\n<p>Junte-se a n\u00f3s, nos dias \u00a05 a 7 de mar\u00e7o das 13h \u00e0s 21h, no prestigiado S\u00c2O PAULO EXPO.<\/p>\n\n\n\n<p>Rod. dos Imigrantes KM 1,5 &#8211; \u00c1gua Funda<\/p>\n\n\n\n<p>As vans gratuitas iniciam as atividades\u00a0<strong>30 minutos antes do in\u00edcio da feira<\/strong>\u00a0e encerram sua opera\u00e7\u00e3o\u00a0<strong>30 minutos ap\u00f3s o t\u00e9rmino do evento<\/strong>. FIQUE ATENTO!<\/p>\n","protected":false},"excerpt":{"rendered":"<p>O maior e mais completo evento de Log\u00edstica Participe do maior e mais completo evento dos modais terrestre, a\u00e9reo, mar\u00edtimo e ferrovi\u00e1rio das Am\u00e9ricas! O \u00fanico evento que traz solu\u00e7\u00f5es variadas para todos os elos da cadeia log\u00edstica, de ponta-a-ponta. Junte-se a n\u00f3s, nos dias \u00a05 a 7 de mar\u00e7o das 13h \u00e0s 21h, no [&hellip;]<\/p>\n","protected":false},"author":2,"featured_media":804,"comment_status":"open","ping_status":"open","sticky":false,"template":"","format":"standard","meta":{"footnotes":""},"categories":[25],"tags":[],"class_list":{"0":"post-803","1":"post","2":"type-post","3":"status-publish","4":"format-standard","5":"has-post-thumbnail","7":"category-calendariodeeventos"},"_links":{"self":[{"href":"https:\/\/tveventos.tv.br\/index.php?rest_route=\/wp\/v2\/posts\/803","targetHints":{"allow":["GET"]}}],"collection":[{"href":"https:\/\/tveventos.tv.br\/index.php?rest_route=\/wp\/v2\/posts"}],"about":[{"href":"https:\/\/tveventos.tv.br\/index.php?rest_route=\/wp\/v2\/types\/post"}],"author":[{"embeddable":true,"href":"https:\/\/tveventos.tv.br\/index.php?rest_route=\/wp\/v2\/users\/2"}],"replies":[{"embeddable":true,"href":"https:\/\/tveventos.tv.br\/index.php?rest_route=%2Fwp%2Fv2%2Fcomments&post=803"}],"version-history":[{"count":1,"href":"https:\/\/tveventos.tv.br\/index.php?rest_route=\/wp\/v2\/posts\/803\/revisions"}],"predecessor-version":[{"id":805,"href":"https:\/\/tveventos.tv.br\/index.php?rest_route=\/wp\/v2\/posts\/803\/revisions\/805"}],"wp:featuredmedia":[{"embeddable":true,"href":"https:\/\/tveventos.tv.br\/index.php?rest_route=\/wp\/v2\/media\/804"}],"wp:attachment":[{"href":"https:\/\/tveventos.tv.br\/index.php?rest_route=%2Fwp%2Fv2%2Fmedia&parent=803"}],"wp:term":[{"taxonomy":"category","embeddable":true,"href":"https:\/\/tveventos.tv.br\/index.php?rest_route=%2Fwp%2Fv2%2Fcategories&post=803"},{"taxonomy":"post_tag","embeddable":true,"href":"https:\/\/tveventos.tv.br\/index.php?rest_route=%2Fwp%2Fv2%2Ftags&post=803"}],"curies":[{"name":"wp","href":"https:\/\/api.w.org\/{rel}","templated":true}]}}