{"id":806,"date":"2024-02-28T16:24:56","date_gmt":"2024-02-28T19:24:56","guid":{"rendered":"https:\/\/tveventos.tv.br\/?p=806"},"modified":"2024-02-28T16:25:00","modified_gmt":"2024-02-28T19:25:00","slug":"xiii-salao-nacional-e-internacional-das-motopecas","status":"publish","type":"post","link":"https:\/\/tveventos.tv.br\/?p=806","title":{"rendered":"\u00a0XIII Sal\u00e3o Nacional e Internacional das Motope\u00e7as\u00a0"},"content":{"rendered":"\n<p>O\u00a0<strong>Sal\u00e3o das Motope\u00e7as<\/strong>\u00a0transforma o mercado ao promover o desenvolvimento econ\u00f4mico do setor e a fomenta\u00e7\u00e3o de neg\u00f3cios, re\u00fane marcas importantes e atrai compradores do Brasil e do mundo, sendo um importante elo colaborativo de neg\u00f3cios na cadeia produtiva das motope\u00e7as, acess\u00f3rios e do universo de duas rodas.<\/p>\n\n\n\n<p>Junte-se a n\u00f3s, nos dias \u00a06 a 9 de mar\u00e7o das 15h \u00e0s 21h30, no prestigiado EXPO CENTER NORTE-\u00a0Pavilh\u00e3o Vermelho.<\/p>\n\n\n\n<p>Rua Jos\u00e9 Bernardo Pinto, 333 &#8211; Vila Guilherme &#8211; S\u00e3o Paulo &#8211; SP &#8211; 02055-000.<\/p>\n\n\n\n<p>Durante os dias do evento teremos dispon\u00edveis em pontos estrat\u00e9gicos da cidade de S\u00e3o Paulo, transporte para o&nbsp;<strong>Sal\u00e3o das Motope\u00e7as<\/strong>.<\/p>\n\n\n\n<h3 class=\"wp-block-heading\">HOR\u00c1RIOS E ENDERE\u00c7OS DE SA\u00cdDA DAS VANS<\/h3>\n\n\n\n<p>Sa\u00edda:<strong>&nbsp;Largo do Arouche, 150 em frente aos hot\u00e9is San Rafael e San Michel<\/strong><br>Hor\u00e1rios previstos de sa\u00edda: 14h \u2013 15h \u2013 16h \u2013 17h \u2013 18h \u2013 19h \u2013 20h<\/p>\n\n\n\n<p>Sa\u00edda:<strong>&nbsp;Metro Tiet\u00ea \u2013 r. Marechal Odylio Denys esquina com a r. Volunt\u00e1rios da P\u00e1tria<br><\/strong>Hor\u00e1rios previstos de sa\u00edda: a cada 30 minutos, das 14h30 \u00e0s 21h<\/p>\n\n\n\n<p>Obs.: As vans somente transportar\u00e3o passageiros que forem ao&nbsp;<strong>XIII Sal\u00e3o das Motope\u00e7as<\/strong>. Durante o itiner\u00e1rio n\u00e3o est\u00e3o autorizados a embarcar e\/ou desembarcar passageiros fora dos locais de embarque e desembarque.<\/p>\n","protected":false},"excerpt":{"rendered":"<p>O\u00a0Sal\u00e3o das Motope\u00e7as\u00a0transforma o mercado ao promover o desenvolvimento econ\u00f4mico do setor e a fomenta\u00e7\u00e3o de neg\u00f3cios, re\u00fane marcas importantes e atrai compradores do Brasil e do mundo, sendo um importante elo colaborativo de neg\u00f3cios na cadeia produtiva das motope\u00e7as, acess\u00f3rios e do universo de duas rodas. Junte-se a n\u00f3s, nos dias \u00a06 a 9 [&hellip;]<\/p>\n","protected":false},"author":2,"featured_media":807,"comment_status":"open","ping_status":"open","sticky":false,"template":"","format":"standard","meta":{"footnotes":""},"categories":[25],"tags":[],"class_list":{"0":"post-806","1":"post","2":"type-post","3":"status-publish","4":"format-standard","5":"has-post-thumbnail","7":"category-calendariodeeventos"},"_links":{"self":[{"href":"https:\/\/tveventos.tv.br\/index.php?rest_route=\/wp\/v2\/posts\/806","targetHints":{"allow":["GET"]}}],"collection":[{"href":"https:\/\/tveventos.tv.br\/index.php?rest_route=\/wp\/v2\/posts"}],"about":[{"href":"https:\/\/tveventos.tv.br\/index.php?rest_route=\/wp\/v2\/types\/post"}],"author":[{"embeddable":true,"href":"https:\/\/tveventos.tv.br\/index.php?rest_route=\/wp\/v2\/users\/2"}],"replies":[{"embeddable":true,"href":"https:\/\/tveventos.tv.br\/index.php?rest_route=%2Fwp%2Fv2%2Fcomments&post=806"}],"version-history":[{"count":1,"href":"https:\/\/tveventos.tv.br\/index.php?rest_route=\/wp\/v2\/posts\/806\/revisions"}],"predecessor-version":[{"id":808,"href":"https:\/\/tveventos.tv.br\/index.php?rest_route=\/wp\/v2\/posts\/806\/revisions\/808"}],"wp:featuredmedia":[{"embeddable":true,"href":"https:\/\/tveventos.tv.br\/index.php?rest_route=\/wp\/v2\/media\/807"}],"wp:attachment":[{"href":"https:\/\/tveventos.tv.br\/index.php?rest_route=%2Fwp%2Fv2%2Fmedia&parent=806"}],"wp:term":[{"taxonomy":"category","embeddable":true,"href":"https:\/\/tveventos.tv.br\/index.php?rest_route=%2Fwp%2Fv2%2Fcategories&post=806"},{"taxonomy":"post_tag","embeddable":true,"href":"https:\/\/tveventos.tv.br\/index.php?rest_route=%2Fwp%2Fv2%2Ftags&post=806"}],"curies":[{"name":"wp","href":"https:\/\/api.w.org\/{rel}","templated":true}]}}