{"id":809,"date":"2024-02-28T16:33:34","date_gmt":"2024-02-28T19:33:34","guid":{"rendered":"https:\/\/tveventos.tv.br\/?p=809"},"modified":"2024-02-28T16:33:38","modified_gmt":"2024-02-28T19:33:38","slug":"abradilan-conexao-farma","status":"publish","type":"post","link":"https:\/\/tveventos.tv.br\/?p=809","title":{"rendered":"\u00a0ABRADILAN CONEX\u00c3O FARMA"},"content":{"rendered":"\n<p>a maioria varejistas, o evento oferece acesso a lan\u00e7amentos, neg\u00f3cios, conte\u00fado rico e networking com os melhores fornecedores do mercado farmac\u00eautico.<\/p>\n\n\n\n<p>Junte-se a n\u00f3s, nos dias 12 a 14 de mar\u00e7o das 14h \u00e0s 21h, no prestigiado EXPO CENTER NORTE.<\/p>\n\n\n\n<p>Rua Jos\u00e9 Bernardo Pinto, 333, Vila Guilherme.<\/p>\n","protected":false},"excerpt":{"rendered":"<p>a maioria varejistas, o evento oferece acesso a lan\u00e7amentos, neg\u00f3cios, conte\u00fado rico e networking com os melhores fornecedores do mercado farmac\u00eautico. Junte-se a n\u00f3s, nos dias 12 a 14 de mar\u00e7o das 14h \u00e0s 21h, no prestigiado EXPO CENTER NORTE. Rua Jos\u00e9 Bernardo Pinto, 333, Vila Guilherme.<\/p>\n","protected":false},"author":2,"featured_media":811,"comment_status":"open","ping_status":"open","sticky":false,"template":"","format":"standard","meta":{"footnotes":""},"categories":[25],"tags":[],"class_list":{"0":"post-809","1":"post","2":"type-post","3":"status-publish","4":"format-standard","5":"has-post-thumbnail","7":"category-calendariodeeventos"},"_links":{"self":[{"href":"https:\/\/tveventos.tv.br\/index.php?rest_route=\/wp\/v2\/posts\/809","targetHints":{"allow":["GET"]}}],"collection":[{"href":"https:\/\/tveventos.tv.br\/index.php?rest_route=\/wp\/v2\/posts"}],"about":[{"href":"https:\/\/tveventos.tv.br\/index.php?rest_route=\/wp\/v2\/types\/post"}],"author":[{"embeddable":true,"href":"https:\/\/tveventos.tv.br\/index.php?rest_route=\/wp\/v2\/users\/2"}],"replies":[{"embeddable":true,"href":"https:\/\/tveventos.tv.br\/index.php?rest_route=%2Fwp%2Fv2%2Fcomments&post=809"}],"version-history":[{"count":1,"href":"https:\/\/tveventos.tv.br\/index.php?rest_route=\/wp\/v2\/posts\/809\/revisions"}],"predecessor-version":[{"id":812,"href":"https:\/\/tveventos.tv.br\/index.php?rest_route=\/wp\/v2\/posts\/809\/revisions\/812"}],"wp:featuredmedia":[{"embeddable":true,"href":"https:\/\/tveventos.tv.br\/index.php?rest_route=\/wp\/v2\/media\/811"}],"wp:attachment":[{"href":"https:\/\/tveventos.tv.br\/index.php?rest_route=%2Fwp%2Fv2%2Fmedia&parent=809"}],"wp:term":[{"taxonomy":"category","embeddable":true,"href":"https:\/\/tveventos.tv.br\/index.php?rest_route=%2Fwp%2Fv2%2Fcategories&post=809"},{"taxonomy":"post_tag","embeddable":true,"href":"https:\/\/tveventos.tv.br\/index.php?rest_route=%2Fwp%2Fv2%2Ftags&post=809"}],"curies":[{"name":"wp","href":"https:\/\/api.w.org\/{rel}","templated":true}]}}