{"id":819,"date":"2024-03-01T15:56:10","date_gmt":"2024-03-01T18:56:10","guid":{"rendered":"https:\/\/tveventos.tv.br\/?p=819"},"modified":"2024-03-01T15:56:14","modified_gmt":"2024-03-01T18:56:14","slug":"fin-brasil-2024-promove-oportunidade-para-o-agronegocios","status":"publish","type":"post","link":"https:\/\/tveventos.tv.br\/?p=819","title":{"rendered":"FIN Brasil 2024 promove oportunidade para o agroneg\u00f3cios"},"content":{"rendered":"\n<p><em>Setor representa quase 25% do PIB Nacional e ser\u00e1 uma das frentes de neg\u00f3cios abordadas durante a 3\u00aa edi\u00e7\u00e3o da Feira Internacional de Neg\u00f3cios e Cultura&nbsp;&nbsp;&nbsp;<\/em><\/p>\n\n\n\n<p>O agroneg\u00f3cio \u00e9 um dos setores que mais movimenta a economia brasileira. Em Santa Catarina, o setor tem sido um grande impulsionador para a economia local. De acordo com um levantamento do Centro de Socioeconomia e Planejamento Agr\u00edcola (Epagri\/Cepa), o VPA (Valor Patrimonial por A\u00e7\u00e3o) catarinense de 2022 chegou a R$61,4 bilh\u00f5es, o que representa um crescimento de 13,9% em rela\u00e7\u00e3o ao ano anterior. J\u00e1 as exporta\u00e7\u00f5es foram respons\u00e1veis por movimentar US$7,5 bilh\u00f5es, 8,5% a mais do que em 2021.<\/p>\n\n\n\n<p>Para destacar as oportunidades no setor de agroneg\u00f3cio em Santa Catarina, a FIN Brasil 2024, uma feira multissetorial internacional, ter\u00e1 o suporte da FECOAGRO &#8211; Federa\u00e7\u00e3o das Cooperativas Agropecu\u00e1rias do Estado de Santa Catarina. Durante o evento, que ocorrer\u00e1 nos dias 3 e 4 de abril em Florian\u00f3polis, as cooperativas afiliadas ter\u00e3o acesso ao estande da FECOAGRO para exibir seus produtos para exporta\u00e7\u00e3o, manifestar interesse em importa\u00e7\u00e3o e interagir com os participantes.<\/p>\n\n\n\n<p>\u201cA Fecoagro, que \u00e9 a Federa\u00e7\u00e3o das Cooperativas Agropecu\u00e1rias de Santa Catarina, reconhece a relev\u00e2ncia da feira multissetorial em Santa Catarina, pela pujan\u00e7a e diversidade de produtos que o estado produz. O cooperativismo agropecu\u00e1rio catarinense se destaca por sua efici\u00eancia na produ\u00e7\u00e3o, exportando produtos de alta qualidade para diversos pa\u00edses. Por outro lado, tamb\u00e9m, carece de insumos e tecnologias que s\u00e3o importados.A participa\u00e7\u00e3o na feira possibilita \u00e0 Fecoagro e suas cooperativas, impulsionarem neg\u00f3cios tanto para exporta\u00e7\u00e3o quanto importa\u00e7\u00e3o, consolidando um ambiente prop\u00edcio \u00e0 prospec\u00e7\u00e3o de neg\u00f3cios e ao fortalecimento do setor\u201d, explica Arno Pandolfo, presidente da FECOAGRO.<\/p>\n\n\n\n<p>O evento reunir\u00e1 aproximadamente de 300 expositores de pequeno, m\u00e9dio e grande porte e contar\u00e1 com a presen\u00e7a das entidades de classe, representantes de diversos pa\u00edses, al\u00e9m de empresas brasileiras interessadas em iniciar o processo de internacionaliza\u00e7\u00e3o de seus neg\u00f3cios, com uma&nbsp;rodada pr\u00f3pria, sendo uma delas com foco espec\u00edfico para&nbsp;o setor Agro.&nbsp;&nbsp;<\/p>\n\n\n\n<p>A Feira Internacional de Neg\u00f3cios e Cultura contar\u00e1 com 10 verticais de neg\u00f3cios e uma trilha por \u00e1rea, sendo elas: agroneg\u00f3cios,&nbsp;constru\u00e7\u00e3o civil, educa\u00e7\u00e3o, energias, log\u00edstica, smart cities, sa\u00fade, tecnologia, t\u00eaxtil e turismo. Investidores, empresas e autoridades internacionais estar\u00e3o presentes no evento que reunir\u00e1 cerca de 5 mil pessoas.&nbsp;<\/p>\n\n\n\n<p>Com a realiza\u00e7\u00e3o da C\u00e2mara de Com\u00e9rcio Brasil \u2013 Portugal\/SC, Federa\u00e7\u00e3o das C\u00e2maras Portuguesas de Com\u00e9rcio no Brasil, a FIN Brasil 2024 tem como correalizadores a Prefeitura Municipal de Florian\u00f3polis e o SEBRAE\/SC.<\/p>\n\n\n\n<p><strong>Servi\u00e7o:<\/strong><\/p>\n\n\n\n<p><strong>FIN Brasil 2024 | Feira Internacional de Neg\u00f3cios e Cultura&nbsp;<\/strong><\/p>\n\n\n\n<p><strong>Dias 3 e 4 de abril de 2024<\/strong><\/p>\n\n\n\n<p><strong>Centrosul \u2013 Florian\u00f3polis-SC<\/strong><\/p>\n\n\n\n<p><strong>Para maiores informa\u00e7\u00f5es, acesse o site do evento:<\/strong><a href=\"https:\/\/finbrasil.com.br\/\" target=\"_blank\" rel=\"noreferrer noopener\">&nbsp;<strong>https:\/\/finbrasil.com.br\/<\/strong><\/a><\/p>\n","protected":false},"excerpt":{"rendered":"<p>Setor representa quase 25% do PIB Nacional e ser\u00e1 uma das frentes de neg\u00f3cios abordadas durante a 3\u00aa edi\u00e7\u00e3o da Feira Internacional de Neg\u00f3cios e Cultura&nbsp;&nbsp;&nbsp; O agroneg\u00f3cio \u00e9 um dos setores que mais movimenta a economia brasileira. Em Santa Catarina, o setor tem sido um grande impulsionador para a economia local. De acordo com [&hellip;]<\/p>\n","protected":false},"author":2,"featured_media":820,"comment_status":"open","ping_status":"open","sticky":false,"template":"","format":"standard","meta":{"footnotes":""},"categories":[1],"tags":[],"class_list":{"0":"post-819","1":"post","2":"type-post","3":"status-publish","4":"format-standard","5":"has-post-thumbnail","7":"category-workshopsepalestras"},"_links":{"self":[{"href":"https:\/\/tveventos.tv.br\/index.php?rest_route=\/wp\/v2\/posts\/819","targetHints":{"allow":["GET"]}}],"collection":[{"href":"https:\/\/tveventos.tv.br\/index.php?rest_route=\/wp\/v2\/posts"}],"about":[{"href":"https:\/\/tveventos.tv.br\/index.php?rest_route=\/wp\/v2\/types\/post"}],"author":[{"embeddable":true,"href":"https:\/\/tveventos.tv.br\/index.php?rest_route=\/wp\/v2\/users\/2"}],"replies":[{"embeddable":true,"href":"https:\/\/tveventos.tv.br\/index.php?rest_route=%2Fwp%2Fv2%2Fcomments&post=819"}],"version-history":[{"count":1,"href":"https:\/\/tveventos.tv.br\/index.php?rest_route=\/wp\/v2\/posts\/819\/revisions"}],"predecessor-version":[{"id":821,"href":"https:\/\/tveventos.tv.br\/index.php?rest_route=\/wp\/v2\/posts\/819\/revisions\/821"}],"wp:featuredmedia":[{"embeddable":true,"href":"https:\/\/tveventos.tv.br\/index.php?rest_route=\/wp\/v2\/media\/820"}],"wp:attachment":[{"href":"https:\/\/tveventos.tv.br\/index.php?rest_route=%2Fwp%2Fv2%2Fmedia&parent=819"}],"wp:term":[{"taxonomy":"category","embeddable":true,"href":"https:\/\/tveventos.tv.br\/index.php?rest_route=%2Fwp%2Fv2%2Fcategories&post=819"},{"taxonomy":"post_tag","embeddable":true,"href":"https:\/\/tveventos.tv.br\/index.php?rest_route=%2Fwp%2Fv2%2Ftags&post=819"}],"curies":[{"name":"wp","href":"https:\/\/api.w.org\/{rel}","templated":true}]}}