{"id":823,"date":"2024-03-01T16:01:26","date_gmt":"2024-03-01T19:01:26","guid":{"rendered":"https:\/\/tveventos.tv.br\/?p=823"},"modified":"2024-03-01T16:01:29","modified_gmt":"2024-03-01T19:01:29","slug":"digitalks-abre-a-temporada-2024-com-evento-sobre-ads-digital-marketing-e-evento-em-lisboa","status":"publish","type":"post","link":"https:\/\/tveventos.tv.br\/?p=823","title":{"rendered":"Digitalks abre a temporada 2024 com evento sobre Ads &#038; Digital Marketing e evento em Lisboa"},"content":{"rendered":"\n<p class=\"has-text-align-center\"><em>Agenda de exposi\u00e7\u00f5es da empresa inicia em mar\u00e7o reunindo profissionais de diversos setores para debater sobre inova\u00e7\u00e3o digital e marketing no Brasil e na Europa<\/em><\/p>\n\n\n\n<p>A temporada de eventos do Digitalks 2024 est\u00e1 aberta. A maior plataforma de neg\u00f3cios do setor digital e da nova economia come\u00e7a o ano com dois eventos: o Digitalks Ads e Digital Marketing, no dia 06 de mar\u00e7o, no Cubo Ita\u00fa, em S\u00e3o Paulo, e o Digitalks Lisboa, nos dias 20 e 21 de mar\u00e7o. Nomes como Carolina Riotto, diretora de Marketing da Divis\u00e3o de Alimentos da Unilever; Guta Tolmasquim, CEO do Purple Metrics; Juliana Randmer, gerente de Marketing&nbsp; Sr da Piraqu\u00ea; In\u00eas Besugo, respons\u00e1vel de Marketing da Hussel &#8211; Jer\u00f3nimo Martins; M\u00f3nica Sousa, Country Marketing Manager do IKEA; e Pedro Martinho, Digital Marketing Experts Lead da Nestl\u00e9 s\u00e3o alguns dos nomes que marcar\u00e3o presen\u00e7a nos eventos.<\/p>\n\n\n\n<p>\u201cPara n\u00f3s, \u00e9 imprescind\u00edvel estarmos alinhados com as necessidades e dores do mercado. Acreditamos que a promo\u00e7\u00e3o de eventos nestas dimens\u00f5es, al\u00e9m de ajudar no networking de profissionais e empresas, impulsiona o crescimento e a educa\u00e7\u00e3o do setor\u201d, afirma Flavio Horta, CEO do Digitalks.<\/p>\n\n\n\n<p>H\u00e1 dois anos, o Digitalks consolidou um palco que se tornou o favorito de muitos participantes: o Ads &amp; Digital Marketing. Este espa\u00e7o tornou-se um ponto de encontro obrigat\u00f3rio para aqueles que buscam absorver todo o conhecimento compartilhado por executivos e l\u00edderes do setor. Em fun\u00e7\u00e3o disso, para marcar o in\u00edcio da temporada de eventos deste ano, o assunto recebeu um destaque especial e se transformou no \u201cDigitalks Ads &amp; Digital Marketing\u201d. Evento que visa oferecer ao p\u00fablico uma oportunidade \u00fanica para aprofundar seus conhecimentos sobre inova\u00e7\u00f5es, estrat\u00e9gias e tend\u00eancias no universo da publicidade e do marketing digital.&nbsp;<\/p>\n\n\n\n<p>Carolina Riotto, da Unilever, Juliana Randmer, da Piraqu\u00ea, Guta Tolmasquim, do Purple Metrics, e Leonardo Bagarolo, criador de conte\u00fado, s\u00e3o alguns dos nomes confirmados para palestrar no dia. Voc\u00ea pode conferir a lista completa clicando&nbsp;<a href=\"https:\/\/digitalks.com.br\/agenda\/digitalks-ads-digital-marketing\/\" target=\"_blank\" rel=\"noreferrer noopener\">aqui<\/a><\/p>\n\n\n\n<p>Menos de 15 dias depois, o Digitalks desembarca em Portugal para a sexta edi\u00e7\u00e3o do&nbsp;<a href=\"https:\/\/digitalks.pt\/digitalks-lisboa\/\" target=\"_blank\" rel=\"noreferrer noopener\">Digitalks Lisboa<\/a>. Evento que acontecer\u00e1 nos dias 20 e 21 de mar\u00e7o e contar\u00e1 com mais de 500 executivos e profissionais presentes, 15 expositores, 60 palestrantes e 30 apresenta\u00e7\u00f5es. Executivos como Ana Alves, do Women In Tech, Pedro Martinho, da Nestl\u00e9, Margarida Silva, da FNAC, e M\u00f3nica Sousa, do IKEA, abordar\u00e3o temas atuais e relevantes como desenvolvimento do mercado digital, gera\u00e7\u00e3o de neg\u00f3cios e transforma\u00e7\u00e3o empresarial na nova economia.&nbsp;<\/p>\n\n\n\n<p>\u201cEm um mundo onde a tecnologia e o digital moldam cada vez mais os rumos dos neg\u00f3cios, poder realizar um evento na Europa \u00e9 uma \u00f3tima oportunidade para o desenvolvimento profissional, networking e atualiza\u00e7\u00f5es. Reunimos grandes nomes do mercado para compartilhar tend\u00eancias, insights do mercado digital e suas viv\u00eancias, pois assim conseguimos mostrar de forma pr\u00e1tica para o nosso p\u00fablico o que tem acontecido nesse universo e pode acontecer nos pr\u00f3ximos meses\u201d explica o empres\u00e1rio, que complementou dizendo, \u201cNeste ambiente din\u00e2mico e em constante evolu\u00e7\u00e3o, \u00e9 essencial que os profissionais estejam sempre um passo \u00e0 frente, familiarizados com as mais recentes inova\u00e7\u00f5es, estrat\u00e9gias e melhores pr\u00e1ticas\u201d complementa Horta.<\/p>\n\n\n\n<p><strong>Retomada para outras regi\u00f5es do Brasil e Digitalks Expo 2024<\/strong><\/p>\n\n\n\n<p>Neste ano, o Digitalks reinicia sua jornada pelos estados brasileiros trazendo consigo novos eventos e encontros imperd\u00edveis. Em abril, desembarca em Florian\u00f3polis. E em junho, na regi\u00e3o Nordeste. \u201cA retomada da presen\u00e7a nacional n\u00e3o apenas fortalece a marca, mas serve como incentivo para executivos de todo o pa\u00eds participarem e compartilharem suas experi\u00eancias e um aquecimento para o grande evento do ano, o Digitalks Expo 24\u201d, finaliza Horta.<\/p>\n\n\n\n<p>J\u00e1 no segundo semestre, nos dias 21 e 22 de agosto, no S\u00e3o Paulo Expo, acontece o principal evento de neg\u00f3cios do universo digital, o Digitalks Expo. Com a expectativa de receber 10 mil pessoas, a presen\u00e7a de 160 expositores e 17 audit\u00f3rios com mais de 460 palestrantes, a confer\u00eancia promove uma experi\u00eancia que faz os participantes mergulharem no universo digital mostrando as tend\u00eancias do mercado, insights de C-Levels de multinacionais e networking qualificado para quem quer gerar neg\u00f3cios. Para mais informa\u00e7\u00f5es sobre a participa\u00e7\u00e3o e as atra\u00e7\u00f5es do evento,&nbsp;<a href=\"https:\/\/digitalks.com.br\/expo\/\" target=\"_blank\" rel=\"noreferrer noopener\">acesse o site.<\/a><\/p>\n\n\n\n<p><strong>Sobre o Digitalks:<\/strong><\/p>\n\n\n\n<p>Atuando no Brasil e em Portugal, o Digitalks \u00e9 a principal empresa brasileira que leva conhecimento digital, inova\u00e7\u00e3o e oportunidades de neg\u00f3cios por meio de grandes eventos, f\u00f3runs, programa de tv online e mais de 50 atividades de conte\u00fado, preparando pessoas e transformando empresas para a nova economia em tempos de disrup\u00e7\u00e3o e de mercados exponenciais.<\/p>\n\n\n\n<p>Desde 2009, o Digitalks realiza grandes eventos em todo o Brasil, dissemina conte\u00fado em diversos canais de comunica\u00e7\u00e3o, capacita e conecta pessoas, incentivando a gera\u00e7\u00e3o de neg\u00f3cios no setor digital. O objetivo da empresa \u00e9 fomentar o desenvolvimento e o crescimento do setor digital.&nbsp;<\/p>\n\n\n\n<p>Mais informa\u00e7\u00f5es:&nbsp;<a href=\"https:\/\/digitalks.com.br\/\" target=\"_blank\" rel=\"noreferrer noopener\">https:\/\/digitalks.com.br\/<\/a><\/p>\n","protected":false},"excerpt":{"rendered":"<p>Agenda de exposi\u00e7\u00f5es da empresa inicia em mar\u00e7o reunindo profissionais de diversos setores para debater sobre inova\u00e7\u00e3o digital e marketing no Brasil e na Europa A temporada de eventos do Digitalks 2024 est\u00e1 aberta. A maior plataforma de neg\u00f3cios do setor digital e da nova economia come\u00e7a o ano com dois eventos: o Digitalks Ads [&hellip;]<\/p>\n","protected":false},"author":2,"featured_media":824,"comment_status":"open","ping_status":"open","sticky":false,"template":"","format":"standard","meta":{"footnotes":""},"categories":[1],"tags":[],"class_list":{"0":"post-823","1":"post","2":"type-post","3":"status-publish","4":"format-standard","5":"has-post-thumbnail","7":"category-workshopsepalestras"},"_links":{"self":[{"href":"https:\/\/tveventos.tv.br\/index.php?rest_route=\/wp\/v2\/posts\/823","targetHints":{"allow":["GET"]}}],"collection":[{"href":"https:\/\/tveventos.tv.br\/index.php?rest_route=\/wp\/v2\/posts"}],"about":[{"href":"https:\/\/tveventos.tv.br\/index.php?rest_route=\/wp\/v2\/types\/post"}],"author":[{"embeddable":true,"href":"https:\/\/tveventos.tv.br\/index.php?rest_route=\/wp\/v2\/users\/2"}],"replies":[{"embeddable":true,"href":"https:\/\/tveventos.tv.br\/index.php?rest_route=%2Fwp%2Fv2%2Fcomments&post=823"}],"version-history":[{"count":1,"href":"https:\/\/tveventos.tv.br\/index.php?rest_route=\/wp\/v2\/posts\/823\/revisions"}],"predecessor-version":[{"id":825,"href":"https:\/\/tveventos.tv.br\/index.php?rest_route=\/wp\/v2\/posts\/823\/revisions\/825"}],"wp:featuredmedia":[{"embeddable":true,"href":"https:\/\/tveventos.tv.br\/index.php?rest_route=\/wp\/v2\/media\/824"}],"wp:attachment":[{"href":"https:\/\/tveventos.tv.br\/index.php?rest_route=%2Fwp%2Fv2%2Fmedia&parent=823"}],"wp:term":[{"taxonomy":"category","embeddable":true,"href":"https:\/\/tveventos.tv.br\/index.php?rest_route=%2Fwp%2Fv2%2Fcategories&post=823"},{"taxonomy":"post_tag","embeddable":true,"href":"https:\/\/tveventos.tv.br\/index.php?rest_route=%2Fwp%2Fv2%2Ftags&post=823"}],"curies":[{"name":"wp","href":"https:\/\/api.w.org\/{rel}","templated":true}]}}