{"id":830,"date":"2024-03-01T16:15:11","date_gmt":"2024-03-01T19:15:11","guid":{"rendered":"https:\/\/tveventos.tv.br\/?p=830"},"modified":"2024-03-01T16:15:15","modified_gmt":"2024-03-01T19:15:15","slug":"abrin-2024-com-media-de-1-300-lancamentos-ano-industria-do-brinquedo-segue-encantando-para-crescer","status":"publish","type":"post","link":"https:\/\/tveventos.tv.br\/?p=830","title":{"rendered":"ABRIN 2024: COM M\u00c9DIA DE 1.300 LAN\u00c7AMENTOS\/ANO, IND\u00daSTRIA DO BRINQUEDO SEGUE ENCANTANDO PARA CRESCER"},"content":{"rendered":"\n<p class=\"has-text-align-center\"><em>Feira Abrin comemora 40 edi\u00e7\u00f5es e acontece entre 3 e 6 de mar\u00e7o, no Expo Center Norte; Ind\u00fastria do brinquedo fatura perto de R\uff04 9,5 bilh\u00f5es, com crescimento de 3,81%<\/em><\/p>\n\n\n\n<p>O crescimento da ind\u00fastria do brinquedo no Pa\u00eds vem se mantendo nos \u00faltimos anos, com a seguinte varia\u00e7\u00e3o: em 2020, registrou-se crescimento de 3,5% (R\uff04 7,5 bilh\u00f5es); 2021 foi um \u00f3timo ano com 14% a mais perante o ano anterior (R\uff04 8,6 bilh\u00f5es); 2022 registrou 6% de crescimento (R\uff04 9,1 bilh\u00f5es) e ano passado, 2023, o crescimento esteve na casa dos 3,81% (R\uff04 9,465 bilh\u00f5es). Syn\u00e9sio Costa, presidente da ABRINQ \u2013 Associa\u00e7\u00e3o Brasileira dos Fabricantes do Brinquedo, estima para 2024 um faturamento de mais 4%, em torno de R\uff04 9.8 bilh\u00f5es.<\/p>\n\n\n\n<p>De acordo com a estat\u00edstica anual da ABRINQ, o n\u00famero de empregos passou de 37.650 em 2022 para 40.131 no ano passado, que concentrou nos \u00faltimos cinco meses do ano 61% das vendas. A m\u00e9dia de lan\u00e7amentos da ind\u00fastria, que vive de novidades, foi de 1.300 brinquedos, com varia\u00e7\u00e3o de pre\u00e7o ao longo de 12 meses de 3,94.<\/p>\n\n\n\n<p>O levantamento da entidade mostra que o segmento de brinquedos classificados como rela\u00e7\u00f5es sociais ocupou a primeira posi\u00e7\u00e3o com 17% das vendas, seguido pelo desenvolvimento afetivo (15%), criatividade (13%), empatado com o t\u00e9cnico (13%), e primeira idade (11%).<\/p>\n\n\n\n<p>Brinquedos do tipo ve\u00edculos lideraram (carrinhos, motos, pistas), com 16,9%, vindo depois os esportivos (patins, patinete, triciclo), com 15%, jogos e bonecas ambos com 13,1% e reprodu\u00e7\u00e3o do mundo real com 11,1%. As vendas por estado mostram S\u00e3o Paulo atingindo 37,6% do mercado, vindos depois Santa Catarina (7,8%), Minas Gerais (7,1%), Paran\u00e1 (6,6%) e Rio de Janeiro (5,9%).<\/p>\n\n\n\n<p>A ABRINQ tem motivos suficientes para comemorar as 40 edi\u00e7\u00f5es da ABRIN, em cartaz de 3 a 6 de mar\u00e7o, das 10h \u00e0s 20h, no Expo Center Norte (Vila Guilherme\/SP). S\u00e3o cerca de 1.500 lan\u00e7amentos na feira, muitas novidades, tend\u00eancias reveladas e visita\u00e7\u00e3o esperada acima da registrada ano passado. Segundo o presidente da entidade, Syn\u00e9sio Costa, \u201cas vari\u00e1veis conspiram a nosso favor no Brasil. Se em 2010 vend\u00edamos cinco brinquedos per capita no Pa\u00eds, ano passado subimos para 11 brinquedos\u201d, explica.<\/p>\n\n\n<div class=\"wp-block-image\">\n<figure class=\"aligncenter size-full is-resized\"><img loading=\"lazy\" decoding=\"async\" width=\"750\" height=\"500\" src=\"https:\/\/tveventos.tv.br\/wp-content\/uploads\/2024\/03\/image.png\" alt=\"\" class=\"wp-image-831\" style=\"width:750px;height:auto\" srcset=\"https:\/\/tveventos.tv.br\/wp-content\/uploads\/2024\/03\/image.png 750w, https:\/\/tveventos.tv.br\/wp-content\/uploads\/2024\/03\/image-300x200.png 300w, https:\/\/tveventos.tv.br\/wp-content\/uploads\/2024\/03\/image-150x100.png 150w, https:\/\/tveventos.tv.br\/wp-content\/uploads\/2024\/03\/image-696x464.png 696w\" sizes=\"auto, (max-width: 750px) 100vw, 750px\" \/><\/figure>\n<\/div>\n\n\n<p>E, claro, a programa\u00e7\u00e3o da edi\u00e7\u00e3o 2024 oferece um pacote completo de conte\u00fado, inova\u00e7\u00e3o, tecnologias e tend\u00eancias de mercado, que se destaca pela diversidade de atividades:<\/p>\n\n\n\n<p><strong>Abrin Talks:&nbsp;<\/strong>Uma arena de conte\u00fado com especialistas compartilhando boas pr\u00e1ticas, experi\u00eancias e tend\u00eancias. Este ano, o foco ser\u00e1 no passado, presente e futuro da ind\u00fastria do brinquedo, explorando o mercado de Kidults e oferecendo ferramentas para preparar o setor para os desafios futuros. Voc\u00ea pode ver a programa\u00e7\u00e3o completa no site,&nbsp;<a href=\"https:\/\/s2403.imxsnd02.com\/link.php?code=bDpodHRwcyUzQSUyRiUyRmFicmluLmNvbS5iciUyRnByb2dyYW1hY2FvJTJGJTNGdXRtX3NvdXJjZSUzRGFzc2Vzc29yaWEtZGUtaW1wcmVuc2ElMjZ1dG1fbWVkaXVtJTNEYXNzZXNzb3JpYS1kZS1pbXByZW5zYSUyNnV0bV9jYW1wYWlnbiUzRGFzc2Vzc29yaWEtZGUtaW1wcmVuc2E6MjgzMDc3NzkwODpyZWRhY2FvdHZldmVudG9zQGd%0DtYWlsLmNvbTo1MzY0NTM6NzA=\" target=\"_blank\" rel=\"noreferrer noopener\">clicando aqui<\/a>.<\/p>\n\n\n\n<p><strong>Rodada de Neg\u00f3cios:<\/strong>&nbsp;Um espa\u00e7o dedicado para unir compradores e fornecedores, promovendo oportunidades de neg\u00f3cios e parcerias estrat\u00e9gicas. Em 2023 foram mais de 90 reuni\u00f5es realizadas, entre mais de 15 empresas compradoras e 50 fornecedores.<\/p>\n\n\n\n<p><strong>Game Show:<\/strong>&nbsp;O retorno de um espa\u00e7o interativo para lojistas experimentarem, na pr\u00e1tica, como encantar clientes com jogos de tabuleiro.<\/p>\n\n\n\n<p><strong>Spielwarenmesse Trends:<\/strong>&nbsp;Uma experi\u00eancia digital e imersiva, promovendo produtos e novidades da Spielwarenmesse de 2024, a maior feira internacional de brinquedos e jogos realizada em Nuremberg, Alemanha.<\/p>\n\n\n\n<p><strong>Exposi\u00e7\u00e3o ABRIN 40:<\/strong>&nbsp;Um espa\u00e7o comemorativo para celebrar e promover a hist\u00f3ria de parcerias, lan\u00e7amentos e grandes marcos vivenciados nas 40 edi\u00e7\u00f5es da feira.<\/p>\n\n\n\n<p>A&nbsp;<strong>ABRIN 2024<\/strong>&nbsp;refor\u00e7a seu compromisso em proporcionar um ambiente inclusivo e enriquecedor para todos os participantes, promovendo a troca de ideias e o fortalecimento da ind\u00fastria de brinquedos no Brasil.<\/p>\n\n\n\n<p><br><strong><u>SERVI\u00c7O<\/u><\/strong><br><a href=\"https:\/\/s2403.imxsnd02.com\/link.php?code=bDpodHRwcyUzQSUyRiUyRmFicmluLmNvbS5iciUyRiUzRnV0bV9zb3VyY2UlM0Rhc3Nlc3NvcmlhLWRlLWltcHJlbnNhJTI2dXRtX21lZGl1bSUzRGFzc2Vzc29yaWEtZGUtaW1wcmVuc2ElMjZ1dG1fY2FtcGFpZ24lM0Rhc3Nlc3NvcmlhLWRlLWltcHJlbnNhOjI4MzA3Nzc5MDg6cmVkYWNhb3R2ZXZlbnRvc0BnbWFpbC5jb206ODQ5MGI%0D5Ojcw\" target=\"_blank\" rel=\"noreferrer noopener\">ABRIN 2024 \u2013 40\u00aa Feira Internacional de Brinquedos<\/a>&nbsp;<\/p>\n\n\n\n<p><strong>Dias e hor\u00e1rios:&nbsp;<\/strong>De 03 a 05 de mar\u00e7o, das 10h \u00e0s 20h \/ 06 de mar\u00e7o, das 10h \u00e0s 18h.<\/p>\n\n\n\n<p><strong>Local: Expo Center Norte &#8211;&nbsp;<\/strong>Rua Jos\u00e9 Bernardo Pinto, 333, S\u00e3o Paulo \u2013 SP<\/p>\n\n\n\n<p>(Transporte gratuito partindo da Esta\u00e7\u00e3o Portuguesa\/Tiet\u00ea)<\/p>\n\n\n\n<p><br><strong>Site oficial ABRIN 2024 \u2013<\/strong>&nbsp;<a href=\"https:\/\/s2403.imxsnd02.com\/link.php?code=bDpodHRwcyUzQSUyRiUyRmFicmluLmNvbS5iciUyRiUzRnV0bV9zb3VyY2UlM0Rhc3Nlc3NvcmlhLWRlLWltcHJlbnNhJTI2dXRtX21lZGl1bSUzRGFzc2Vzc29yaWEtZGUtaW1wcmVuc2ElMjZ1dG1fY2FtcGFpZ24lM0Rhc3Nlc3NvcmlhLWRlLWltcHJlbnNhOjI4MzA3Nzc5MDg6cmVkYWNhb3R2ZXZlbnRvc0BnbWFpbC5jb206ODQ5MGI%0D5Ojcw\" target=\"_blank\" rel=\"noreferrer noopener\">clique aqui<\/a><\/p>\n\n\n\n<p><strong>P\u00e1gina oficial para credenciamento ABRIN 2024<\/strong>&nbsp;\u2013&nbsp;<a href=\"https:\/\/s2403.imxsnd02.com\/link.php?code=bDpodHRwcyUzQSUyRiUyRmFicmluLmNvbS5iciUyRmNyZWRlbmNpYW1lbnRvJTJGJTNGdXRtX3NvdXJjZSUzRGFzc2Vzc29yaWEtZGUtaW1wcmVuc2ElMjZ1dG1fbWVkaXVtJTNEYXNzZXNzb3JpYS1kZS1pbXByZW5zYSUyNnV0bV9jYW1wYWlnbiUzRGFzc2Vzc29yaWEtZGUtaW1wcmVuc2E6MjgzMDc3NzkwODpyZWRhY2FvdHZldmVudG9%0DzQGdtYWlsLmNvbTo1YzdjODI6NzA=\" target=\"_blank\" rel=\"noreferrer noopener\">clique aqui<\/a><\/p>\n\n\n\n<p><em><strong>Evento voltado para lojistas e profissionais do setor. N\u00e3o \u00e9 permitida a entrada de menores de 12 anos, mesmo acompanhados (exceto lactentes com at\u00e9 24 meses e influenciadores autorizados pela organiza\u00e7\u00e3o).<\/strong><\/em><\/p>\n","protected":false},"excerpt":{"rendered":"<p>Feira Abrin comemora 40 edi\u00e7\u00f5es e acontece entre 3 e 6 de mar\u00e7o, no Expo Center Norte; Ind\u00fastria do brinquedo fatura perto de R\uff04 9,5 bilh\u00f5es, com crescimento de 3,81% O crescimento da ind\u00fastria do brinquedo no Pa\u00eds vem se mantendo nos \u00faltimos anos, com a seguinte varia\u00e7\u00e3o: em 2020, registrou-se crescimento de 3,5% (R\uff04 [&hellip;]<\/p>\n","protected":false},"author":2,"featured_media":832,"comment_status":"open","ping_status":"open","sticky":false,"template":"","format":"standard","meta":{"footnotes":""},"categories":[23],"tags":[],"class_list":{"0":"post-830","1":"post","2":"type-post","3":"status-publish","4":"format-standard","5":"has-post-thumbnail","7":"category-feirasdenegocios"},"_links":{"self":[{"href":"https:\/\/tveventos.tv.br\/index.php?rest_route=\/wp\/v2\/posts\/830","targetHints":{"allow":["GET"]}}],"collection":[{"href":"https:\/\/tveventos.tv.br\/index.php?rest_route=\/wp\/v2\/posts"}],"about":[{"href":"https:\/\/tveventos.tv.br\/index.php?rest_route=\/wp\/v2\/types\/post"}],"author":[{"embeddable":true,"href":"https:\/\/tveventos.tv.br\/index.php?rest_route=\/wp\/v2\/users\/2"}],"replies":[{"embeddable":true,"href":"https:\/\/tveventos.tv.br\/index.php?rest_route=%2Fwp%2Fv2%2Fcomments&post=830"}],"version-history":[{"count":1,"href":"https:\/\/tveventos.tv.br\/index.php?rest_route=\/wp\/v2\/posts\/830\/revisions"}],"predecessor-version":[{"id":833,"href":"https:\/\/tveventos.tv.br\/index.php?rest_route=\/wp\/v2\/posts\/830\/revisions\/833"}],"wp:featuredmedia":[{"embeddable":true,"href":"https:\/\/tveventos.tv.br\/index.php?rest_route=\/wp\/v2\/media\/832"}],"wp:attachment":[{"href":"https:\/\/tveventos.tv.br\/index.php?rest_route=%2Fwp%2Fv2%2Fmedia&parent=830"}],"wp:term":[{"taxonomy":"category","embeddable":true,"href":"https:\/\/tveventos.tv.br\/index.php?rest_route=%2Fwp%2Fv2%2Fcategories&post=830"},{"taxonomy":"post_tag","embeddable":true,"href":"https:\/\/tveventos.tv.br\/index.php?rest_route=%2Fwp%2Fv2%2Ftags&post=830"}],"curies":[{"name":"wp","href":"https:\/\/api.w.org\/{rel}","templated":true}]}}