{"id":834,"date":"2024-03-04T14:01:56","date_gmt":"2024-03-04T17:01:56","guid":{"rendered":"https:\/\/tveventos.tv.br\/?p=834"},"modified":"2024-03-04T14:01:58","modified_gmt":"2024-03-04T17:01:58","slug":"mes-da-mulher-atracoes-no-centro-de-sp-enfatizam-a-representatividade-feminina-atraves-da-arte-e-da-historia","status":"publish","type":"post","link":"https:\/\/tveventos.tv.br\/?p=834","title":{"rendered":"M\u00eas da Mulher: atra\u00e7\u00f5es no Centro de SP enfatizam a representatividade feminina atrav\u00e9s da arte e da hist\u00f3ria"},"content":{"rendered":"\n<p><em>Passeio gratuito que conta hist\u00f3rias de figuras femininas que foram fundamentais no processo de forma\u00e7\u00e3o da cidade e exposi\u00e7\u00e3o que d\u00e1 visibilidade para artistas mulheres cis ou trans e pessoas n\u00e3o-bin\u00e1rias s\u00e3o os destaques de mar\u00e7o do P\u00e1tio Metr\u00f4 S\u00e3o Bento<\/em><\/p>\n\n\n\n<p>Para comemorar o M\u00eas da Mulher, o P\u00e1tio Metr\u00f4 S\u00e3o Bento preparou uma programa\u00e7\u00e3o especial para dar visibilidade ao tema. Entre as atividades, est\u00e1 o <strong>\u201cTour Guiado &#8211; Mulheres na Hist\u00f3ria de S\u00e3o Paulo\u201d<\/strong>, que retorna ao Centro de SP e homenageia figuras femininas que desempenharam papel importante e atuaram na cidade. O passeio, que \u00e9 totalmente gratuito, \u00e9 uma parceria realizada pelo P\u00e1tio Metr\u00f4 S\u00e3o Bento com o Caminhos do Tri\u00e2ngulo, e est\u00e1 previsto para acontecer durante todos os s\u00e1bados de mar\u00e7o e abril.<\/p>\n\n\n\n<p>Com retirada de senhas no local a partir das 10h30, o roteiro tem sa\u00edda do P\u00e1tio Metr\u00f4 S\u00e3o Bento \u2013 Pra\u00e7a da Colmeia (dentro da esta\u00e7\u00e3o S\u00e3o Bento do metr\u00f4), e percorre a famosa regi\u00e3o do Tri\u00e2ngulo Hist\u00f3rico do Centro. O Tour conta as hist\u00f3rias dessas grandes mulheres, como elas viviam e quais foram os seus pap\u00e9is no processo de forma\u00e7\u00e3o de S\u00e3o Paulo, considerando os aspectos social, educacional, e cultural.<\/p>\n\n\n\n<p>A atividade faz uma verdadeira viagem no tempo e na hist\u00f3ria desde o per\u00edodo colonial at\u00e9 a rep\u00fablica. E mostra como, mesmo em uma sociedade patriarcal e machista, essas mulheres atuaram na constru\u00e7\u00e3o da cidade.<\/p>\n\n\n\n<p>Um dos pontos de destaque do passeio est\u00e1 no trajeto que leva at\u00e9 a Solar da Marquesa de Santos, lugar que j\u00e1 foi conhecido como o casar\u00e3o habitado por Domitila de Castro Canto e Melo. Conhecida por muitos como a Marquesa de Santos que se envolveu com Dom Pedro I, o passeio mostra que&nbsp; Domitila contribuiu muito para o cen\u00e1rio intelectual e cultural de S\u00e3o Paulo, al\u00e9m de ajudar pessoas que viviam em condi\u00e7\u00f5es de vulnerabilidade.<\/p>\n\n\n\n<p>J\u00e1 a primeira mulher a graduar-se em Direito pela Universidade de S\u00e3o Paulo, bem como a primeira a exercer a profiss\u00e3o de advogada na cidade, Maria Augusta Saraiva, influenciou e ainda influencia milhares de jovens todos os dias. Bartira, Dona Ana Pimentel, Yolanda Penteado e tantas outras mulheres conhecidas e an\u00f4nimas tamb\u00e9m est\u00e3o entre as figuras que, at\u00e9 hoje, est\u00e3o presentes nas constru\u00e7\u00f5es, monumentos, identidade e mem\u00f3ria da cidade.<\/p>\n\n\n\n<p><strong>Confira o trajeto completo:<\/strong><\/p>\n\n\n\n<p><strong>&#8211; Ponto de encontro:<\/strong> P\u00e1tio Metr\u00f4 S\u00e3o Bento<\/p>\n\n\n\n<p>&#8211; Rua Boa Vista (Associa\u00e7\u00e3o Comercial de S. Paulo, Ladeira Porto Geral, Antigo escrit\u00f3rio Ramos de Azevedo)<\/p>\n\n\n\n<p>&#8211; Patteo do Collegio<\/p>\n\n\n\n<p>&#8211; Casa 1, Beco do Pinto, Solar da Marquesa de Santos<\/p>\n\n\n\n<p>&#8211; Largo S\u00e3o Francisco<\/p>\n\n\n\n<p>&#8211; Rua S\u00e3o Bento ( Largo do Caf\u00e9, Pra\u00e7a Ant\u00f4nio Prado, Edif\u00edcio Martinelli)<\/p>\n\n\n\n<p>&#8211; Largo S\u00e3o Bento \/ Mosteiro de S\u00e3o Bento<\/p>\n\n\n\n<p>&#8211; \u00daltima parada: P\u00e1tio Metr\u00f4 S\u00e3o Bento<\/p>\n\n\n\n<p><strong>Servi\u00e7o:<\/strong><\/p>\n\n\n\n<p><strong>Tour Guiado &#8211; Mulheres na Hist\u00f3ria de S\u00e3o Paulo<\/strong><\/p>\n\n\n\n<p><strong>Quando:<\/strong> todos os s\u00e1bados de mar\u00e7o e abril<br><strong>Valor:<\/strong> Gratuito, com retirada de senhas no local a partir das 10h30. Sujeito a lota\u00e7\u00e3o.<\/p>\n\n\n\n<p><strong>Local: <\/strong>P\u00e1tio Metr\u00f4 S\u00e3o Bento \u2013 Pra\u00e7a da Colmeia (dentro da esta\u00e7\u00e3o S\u00e3o Bento do metr\u00f4)<\/p>\n\n\n\n<p><strong>Endere\u00e7o:<\/strong> Largo S\u00e3o Bento, 109 \u2013 dentro do metr\u00f4 S\u00e3o Bento<\/p>\n\n\n\n<p><strong>Realiza\u00e7\u00e3o:<\/strong> P\u00e1tio Metr\u00f4 S\u00e3o Bento e Caminhos do Tri\u00e2ngulo<\/p>\n\n\n\n<p><strong>Exposi\u00e7\u00e3o que d\u00e1 visibilidade para artistas faz convite ao passado e traz reflex\u00f5es sobre o futuro<\/strong><\/p>\n\n\n\n<p>A segunda atra\u00e7\u00e3o, a&nbsp; exposi\u00e7\u00e3o<strong> ilustraDELAS,<\/strong> programada para o dia 8 de mar\u00e7o, Dia Internacional da Mulher, far\u00e1 sua 4\u00aa edi\u00e7\u00e3o , com o objetivo de dar visibilidade ao trabalho de artistas mulheres, cis ou trans e pessoas n\u00e3o-bin\u00e1rias, que atuam no ramo da ilustra\u00e7\u00e3o e das artes visuais em geral. Com curadoria de Anita Lazarim e Isabela Parr\u00f3n, neste ano o p\u00fablico \u00e9 convidado&nbsp; a refletir sobre &#8220;vis\u00f5es vindouras&#8221;, levantando a quest\u00e3o: \u00c9 poss\u00edvel um futuro? Diante do contexto de crescente desigualdade social p\u00f3s-pandemia de covid-19, o agravamento de desastres ambientais e a prolifera\u00e7\u00e3o de intelig\u00eancia artificial e tecnologias de controle social, quais horizontes e possibilidades de mundo o futuro abriga? Como chegaremos l\u00e1?<\/p>\n\n\n\n<p>A exposi\u00e7\u00e3o aponta como diferentes artistas elaboram visualmente esse futuro, reunindo obras que mobilizam muitos temas e t\u00e9cnicas art\u00edsticas, apresentando algumas min\u00facias e sutilezas do cotidiano, vozes em conflito, rela\u00e7\u00f5es de afeto e cuidado, universos on\u00edricos,&nbsp; anseios e algumas estrat\u00e9gias de luta.&nbsp;<\/p>\n\n\n\n<p>A diversidade \u00e9 marcante tanto nas obras selecionadas quanto nas artistas, provenientes de variados pertencimentos raciais, faixas et\u00e1rias e diferentes regi\u00f5es do pa\u00eds. Assim, mais um ano, <em>ilustraDELAS <\/em>apresenta uma sele\u00e7\u00e3o de tra\u00e7os ilustres, deixando evidente o brilho, a for\u00e7a, e o empenho das mulheres, em cores e contornos, dos futuros sonhados, dos futuros a serem contestados e dos futuros conquistados.&nbsp;<\/p>\n\n\n\n<p><strong>Servi\u00e7o:&nbsp;<\/strong><\/p>\n\n\n\n<p><strong>4\u00aa ilustraDELAS- Ilustrando futuros&nbsp;<\/strong><\/p>\n\n\n\n<p><strong>Quando:<\/strong> a partir de 08 de mar\u00e7o de 2024<\/p>\n\n\n\n<p><strong>Hor\u00e1rio<\/strong>: das 6 \u00e0s 22 horas<\/p>\n\n\n\n<p><strong>Local:<\/strong> P\u00e1tio Metr\u00f4 S\u00e3o Bento<\/p>\n\n\n\n<p><strong>Entrada:<\/strong> Gr\u00e1tis<\/p>\n\n\n\n<p><strong>Realiza\u00e7\u00e3o: <\/strong>P\u00e1tio Metr\u00f4 S\u00e3o Bento<\/p>\n\n\n\n<p><strong>Sobre o P\u00e1tio Metr\u00f4 S\u00e3o Bento<\/strong><\/p>\n\n\n\n<p>O P\u00e1tio Metr\u00f4 S\u00e3o Bento \u00e9 um centro comercial, cultural e gastron\u00f4mico ao ar livre, situado no Centro da cidade, aos p\u00e9s do mosteiro de mesmo nome, um dos principais cart\u00f5es postais paulistanos. O acesso ao P\u00e1tio tamb\u00e9m \u00e9 privilegiado, atrav\u00e9s da esta\u00e7\u00e3o S\u00e3o Bento do Metr\u00f4. O local atende aos mais de 3 milh\u00f5es de passageiros que circulam pela regi\u00e3o, como uma op\u00e7\u00e3o agrad\u00e1vel, pr\u00e1tica e segura de aproveitar o melhor do Centro. A Pra\u00e7a da Colmeia, espa\u00e7o de eventos do local, recebe atra\u00e7\u00f5es culturais regularmente, oferecidas sempre de maneira gratuita \u00e0 popula\u00e7\u00e3o.<\/p>\n\n\n\n<p><strong>Acesse:<\/strong><\/p>\n\n\n\n<p><a href=\"http:\/\/patiosaobento.com.br\/\">patiosaobento.com.br\/<\/a><\/p>\n\n\n\n<p><a href=\"http:\/\/facebook.com\/patiometrosaobento\">facebook.com\/patiometrosaobento<\/a><\/p>\n\n\n\n<p><a href=\"http:\/\/instagram.com\/patiometrosaobento\">instagram.com\/patiometrosaobento<\/a><\/p>\n","protected":false},"excerpt":{"rendered":"<p>Passeio gratuito que conta hist\u00f3rias de figuras femininas que foram fundamentais no processo de forma\u00e7\u00e3o da cidade e exposi\u00e7\u00e3o que d\u00e1 visibilidade para artistas mulheres cis ou trans e pessoas n\u00e3o-bin\u00e1rias s\u00e3o os destaques de mar\u00e7o do P\u00e1tio Metr\u00f4 S\u00e3o Bento Para comemorar o M\u00eas da Mulher, o P\u00e1tio Metr\u00f4 S\u00e3o Bento preparou uma programa\u00e7\u00e3o [&hellip;]<\/p>\n","protected":false},"author":2,"featured_media":835,"comment_status":"open","ping_status":"open","sticky":false,"template":"","format":"standard","meta":{"footnotes":""},"categories":[1],"tags":[],"class_list":{"0":"post-834","1":"post","2":"type-post","3":"status-publish","4":"format-standard","5":"has-post-thumbnail","7":"category-workshopsepalestras"},"_links":{"self":[{"href":"https:\/\/tveventos.tv.br\/index.php?rest_route=\/wp\/v2\/posts\/834","targetHints":{"allow":["GET"]}}],"collection":[{"href":"https:\/\/tveventos.tv.br\/index.php?rest_route=\/wp\/v2\/posts"}],"about":[{"href":"https:\/\/tveventos.tv.br\/index.php?rest_route=\/wp\/v2\/types\/post"}],"author":[{"embeddable":true,"href":"https:\/\/tveventos.tv.br\/index.php?rest_route=\/wp\/v2\/users\/2"}],"replies":[{"embeddable":true,"href":"https:\/\/tveventos.tv.br\/index.php?rest_route=%2Fwp%2Fv2%2Fcomments&post=834"}],"version-history":[{"count":1,"href":"https:\/\/tveventos.tv.br\/index.php?rest_route=\/wp\/v2\/posts\/834\/revisions"}],"predecessor-version":[{"id":836,"href":"https:\/\/tveventos.tv.br\/index.php?rest_route=\/wp\/v2\/posts\/834\/revisions\/836"}],"wp:featuredmedia":[{"embeddable":true,"href":"https:\/\/tveventos.tv.br\/index.php?rest_route=\/wp\/v2\/media\/835"}],"wp:attachment":[{"href":"https:\/\/tveventos.tv.br\/index.php?rest_route=%2Fwp%2Fv2%2Fmedia&parent=834"}],"wp:term":[{"taxonomy":"category","embeddable":true,"href":"https:\/\/tveventos.tv.br\/index.php?rest_route=%2Fwp%2Fv2%2Fcategories&post=834"},{"taxonomy":"post_tag","embeddable":true,"href":"https:\/\/tveventos.tv.br\/index.php?rest_route=%2Fwp%2Fv2%2Ftags&post=834"}],"curies":[{"name":"wp","href":"https:\/\/api.w.org\/{rel}","templated":true}]}}